{"id":138,"date":"2017-06-18T17:57:16","date_gmt":"2017-06-18T17:57:16","guid":{"rendered":"http:\/\/magdalenagrande.com\/blog\/?p=138"},"modified":"2022-01-18T14:11:53","modified_gmt":"2022-01-18T14:11:53","slug":"alta-sensibilidad","status":"publish","type":"post","link":"https:\/\/magdalenagrande.com\/blog\/alta-sensibilidad\/","title":{"rendered":"Alta sensibilidad"},"content":{"rendered":"<p><strong>Descubriendo la alta sensibilidad&#8230;<\/strong><\/p>\n<p>Descubr\u00ed la alta sensibilidad hace unos cinco a\u00f1os y \u00a1qu\u00e9 pena no haberlo hecho antes!<\/p>\n<p>Fue al buscar informaci\u00f3n sobre las \u00abpeculiaridades\u00bb que estaba mostrando mi hija y que no era capaz de gestionar de forma adecuada (o no tan adecuada como yo pensaba).<\/p>\n<p>Los ni\u00f1os que tienen alta sensibilidad tienen ciertas caracter\u00edsticas que pueden ser llamativas vistas \u00abdesde fuera\u00bb: llantos m\u00e1s a menudo \u00abde lo normal\u00bb (maldita categor\u00eda esta de ser\/no ser normal), emocionalidad a flor de piel, dificultades en las reuniones con mucha gente, problemas para la interacci\u00f3n con desconocidos (incluso a veces con conocidos), reacciones exageradas ante estimulaciones fuertes (ruidos, luces, temperaturas&#8230;).<\/p>\n<p>Descubr\u00ed que exponer a mi ni\u00f1a de dos a\u00f1os a una fiesta de cumplea\u00f1os en un chiquipark estaba representando para ella, ni m\u00e1s ni menos, que una aut\u00e9ntica tortura. Y yo no pod\u00eda entender nada: a mi me parec\u00eda que estaba exagerando y que ten\u00eda que acostumbrarse.<\/p>\n<p><strong>Buscando ayuda<\/strong><\/p>\n<p>Buscando en \u00absan google\u00bb encontr\u00e9 la web de <a href=\"http:\/\/personasaltamentesensibles.com\/\">Karina Zegers de Bejil<\/a>, que hablaba sobre la alta sensibilidad y ni\u00f1os altamente sensibles y descubr\u00ed que los astros se hab\u00edan alineado porque ella viv\u00eda tambi\u00e9n en Mallorca. El siguiente paso estaba claro: ir a verla.<\/p>\n<p>Karina me ayud\u00f3 a entender qu\u00e9 tipo de ayuda pod\u00eda ofrecerle a mi hija. Hasta ese momento, mis conocimientos sobre psicolog\u00eda me dec\u00edan que si a ella le daban miedo ciertas cosas, ten\u00eda que \u00abexponerla\u00bb a ellas, de forma gradual pero a la vista estaba que ese m\u00e9todo no estaba funcionando.<\/p>\n<p>Karina me dijo algo que lo cambi\u00f3 todo: \u00abellos tienen que sentir que este mundo es un lugar seguro\u00bb. Desde entonces, es una de las m\u00e1ximas que procuro utilizar.<\/p>\n<p><strong>Educando a ni\u00f1os altamente sensibles<\/strong><\/p>\n<p>Cada ni\u00f1o altamente sensible es un mundo, con su personalidad, sus caracter\u00edsticas propias, sus preferencias y gustos, etc. La alta sensibilidad no es m\u00e1s que una caracter\u00edstica m\u00e1s de su forma de ser, s\u00f3lo que al ser ni\u00f1os quiz\u00e1 es m\u00e1s \u00abllamativa\u00bb que de adultos. Nosotros aprendemos a \u00abcontrolarlo\u00bb o tratar de hacerlo menos visible, aunque esa no es la mejor forma de vivir la alta sensibilidad.<\/p>\n<p>En nuestro caso, aprendimos sobre la gesti\u00f3n emocional y los buenos frutos que nos daba. Ense\u00f1arles a poner nombre a sus emociones, identificarlas y saber gestionarlos ha sido la mejor de las respuestas que hemos encontrado. Tambi\u00e9n ense\u00f1arles a hablar las cosas, a poner palabras que el otro pueda entender, a pedir, a decir que no&#8230; Para los miedos se ha hecho necesaria la progresiva y muy gradual exposici\u00f3n a ellos pero siempre \u00abde nuestra mano\u00bb (al principio f\u00edsica y m\u00e1s tarde metaf\u00f3rica). Hemos dejado los saltos al vac\u00edo para cuando est\u00e9n preparados y quieran.<\/p>\n<p>Est\u00e1 claro que cuando yo cambi\u00e9, ella tambi\u00e9n lo hizo. De hecho, todo cambi\u00f3.<\/p>\n<p><strong>Mi propia sensibilidad<\/strong><\/p>\n<p>Lo m\u00e1s gracioso cuando uno descubre que su hijo es altamente sensible es que, a su vez, descubres tu propia sensibilidad. Exista una gran probabilidad, a nivel gen\u00e9tico, de que si tu hijo es altamente sensible uno de los progenitores tambi\u00e9n lo sea.<\/p>\n<p>En general, huyo de las etiquetas por lo que quiz\u00e1 me est\u00e1 costando algo m\u00e1s de la cuenta asumir que, en realidad, ya es de esta forma.<\/p>\n<p>Seguramente, bastantes de las cosas que viv\u00ed hace tiempo y c\u00f3mo las viv\u00ed tienen su respuesta en esa alta sensibilidad. Tener una explicaci\u00f3n es gratificante y te da mucha paz, siempre que eso no se convierta en una \u00abexcusa\u00bb a la que aferrarse.<\/p>\n<p>Si eres altamente sensible y tienes dudas, puedes ponerte en contacto con la asociaci\u00f3n o conmigo, para que te puedan\/podamos orientar de forma adecuada.<\/p>\n","protected":false},"excerpt":{"rendered":"<p>Descubriendo la alta sensibilidad&#8230; Descubr\u00ed la alta sensibilidad hace unos cinco a\u00f1os y \u00a1qu\u00e9 pena no haberlo hecho antes! Fue al buscar informaci\u00f3n sobre las \u00abpeculiaridades\u00bb que estaba mostrando mi hija y que no era capaz de gestionar de forma adecuada (o no tan adecuada como yo pensaba). Los ni\u00f1os que tienen alta sensibilidad tienen [&hellip;]<\/p>\n","protected":false},"author":1,"featured_media":139,"comment_status":"open","ping_status":"open","sticky":false,"template":"","format":"standard","meta":{"sfsi_plus_gutenberg_text_before_share":"","sfsi_plus_gutenberg_show_text_before_share":"","sfsi_plus_gutenberg_icon_type":"","sfsi_plus_gutenberg_icon_alignemt":"","sfsi_plus_gutenburg_max_per_row":"","footnotes":""},"categories":[1,10,9,65],"tags":[60,63,59,61,62],"class_list":["post-138","post","type-post","status-publish","format-standard","has-post-thumbnail","hentry","category-auda","category-emociones","category-paternidad","category-personas-y-ninos-altamente-sensibles","tag-alta-sensiblidad","tag-educar-en-emociones","tag-hijos","tag-ninos-altamente-sensibles","tag-personas-altamente-sensibles"],"yoast_head":"<!-- This site is optimized with the Yoast SEO plugin v17.0 - https:\/\/yoast.com\/wordpress\/plugins\/seo\/ -->\n<title>Alta sensibilidad - Blog de Magdalena Grande<\/title>\n<meta name=\"robots\" content=\"index, follow, max-snippet:-1, max-image-preview:large, max-video-preview:-1\" \/>\n<link rel=\"canonical\" href=\"https:\/\/magdalenagrande.com\/blog\/alta-sensibilidad\/\" \/>\n<meta property=\"og:locale\" content=\"es_ES\" \/>\n<meta property=\"og:type\" content=\"article\" \/>\n<meta property=\"og:title\" content=\"Alta sensibilidad - Blog de Magdalena Grande\" \/>\n<meta property=\"og:description\" content=\"Descubriendo la alta sensibilidad&#8230; Descubr\u00ed la alta sensibilidad hace unos cinco a\u00f1os y \u00a1qu\u00e9 pena no haberlo hecho antes! Fue al buscar informaci\u00f3n sobre las \u00abpeculiaridades\u00bb que estaba mostrando mi hija y que no era capaz de gestionar de forma adecuada (o no tan adecuada como yo pensaba). Los ni\u00f1os que tienen alta sensibilidad tienen [&hellip;]\" \/>\n<meta property=\"og:url\" content=\"https:\/\/magdalenagrande.com\/blog\/alta-sensibilidad\/\" \/>\n<meta property=\"og:site_name\" content=\"Blog de Magdalena Grande\" \/>\n<meta property=\"article:published_time\" content=\"2017-06-18T17:57:16+00:00\" \/>\n<meta property=\"article:modified_time\" content=\"2022-01-18T14:11:53+00:00\" \/>\n<meta property=\"og:image\" content=\"https:\/\/magdalenagrande.com\/blog\/wp-content\/uploads\/2017\/06\/eduardo-espinoza-raggi.jpg\" \/>\n\t<meta property=\"og:image:width\" content=\"800\" \/>\n\t<meta property=\"og:image:height\" content=\"450\" \/>\n<meta name=\"twitter:card\" content=\"summary\" \/>\n<meta name=\"twitter:label1\" content=\"Escrito por\" \/>\n\t<meta name=\"twitter:data1\" content=\"magdalena_grande\" \/>\n\t<meta name=\"twitter:label2\" content=\"Tiempo de lectura\" \/>\n\t<meta name=\"twitter:data2\" content=\"3 minutos\" \/>\n<script type=\"application\/ld+json\" class=\"yoast-schema-graph\">{\"@context\":\"https:\/\/schema.org\",\"@graph\":[{\"@type\":\"WebSite\",\"@id\":\"https:\/\/magdalenagrande.com\/blog\/#website\",\"url\":\"https:\/\/magdalenagrande.com\/blog\/\",\"name\":\"Blog de Magdalena Grande\",\"description\":\"Crecimiento personal, alta sensibilidad y educaci\\u00f3n emocional\",\"potentialAction\":[{\"@type\":\"SearchAction\",\"target\":{\"@type\":\"EntryPoint\",\"urlTemplate\":\"https:\/\/magdalenagrande.com\/blog\/?s={search_term_string}\"},\"query-input\":\"required name=search_term_string\"}],\"inLanguage\":\"es\"},{\"@type\":\"ImageObject\",\"@id\":\"https:\/\/magdalenagrande.com\/blog\/alta-sensibilidad\/#primaryimage\",\"inLanguage\":\"es\",\"url\":\"https:\/\/magdalenagrande.com\/blog\/wp-content\/uploads\/2017\/06\/eduardo-espinoza-raggi.jpg\",\"contentUrl\":\"https:\/\/magdalenagrande.com\/blog\/wp-content\/uploads\/2017\/06\/eduardo-espinoza-raggi.jpg\",\"width\":800,\"height\":450},{\"@type\":\"WebPage\",\"@id\":\"https:\/\/magdalenagrande.com\/blog\/alta-sensibilidad\/#webpage\",\"url\":\"https:\/\/magdalenagrande.com\/blog\/alta-sensibilidad\/\",\"name\":\"Alta sensibilidad - Blog de Magdalena Grande\",\"isPartOf\":{\"@id\":\"https:\/\/magdalenagrande.com\/blog\/#website\"},\"primaryImageOfPage\":{\"@id\":\"https:\/\/magdalenagrande.com\/blog\/alta-sensibilidad\/#primaryimage\"},\"datePublished\":\"2017-06-18T17:57:16+00:00\",\"dateModified\":\"2022-01-18T14:11:53+00:00\",\"author\":{\"@id\":\"https:\/\/magdalenagrande.com\/blog\/#\/schema\/person\/f8460fd9e22f0d0d09ef55ae7a4f6791\"},\"breadcrumb\":{\"@id\":\"https:\/\/magdalenagrande.com\/blog\/alta-sensibilidad\/#breadcrumb\"},\"inLanguage\":\"es\",\"potentialAction\":[{\"@type\":\"ReadAction\",\"target\":[\"https:\/\/magdalenagrande.com\/blog\/alta-sensibilidad\/\"]}]},{\"@type\":\"BreadcrumbList\",\"@id\":\"https:\/\/magdalenagrande.com\/blog\/alta-sensibilidad\/#breadcrumb\",\"itemListElement\":[{\"@type\":\"ListItem\",\"position\":1,\"name\":\"Portada\",\"item\":\"https:\/\/magdalenagrande.com\/blog\/\"},{\"@type\":\"ListItem\",\"position\":2,\"name\":\"Alta sensibilidad\"}]},{\"@type\":\"Person\",\"@id\":\"https:\/\/magdalenagrande.com\/blog\/#\/schema\/person\/f8460fd9e22f0d0d09ef55ae7a4f6791\",\"name\":\"magdalena_grande\"}]}<\/script>\n<!-- \/ Yoast SEO plugin. -->","yoast_head_json":{"title":"Alta sensibilidad - Blog de Magdalena Grande","robots":{"index":"index","follow":"follow","max-snippet":"max-snippet:-1","max-image-preview":"max-image-preview:large","max-video-preview":"max-video-preview:-1"},"canonical":"https:\/\/magdalenagrande.com\/blog\/alta-sensibilidad\/","og_locale":"es_ES","og_type":"article","og_title":"Alta sensibilidad - Blog de Magdalena Grande","og_description":"Descubriendo la alta sensibilidad&#8230; Descubr\u00ed la alta sensibilidad hace unos cinco a\u00f1os y \u00a1qu\u00e9 pena no haberlo hecho antes! Fue al buscar informaci\u00f3n sobre las \u00abpeculiaridades\u00bb que estaba mostrando mi hija y que no era capaz de gestionar de forma adecuada (o no tan adecuada como yo pensaba). Los ni\u00f1os que tienen alta sensibilidad tienen [&hellip;]","og_url":"https:\/\/magdalenagrande.com\/blog\/alta-sensibilidad\/","og_site_name":"Blog de Magdalena Grande","article_published_time":"2017-06-18T17:57:16+00:00","article_modified_time":"2022-01-18T14:11:53+00:00","og_image":[{"width":800,"height":450,"url":"https:\/\/magdalenagrande.com\/blog\/wp-content\/uploads\/2017\/06\/eduardo-espinoza-raggi.jpg","path":"\/home\/largecupcake\/public_html\/blog\/wp-content\/uploads\/2017\/06\/eduardo-espinoza-raggi.jpg","size":"full","id":139,"alt":"","pixels":360000,"type":"image\/jpeg"}],"twitter_card":"summary","twitter_misc":{"Escrito por":"magdalena_grande","Tiempo de lectura":"3 minutos"},"schema":{"@context":"https:\/\/schema.org","@graph":[{"@type":"WebSite","@id":"https:\/\/magdalenagrande.com\/blog\/#website","url":"https:\/\/magdalenagrande.com\/blog\/","name":"Blog de Magdalena Grande","description":"Crecimiento personal, alta sensibilidad y educaci\u00f3n emocional","potentialAction":[{"@type":"SearchAction","target":{"@type":"EntryPoint","urlTemplate":"https:\/\/magdalenagrande.com\/blog\/?s={search_term_string}"},"query-input":"required name=search_term_string"}],"inLanguage":"es"},{"@type":"ImageObject","@id":"https:\/\/magdalenagrande.com\/blog\/alta-sensibilidad\/#primaryimage","inLanguage":"es","url":"https:\/\/magdalenagrande.com\/blog\/wp-content\/uploads\/2017\/06\/eduardo-espinoza-raggi.jpg","contentUrl":"https:\/\/magdalenagrande.com\/blog\/wp-content\/uploads\/2017\/06\/eduardo-espinoza-raggi.jpg","width":800,"height":450},{"@type":"WebPage","@id":"https:\/\/magdalenagrande.com\/blog\/alta-sensibilidad\/#webpage","url":"https:\/\/magdalenagrande.com\/blog\/alta-sensibilidad\/","name":"Alta sensibilidad - Blog de Magdalena Grande","isPartOf":{"@id":"https:\/\/magdalenagrande.com\/blog\/#website"},"primaryImageOfPage":{"@id":"https:\/\/magdalenagrande.com\/blog\/alta-sensibilidad\/#primaryimage"},"datePublished":"2017-06-18T17:57:16+00:00","dateModified":"2022-01-18T14:11:53+00:00","author":{"@id":"https:\/\/magdalenagrande.com\/blog\/#\/schema\/person\/f8460fd9e22f0d0d09ef55ae7a4f6791"},"breadcrumb":{"@id":"https:\/\/magdalenagrande.com\/blog\/alta-sensibilidad\/#breadcrumb"},"inLanguage":"es","potentialAction":[{"@type":"ReadAction","target":["https:\/\/magdalenagrande.com\/blog\/alta-sensibilidad\/"]}]},{"@type":"BreadcrumbList","@id":"https:\/\/magdalenagrande.com\/blog\/alta-sensibilidad\/#breadcrumb","itemListElement":[{"@type":"ListItem","position":1,"name":"Portada","item":"https:\/\/magdalenagrande.com\/blog\/"},{"@type":"ListItem","position":2,"name":"Alta sensibilidad"}]},{"@type":"Person","@id":"https:\/\/magdalenagrande.com\/blog\/#\/schema\/person\/f8460fd9e22f0d0d09ef55ae7a4f6791","name":"magdalena_grande"}]}},"_links":{"self":[{"href":"https:\/\/magdalenagrande.com\/blog\/wp-json\/wp\/v2\/posts\/138","targetHints":{"allow":["GET"]}}],"collection":[{"href":"https:\/\/magdalenagrande.com\/blog\/wp-json\/wp\/v2\/posts"}],"about":[{"href":"https:\/\/magdalenagrande.com\/blog\/wp-json\/wp\/v2\/types\/post"}],"author":[{"embeddable":true,"href":"https:\/\/magdalenagrande.com\/blog\/wp-json\/wp\/v2\/users\/1"}],"replies":[{"embeddable":true,"href":"https:\/\/magdalenagrande.com\/blog\/wp-json\/wp\/v2\/comments?post=138"}],"version-history":[{"count":4,"href":"https:\/\/magdalenagrande.com\/blog\/wp-json\/wp\/v2\/posts\/138\/revisions"}],"predecessor-version":[{"id":708,"href":"https:\/\/magdalenagrande.com\/blog\/wp-json\/wp\/v2\/posts\/138\/revisions\/708"}],"wp:featuredmedia":[{"embeddable":true,"href":"https:\/\/magdalenagrande.com\/blog\/wp-json\/wp\/v2\/media\/139"}],"wp:attachment":[{"href":"https:\/\/magdalenagrande.com\/blog\/wp-json\/wp\/v2\/media?parent=138"}],"wp:term":[{"taxonomy":"category","embeddable":true,"href":"https:\/\/magdalenagrande.com\/blog\/wp-json\/wp\/v2\/categories?post=138"},{"taxonomy":"post_tag","embeddable":true,"href":"https:\/\/magdalenagrande.com\/blog\/wp-json\/wp\/v2\/tags?post=138"}],"curies":[{"name":"wp","href":"https:\/\/api.w.org\/{rel}","templated":true}]}}