{"id":143,"date":"2017-06-27T19:57:15","date_gmt":"2017-06-27T19:57:15","guid":{"rendered":"http:\/\/magdalenagrande.com\/blog\/?p=143"},"modified":"2017-08-31T18:54:41","modified_gmt":"2017-08-31T18:54:41","slug":"ninosaltamentesensibles","status":"publish","type":"post","link":"https:\/\/magdalenagrande.com\/blog\/ninosaltamentesensibles\/","title":{"rendered":"Ni\u00f1os altamente sensibles"},"content":{"rendered":"<p>Los ni\u00f1os altamente sensibles viven las emociones de una forma especialmente intensa. No creo que, siendo adultos, la forma de sentir sea distinta, sino que aprendemos a expresarlo (cuando lo aprendemos) de una forma socialmente m\u00e1s aceptada.<\/p>\n<p>Con los ni\u00f1os podemos hacer much\u00edsimas cosas para ense\u00f1arles a gestionar de una forma adecuada el c\u00f3mo viven y sienten, con su alta sensibilidad. Si conocemos de forma adecuada esta categor\u00eda, esta forma de personalidad, este continuo en el que nos situamos en el punto alto, nos resultar\u00e1 m\u00e1s f\u00e1cil entender ciertas situaciones del d\u00eda a d\u00eda con nuestros locos bajitos.<\/p>\n<p><strong>Asumir la responsabilidad de educar<\/strong><\/p>\n<p>En mi opini\u00f3n, la infancia de cualquier persona determina c\u00f3mo ser\u00e1 su vida en el futuro. No me refiero estricta y exclusivamente a nivel de conducta, sino en todos los niveles. C\u00f3mo educamos, lo que decimos y lo que no, las conductas que nos imitan sin siquiera ser conscientes, todo aquello con lo que van llenando sus peque\u00f1as mochilas marcar\u00e1 su ruta.<\/p>\n<p>\u00a1Menuda responsabilidad!<\/p>\n<p>Sin volverse locos, cabe tener en cuenta que un ni\u00f1o o ni\u00f1a con alta sensibilidad necesita aprender con m\u00e1s \u00aburgencia\u00bb que el resto (\u00a1todos lo necesitan!) qu\u00e9 son las emociones, por qu\u00e9 sienten lo que sienten, a poner nombre concreto a eso que les aprieta el pecho o a lo que les hace llorar (sea tristeza, rabia, impotencia, nostalgia, alegr\u00eda o ilusi\u00f3n&#8230;).<\/p>\n<p><strong>Verbalizar lo que sentimos <\/strong><\/p>\n<p>De esta forma, poner nombre a lo que sentimos y aprender a trasladarlo en palabras es una de las cosas m\u00e1s pr\u00e1cticas y m\u00e1s \u00fatiles que podemos hacer con nuestros hijos o alumnos, sean PAS o no. Podr\u00eda sorprendernos que esta \u00abtonter\u00eda\u00bb sea tan potente con ellos pero no lo es tanto si pensamos en nosotros mismos: un mal d\u00eda en el trabajo, agobio de por todos lados, todo sale mal, te peleas con tu mejor amigo&#8230; \u00bfQu\u00e9 pasa si te lo quedas para ti y no lo cuentas a nadie? Seguramente s\u00f3lo leyendo esto ya est\u00e1s teniendo esa sensaci\u00f3n de ardor de est\u00f3mago (somatizaci\u00f3n). Por otro lado, \u00bfqu\u00e9 pasa si eres capaz de decirle a tu amigo lo que te sucede, compartes con tu familia el penoso d\u00eda de trabajo, y \u00absacas fuera\u00bb todo eso? Alivio total, \u00bfverdad? \u00a1Es tan sencillo!<\/p>\n<p><strong>Y ense\u00f1arlo&#8230;<\/strong><\/p>\n<p>Los ni\u00f1os necesitan aprenderlo para saber hacerlo y, para ello, necesitan que les ense\u00f1emos: \u00bfqu\u00e9 est\u00e1s sintiendo ahora?, \u00bfhay algo que puedas hacer para que se te pase?, \u00bfhay algo que yo pueda hacer?, \u00bfCrees que puede ayudar un abrazo?&#8230; hay mil preguntas para guiarles a descubrirlo, hasta que sean ellos solos capaces de hacerlo.<\/p>\n<p>Te invito, como siempre, a probar&#8230; \u00a1a ver qu\u00e9 pasa!<\/p>\n<p>En los casos de los ni\u00f1os con alta sensibilidad, si no pueden verbalizar lo que sienten llegan a un punto donde no entienden nada sobre lo que les sucede: sienten una y mil cosas y no son capaces de distinguirlas, ni etiquetarlas y \u00a1mucho menos hacer algo con ellas!<\/p>\n<p>Insisto, PAS o no, \u00a1funciona!<\/p>\n<p>\u00a1Contadme! \ud83d\ude09<\/p>\n<p>Magdalena<\/p>\n","protected":false},"excerpt":{"rendered":"<p>Los ni\u00f1os altamente sensibles viven las emociones de una forma especialmente intensa. No creo que, siendo adultos, la forma de sentir sea distinta, sino que aprendemos a expresarlo (cuando lo aprendemos) de una forma socialmente m\u00e1s aceptada. Con los ni\u00f1os podemos hacer much\u00edsimas cosas para ense\u00f1arles a gestionar de una forma adecuada el c\u00f3mo viven [&hellip;]<\/p>\n","protected":false},"author":1,"featured_media":146,"comment_status":"open","ping_status":"open","sticky":false,"template":"","format":"standard","meta":{"sfsi_plus_gutenberg_text_before_share":"","sfsi_plus_gutenberg_show_text_before_share":"","sfsi_plus_gutenberg_icon_type":"","sfsi_plus_gutenberg_icon_alignemt":"","sfsi_plus_gutenburg_max_per_row":"","footnotes":""},"categories":[10,65,2],"tags":[60,67,26,52,61,66,62],"class_list":["post-143","post","type-post","status-publish","format-standard","has-post-thumbnail","hentry","category-emociones","category-personas-y-ninos-altamente-sensibles","category-psicologia","tag-alta-sensiblidad","tag-educar","tag-emociones","tag-ninos","tag-ninos-altamente-sensibles","tag-pas","tag-personas-altamente-sensibles"],"yoast_head":"<!-- This site is optimized with the Yoast SEO plugin v17.0 - https:\/\/yoast.com\/wordpress\/plugins\/seo\/ -->\n<title>Ni\u00f1os altamente sensibles - Blog de Magdalena Grande<\/title>\n<meta name=\"robots\" content=\"index, follow, max-snippet:-1, max-image-preview:large, max-video-preview:-1\" \/>\n<link rel=\"canonical\" href=\"https:\/\/magdalenagrande.com\/blog\/ninosaltamentesensibles\/\" \/>\n<meta property=\"og:locale\" content=\"es_ES\" \/>\n<meta property=\"og:type\" content=\"article\" \/>\n<meta property=\"og:title\" content=\"Ni\u00f1os altamente sensibles - Blog de Magdalena Grande\" \/>\n<meta property=\"og:description\" content=\"Los ni\u00f1os altamente sensibles viven las emociones de una forma especialmente intensa. No creo que, siendo adultos, la forma de sentir sea distinta, sino que aprendemos a expresarlo (cuando lo aprendemos) de una forma socialmente m\u00e1s aceptada. Con los ni\u00f1os podemos hacer much\u00edsimas cosas para ense\u00f1arles a gestionar de una forma adecuada el c\u00f3mo viven [&hellip;]\" \/>\n<meta property=\"og:url\" content=\"https:\/\/magdalenagrande.com\/blog\/ninosaltamentesensibles\/\" \/>\n<meta property=\"og:site_name\" content=\"Blog de Magdalena Grande\" \/>\n<meta property=\"article:published_time\" content=\"2017-06-27T19:57:15+00:00\" \/>\n<meta property=\"article:modified_time\" content=\"2017-08-31T18:54:41+00:00\" \/>\n<meta property=\"og:image\" content=\"http:\/\/magdalenagrande.com\/blog\/wp-content\/uploads\/2017\/06\/jordan-whitt.jpg\" \/>\n\t<meta property=\"og:image:width\" content=\"800\" \/>\n\t<meta property=\"og:image:height\" content=\"534\" \/>\n<meta name=\"twitter:card\" content=\"summary\" \/>\n<meta name=\"twitter:label1\" content=\"Escrito por\" \/>\n\t<meta name=\"twitter:data1\" content=\"magdalena_grande\" \/>\n\t<meta name=\"twitter:label2\" content=\"Tiempo de lectura\" \/>\n\t<meta name=\"twitter:data2\" content=\"3 minutos\" \/>\n<script type=\"application\/ld+json\" class=\"yoast-schema-graph\">{\"@context\":\"https:\/\/schema.org\",\"@graph\":[{\"@type\":\"WebSite\",\"@id\":\"https:\/\/magdalenagrande.com\/blog\/#website\",\"url\":\"https:\/\/magdalenagrande.com\/blog\/\",\"name\":\"Blog de Magdalena Grande\",\"description\":\"Crecimiento personal, alta sensibilidad y educaci\\u00f3n emocional\",\"potentialAction\":[{\"@type\":\"SearchAction\",\"target\":{\"@type\":\"EntryPoint\",\"urlTemplate\":\"https:\/\/magdalenagrande.com\/blog\/?s={search_term_string}\"},\"query-input\":\"required name=search_term_string\"}],\"inLanguage\":\"es\"},{\"@type\":\"ImageObject\",\"@id\":\"https:\/\/magdalenagrande.com\/blog\/ninosaltamentesensibles\/#primaryimage\",\"inLanguage\":\"es\",\"url\":\"https:\/\/magdalenagrande.com\/blog\/wp-content\/uploads\/2017\/06\/jordan-whitt.jpg\",\"contentUrl\":\"https:\/\/magdalenagrande.com\/blog\/wp-content\/uploads\/2017\/06\/jordan-whitt.jpg\",\"width\":800,\"height\":534},{\"@type\":\"WebPage\",\"@id\":\"https:\/\/magdalenagrande.com\/blog\/ninosaltamentesensibles\/#webpage\",\"url\":\"https:\/\/magdalenagrande.com\/blog\/ninosaltamentesensibles\/\",\"name\":\"Ni\\u00f1os altamente sensibles - Blog de Magdalena Grande\",\"isPartOf\":{\"@id\":\"https:\/\/magdalenagrande.com\/blog\/#website\"},\"primaryImageOfPage\":{\"@id\":\"https:\/\/magdalenagrande.com\/blog\/ninosaltamentesensibles\/#primaryimage\"},\"datePublished\":\"2017-06-27T19:57:15+00:00\",\"dateModified\":\"2017-08-31T18:54:41+00:00\",\"author\":{\"@id\":\"https:\/\/magdalenagrande.com\/blog\/#\/schema\/person\/f8460fd9e22f0d0d09ef55ae7a4f6791\"},\"breadcrumb\":{\"@id\":\"https:\/\/magdalenagrande.com\/blog\/ninosaltamentesensibles\/#breadcrumb\"},\"inLanguage\":\"es\",\"potentialAction\":[{\"@type\":\"ReadAction\",\"target\":[\"https:\/\/magdalenagrande.com\/blog\/ninosaltamentesensibles\/\"]}]},{\"@type\":\"BreadcrumbList\",\"@id\":\"https:\/\/magdalenagrande.com\/blog\/ninosaltamentesensibles\/#breadcrumb\",\"itemListElement\":[{\"@type\":\"ListItem\",\"position\":1,\"name\":\"Portada\",\"item\":\"https:\/\/magdalenagrande.com\/blog\/\"},{\"@type\":\"ListItem\",\"position\":2,\"name\":\"Ni\\u00f1os altamente sensibles\"}]},{\"@type\":\"Person\",\"@id\":\"https:\/\/magdalenagrande.com\/blog\/#\/schema\/person\/f8460fd9e22f0d0d09ef55ae7a4f6791\",\"name\":\"magdalena_grande\"}]}<\/script>\n<!-- \/ Yoast SEO plugin. -->","yoast_head_json":{"title":"Ni\u00f1os altamente sensibles - Blog de Magdalena Grande","robots":{"index":"index","follow":"follow","max-snippet":"max-snippet:-1","max-image-preview":"max-image-preview:large","max-video-preview":"max-video-preview:-1"},"canonical":"https:\/\/magdalenagrande.com\/blog\/ninosaltamentesensibles\/","og_locale":"es_ES","og_type":"article","og_title":"Ni\u00f1os altamente sensibles - Blog de Magdalena Grande","og_description":"Los ni\u00f1os altamente sensibles viven las emociones de una forma especialmente intensa. No creo que, siendo adultos, la forma de sentir sea distinta, sino que aprendemos a expresarlo (cuando lo aprendemos) de una forma socialmente m\u00e1s aceptada. Con los ni\u00f1os podemos hacer much\u00edsimas cosas para ense\u00f1arles a gestionar de una forma adecuada el c\u00f3mo viven [&hellip;]","og_url":"https:\/\/magdalenagrande.com\/blog\/ninosaltamentesensibles\/","og_site_name":"Blog de Magdalena Grande","article_published_time":"2017-06-27T19:57:15+00:00","article_modified_time":"2017-08-31T18:54:41+00:00","og_image":[{"width":800,"height":534,"url":"http:\/\/magdalenagrande.com\/blog\/wp-content\/uploads\/2017\/06\/jordan-whitt.jpg","path":"\/home\/largecupcake\/public_html\/blog\/wp-content\/uploads\/2017\/06\/jordan-whitt.jpg","size":"full","id":146,"alt":"","pixels":427200,"type":"image\/jpeg"}],"twitter_card":"summary","twitter_misc":{"Escrito por":"magdalena_grande","Tiempo de lectura":"3 minutos"},"schema":{"@context":"https:\/\/schema.org","@graph":[{"@type":"WebSite","@id":"https:\/\/magdalenagrande.com\/blog\/#website","url":"https:\/\/magdalenagrande.com\/blog\/","name":"Blog de Magdalena Grande","description":"Crecimiento personal, alta sensibilidad y educaci\u00f3n emocional","potentialAction":[{"@type":"SearchAction","target":{"@type":"EntryPoint","urlTemplate":"https:\/\/magdalenagrande.com\/blog\/?s={search_term_string}"},"query-input":"required name=search_term_string"}],"inLanguage":"es"},{"@type":"ImageObject","@id":"https:\/\/magdalenagrande.com\/blog\/ninosaltamentesensibles\/#primaryimage","inLanguage":"es","url":"https:\/\/magdalenagrande.com\/blog\/wp-content\/uploads\/2017\/06\/jordan-whitt.jpg","contentUrl":"https:\/\/magdalenagrande.com\/blog\/wp-content\/uploads\/2017\/06\/jordan-whitt.jpg","width":800,"height":534},{"@type":"WebPage","@id":"https:\/\/magdalenagrande.com\/blog\/ninosaltamentesensibles\/#webpage","url":"https:\/\/magdalenagrande.com\/blog\/ninosaltamentesensibles\/","name":"Ni\u00f1os altamente sensibles - Blog de Magdalena Grande","isPartOf":{"@id":"https:\/\/magdalenagrande.com\/blog\/#website"},"primaryImageOfPage":{"@id":"https:\/\/magdalenagrande.com\/blog\/ninosaltamentesensibles\/#primaryimage"},"datePublished":"2017-06-27T19:57:15+00:00","dateModified":"2017-08-31T18:54:41+00:00","author":{"@id":"https:\/\/magdalenagrande.com\/blog\/#\/schema\/person\/f8460fd9e22f0d0d09ef55ae7a4f6791"},"breadcrumb":{"@id":"https:\/\/magdalenagrande.com\/blog\/ninosaltamentesensibles\/#breadcrumb"},"inLanguage":"es","potentialAction":[{"@type":"ReadAction","target":["https:\/\/magdalenagrande.com\/blog\/ninosaltamentesensibles\/"]}]},{"@type":"BreadcrumbList","@id":"https:\/\/magdalenagrande.com\/blog\/ninosaltamentesensibles\/#breadcrumb","itemListElement":[{"@type":"ListItem","position":1,"name":"Portada","item":"https:\/\/magdalenagrande.com\/blog\/"},{"@type":"ListItem","position":2,"name":"Ni\u00f1os altamente sensibles"}]},{"@type":"Person","@id":"https:\/\/magdalenagrande.com\/blog\/#\/schema\/person\/f8460fd9e22f0d0d09ef55ae7a4f6791","name":"magdalena_grande"}]}},"_links":{"self":[{"href":"https:\/\/magdalenagrande.com\/blog\/wp-json\/wp\/v2\/posts\/143","targetHints":{"allow":["GET"]}}],"collection":[{"href":"https:\/\/magdalenagrande.com\/blog\/wp-json\/wp\/v2\/posts"}],"about":[{"href":"https:\/\/magdalenagrande.com\/blog\/wp-json\/wp\/v2\/types\/post"}],"author":[{"embeddable":true,"href":"https:\/\/magdalenagrande.com\/blog\/wp-json\/wp\/v2\/users\/1"}],"replies":[{"embeddable":true,"href":"https:\/\/magdalenagrande.com\/blog\/wp-json\/wp\/v2\/comments?post=143"}],"version-history":[{"count":2,"href":"https:\/\/magdalenagrande.com\/blog\/wp-json\/wp\/v2\/posts\/143\/revisions"}],"predecessor-version":[{"id":154,"href":"https:\/\/magdalenagrande.com\/blog\/wp-json\/wp\/v2\/posts\/143\/revisions\/154"}],"wp:featuredmedia":[{"embeddable":true,"href":"https:\/\/magdalenagrande.com\/blog\/wp-json\/wp\/v2\/media\/146"}],"wp:attachment":[{"href":"https:\/\/magdalenagrande.com\/blog\/wp-json\/wp\/v2\/media?parent=143"}],"wp:term":[{"taxonomy":"category","embeddable":true,"href":"https:\/\/magdalenagrande.com\/blog\/wp-json\/wp\/v2\/categories?post=143"},{"taxonomy":"post_tag","embeddable":true,"href":"https:\/\/magdalenagrande.com\/blog\/wp-json\/wp\/v2\/tags?post=143"}],"curies":[{"name":"wp","href":"https:\/\/api.w.org\/{rel}","templated":true}]}}