{"id":148,"date":"2017-07-06T10:34:01","date_gmt":"2017-07-06T10:34:01","guid":{"rendered":"http:\/\/magdalenagrande.com\/blog\/?p=148"},"modified":"2017-07-06T10:34:01","modified_gmt":"2017-07-06T10:34:01","slug":"trabajando-mi-sombra","status":"publish","type":"post","link":"https:\/\/magdalenagrande.com\/blog\/trabajando-mi-sombra\/","title":{"rendered":"Trabajando mi sombra"},"content":{"rendered":"<p>Me gusta este concepto de \u00absombra\u00bb, tal y como lo expon\u00eda Jung o, al menos, como yo lo he entendido. La parte inconsciente de nuestra personalidad, formada por todas aquellas estructuras, conductas, emociones que hemos ido reprimiendo y aprendiendo como socialmente incorrectas&#8230; la parte de nosotros, \u00aboscura\u00bb, que no queremos mostrar al mundo&#8230; Pongo oscura entre comillas porque as\u00ed lo hemos etiquetado nosotros (esto es bueno, esto es malo): la ira, la rabia, la pena y tristeza, la culpa, la envidia, etc. todos ellos son malos&#8230; \u00bfseguro?<\/p>\n<p><strong>Mis motivos&#8230;<\/strong><\/p>\n<p>Dec\u00eda Jung que \u00abnadie se ilumina fantaseando figuras de luz, sino haciendo consciente su propia oscuridad\u00bb y me parece una frase de lo m\u00e1s acertada. En primer lugar porque me he pasado media vida huyendo de ella, sin saber que era imposible escapar: porque es parte de m\u00ed, porque no es negativa si le damos luz y la hacemos consciente. En segundo lugar porque uno de los bagajes familiares que transporto es el de nunca ense\u00f1ar lo negativo de uno (siempre ser buenitos sin molestar), lo cual ha dificultado a\u00fan m\u00e1s que pudiera quererme con mis blancos y mis negros. Y en tercer lugar porque ahora, de bien mayor, de forma autodidacta creo que puedo empezar a observarme y aceptarme. Y esto me est\u00e1 trayendo mucha paz.<\/p>\n<p><strong>Ego y sombra<\/strong><\/p>\n<p>Me perdonar\u00e9is los expertos en egos y sombras pero para m\u00ed son t\u00e9rminos muy parecidos. Y mi sombra es, sin duda, mi ego o parte de \u00e9l. Para m\u00ed, que soy muy visual, el ego es ese personaje que construimos de nosotros mismos cuando nos est\u00e1n \u00abeducando\u00bb. El siguiente paso ser\u00e1 revisar si esa educaci\u00f3n que damos nos est\u00e1 llevando a donde realmente queremos. A trav\u00e9s de mi ego surge mi necesidad de exigirme hacerlo todo siempre bien, me comparo con los dem\u00e1s, me culpo, me castigo&#8230; Quiz\u00e1 veo a la sombra como algo mucho m\u00e1s global, que abarca m\u00e1s aspectos, adem\u00e1s del ego.<\/p>\n<p>El ego no se elimina, ni falta que nos hace, pero al hacerlo consciente se puede trabajar. Cuando yo me doy cuenta de que no me permito a mi misma equivocarme y de cu\u00e1nto me castigo interiormente por ello, puedo modificarlo. Cuando yo me doy cuenta de que me quiero a trav\u00e9s de lo que me quieren los dem\u00e1s, puedo empezar a cambiarlo. Aqu\u00ed no hay f\u00f3rmulas m\u00e1gicas y r\u00e1pidas, lo siento&#8230; el truco es la paciencia y ponerle mucho amor.<\/p>\n<p>Lo mejor de todo es que cuando te das cuenta de que est\u00e1s trabajando tu ego, necesitas estar m\u00e1s consciente que nunca porque puede ser que sea tu propio ego el que te est\u00e1 haciendo creer eso. \u00a1Rizar el rizo, sin duda!<\/p>\n<p><strong>Nuestro objetivo<\/strong><\/p>\n<p>No se trata de aprender a ser mejores, porque no hay bueno ni malo, ni mejor ni peor, sino de conocernos, ser conscientes de nuestras luces y nuestras sombras, para vivir nuestras vidas de forma m\u00e1s feliz y plena, para tener m\u00e1s paz.<\/p>\n<p>Os invito a probaros a vosotros mismos, a ir descubriendo vuestras propias m\u00e1scaras y personajes, verlos en cada escena de vuestras vidas. De momento, basta con contemplarlo, para que la careta vaya cayendo.<\/p>\n","protected":false},"excerpt":{"rendered":"<p>Me gusta este concepto de \u00absombra\u00bb, tal y como lo expon\u00eda Jung o, al menos, como yo lo he entendido. La parte inconsciente de nuestra personalidad, formada por todas aquellas estructuras, conductas, emociones que hemos ido reprimiendo y aprendiendo como socialmente incorrectas&#8230; la parte de nosotros, \u00aboscura\u00bb, que no queremos mostrar al mundo&#8230; Pongo oscura [&hellip;]<\/p>\n","protected":false},"author":1,"featured_media":149,"comment_status":"open","ping_status":"open","sticky":false,"template":"","format":"standard","meta":{"sfsi_plus_gutenberg_text_before_share":"","sfsi_plus_gutenberg_show_text_before_share":"","sfsi_plus_gutenberg_icon_type":"","sfsi_plus_gutenberg_icon_alignemt":"","sfsi_plus_gutenburg_max_per_row":"","footnotes":""},"categories":[18,28,10,15],"tags":[],"class_list":["post-148","post","type-post","status-publish","format-standard","has-post-thumbnail","hentry","category-aqui-y-ahora","category-autocompasion","category-emociones","category-felicidad"],"yoast_head":"<!-- This site is optimized with the Yoast SEO plugin v17.0 - https:\/\/yoast.com\/wordpress\/plugins\/seo\/ -->\n<title>Trabajando mi sombra - Blog de Magdalena Grande<\/title>\n<meta name=\"robots\" content=\"index, follow, max-snippet:-1, max-image-preview:large, max-video-preview:-1\" \/>\n<link rel=\"canonical\" href=\"https:\/\/magdalenagrande.com\/blog\/trabajando-mi-sombra\/\" \/>\n<meta property=\"og:locale\" content=\"es_ES\" \/>\n<meta property=\"og:type\" content=\"article\" \/>\n<meta property=\"og:title\" content=\"Trabajando mi sombra - Blog de Magdalena Grande\" \/>\n<meta property=\"og:description\" content=\"Me gusta este concepto de \u00absombra\u00bb, tal y como lo expon\u00eda Jung o, al menos, como yo lo he entendido. La parte inconsciente de nuestra personalidad, formada por todas aquellas estructuras, conductas, emociones que hemos ido reprimiendo y aprendiendo como socialmente incorrectas&#8230; la parte de nosotros, \u00aboscura\u00bb, que no queremos mostrar al mundo&#8230; Pongo oscura [&hellip;]\" \/>\n<meta property=\"og:url\" content=\"https:\/\/magdalenagrande.com\/blog\/trabajando-mi-sombra\/\" \/>\n<meta property=\"og:site_name\" content=\"Blog de Magdalena Grande\" \/>\n<meta property=\"article:published_time\" content=\"2017-07-06T10:34:01+00:00\" \/>\n<meta property=\"og:image\" content=\"http:\/\/magdalenagrande.com\/blog\/wp-content\/uploads\/2017\/07\/alexander-ronsdorf.jpg\" \/>\n\t<meta property=\"og:image:width\" content=\"800\" \/>\n\t<meta property=\"og:image:height\" content=\"450\" \/>\n<meta name=\"twitter:card\" content=\"summary\" \/>\n<meta name=\"twitter:label1\" content=\"Escrito por\" \/>\n\t<meta name=\"twitter:data1\" content=\"magdalena_grande\" \/>\n\t<meta name=\"twitter:label2\" content=\"Tiempo de lectura\" \/>\n\t<meta name=\"twitter:data2\" content=\"3 minutos\" \/>\n<script type=\"application\/ld+json\" class=\"yoast-schema-graph\">{\"@context\":\"https:\/\/schema.org\",\"@graph\":[{\"@type\":\"WebSite\",\"@id\":\"https:\/\/magdalenagrande.com\/blog\/#website\",\"url\":\"https:\/\/magdalenagrande.com\/blog\/\",\"name\":\"Blog de Magdalena Grande\",\"description\":\"Crecimiento personal, alta sensibilidad y educaci\\u00f3n emocional\",\"potentialAction\":[{\"@type\":\"SearchAction\",\"target\":{\"@type\":\"EntryPoint\",\"urlTemplate\":\"https:\/\/magdalenagrande.com\/blog\/?s={search_term_string}\"},\"query-input\":\"required name=search_term_string\"}],\"inLanguage\":\"es\"},{\"@type\":\"ImageObject\",\"@id\":\"https:\/\/magdalenagrande.com\/blog\/trabajando-mi-sombra\/#primaryimage\",\"inLanguage\":\"es\",\"url\":\"https:\/\/magdalenagrande.com\/blog\/wp-content\/uploads\/2017\/07\/alexander-ronsdorf.jpg\",\"contentUrl\":\"https:\/\/magdalenagrande.com\/blog\/wp-content\/uploads\/2017\/07\/alexander-ronsdorf.jpg\",\"width\":800,\"height\":450},{\"@type\":\"WebPage\",\"@id\":\"https:\/\/magdalenagrande.com\/blog\/trabajando-mi-sombra\/#webpage\",\"url\":\"https:\/\/magdalenagrande.com\/blog\/trabajando-mi-sombra\/\",\"name\":\"Trabajando mi sombra - Blog de Magdalena Grande\",\"isPartOf\":{\"@id\":\"https:\/\/magdalenagrande.com\/blog\/#website\"},\"primaryImageOfPage\":{\"@id\":\"https:\/\/magdalenagrande.com\/blog\/trabajando-mi-sombra\/#primaryimage\"},\"datePublished\":\"2017-07-06T10:34:01+00:00\",\"dateModified\":\"2017-07-06T10:34:01+00:00\",\"author\":{\"@id\":\"https:\/\/magdalenagrande.com\/blog\/#\/schema\/person\/f8460fd9e22f0d0d09ef55ae7a4f6791\"},\"breadcrumb\":{\"@id\":\"https:\/\/magdalenagrande.com\/blog\/trabajando-mi-sombra\/#breadcrumb\"},\"inLanguage\":\"es\",\"potentialAction\":[{\"@type\":\"ReadAction\",\"target\":[\"https:\/\/magdalenagrande.com\/blog\/trabajando-mi-sombra\/\"]}]},{\"@type\":\"BreadcrumbList\",\"@id\":\"https:\/\/magdalenagrande.com\/blog\/trabajando-mi-sombra\/#breadcrumb\",\"itemListElement\":[{\"@type\":\"ListItem\",\"position\":1,\"name\":\"Portada\",\"item\":\"https:\/\/magdalenagrande.com\/blog\/\"},{\"@type\":\"ListItem\",\"position\":2,\"name\":\"Trabajando mi sombra\"}]},{\"@type\":\"Person\",\"@id\":\"https:\/\/magdalenagrande.com\/blog\/#\/schema\/person\/f8460fd9e22f0d0d09ef55ae7a4f6791\",\"name\":\"magdalena_grande\"}]}<\/script>\n<!-- \/ Yoast SEO plugin. -->","yoast_head_json":{"title":"Trabajando mi sombra - Blog de Magdalena Grande","robots":{"index":"index","follow":"follow","max-snippet":"max-snippet:-1","max-image-preview":"max-image-preview:large","max-video-preview":"max-video-preview:-1"},"canonical":"https:\/\/magdalenagrande.com\/blog\/trabajando-mi-sombra\/","og_locale":"es_ES","og_type":"article","og_title":"Trabajando mi sombra - Blog de Magdalena Grande","og_description":"Me gusta este concepto de \u00absombra\u00bb, tal y como lo expon\u00eda Jung o, al menos, como yo lo he entendido. La parte inconsciente de nuestra personalidad, formada por todas aquellas estructuras, conductas, emociones que hemos ido reprimiendo y aprendiendo como socialmente incorrectas&#8230; la parte de nosotros, \u00aboscura\u00bb, que no queremos mostrar al mundo&#8230; Pongo oscura [&hellip;]","og_url":"https:\/\/magdalenagrande.com\/blog\/trabajando-mi-sombra\/","og_site_name":"Blog de Magdalena Grande","article_published_time":"2017-07-06T10:34:01+00:00","og_image":[{"width":800,"height":450,"url":"http:\/\/magdalenagrande.com\/blog\/wp-content\/uploads\/2017\/07\/alexander-ronsdorf.jpg","path":"\/home\/largecupcake\/public_html\/blog\/wp-content\/uploads\/2017\/07\/alexander-ronsdorf.jpg","size":"full","id":149,"alt":"","pixels":360000,"type":"image\/jpeg"}],"twitter_card":"summary","twitter_misc":{"Escrito por":"magdalena_grande","Tiempo de lectura":"3 minutos"},"schema":{"@context":"https:\/\/schema.org","@graph":[{"@type":"WebSite","@id":"https:\/\/magdalenagrande.com\/blog\/#website","url":"https:\/\/magdalenagrande.com\/blog\/","name":"Blog de Magdalena Grande","description":"Crecimiento personal, alta sensibilidad y educaci\u00f3n emocional","potentialAction":[{"@type":"SearchAction","target":{"@type":"EntryPoint","urlTemplate":"https:\/\/magdalenagrande.com\/blog\/?s={search_term_string}"},"query-input":"required name=search_term_string"}],"inLanguage":"es"},{"@type":"ImageObject","@id":"https:\/\/magdalenagrande.com\/blog\/trabajando-mi-sombra\/#primaryimage","inLanguage":"es","url":"https:\/\/magdalenagrande.com\/blog\/wp-content\/uploads\/2017\/07\/alexander-ronsdorf.jpg","contentUrl":"https:\/\/magdalenagrande.com\/blog\/wp-content\/uploads\/2017\/07\/alexander-ronsdorf.jpg","width":800,"height":450},{"@type":"WebPage","@id":"https:\/\/magdalenagrande.com\/blog\/trabajando-mi-sombra\/#webpage","url":"https:\/\/magdalenagrande.com\/blog\/trabajando-mi-sombra\/","name":"Trabajando mi sombra - Blog de Magdalena Grande","isPartOf":{"@id":"https:\/\/magdalenagrande.com\/blog\/#website"},"primaryImageOfPage":{"@id":"https:\/\/magdalenagrande.com\/blog\/trabajando-mi-sombra\/#primaryimage"},"datePublished":"2017-07-06T10:34:01+00:00","dateModified":"2017-07-06T10:34:01+00:00","author":{"@id":"https:\/\/magdalenagrande.com\/blog\/#\/schema\/person\/f8460fd9e22f0d0d09ef55ae7a4f6791"},"breadcrumb":{"@id":"https:\/\/magdalenagrande.com\/blog\/trabajando-mi-sombra\/#breadcrumb"},"inLanguage":"es","potentialAction":[{"@type":"ReadAction","target":["https:\/\/magdalenagrande.com\/blog\/trabajando-mi-sombra\/"]}]},{"@type":"BreadcrumbList","@id":"https:\/\/magdalenagrande.com\/blog\/trabajando-mi-sombra\/#breadcrumb","itemListElement":[{"@type":"ListItem","position":1,"name":"Portada","item":"https:\/\/magdalenagrande.com\/blog\/"},{"@type":"ListItem","position":2,"name":"Trabajando mi sombra"}]},{"@type":"Person","@id":"https:\/\/magdalenagrande.com\/blog\/#\/schema\/person\/f8460fd9e22f0d0d09ef55ae7a4f6791","name":"magdalena_grande"}]}},"_links":{"self":[{"href":"https:\/\/magdalenagrande.com\/blog\/wp-json\/wp\/v2\/posts\/148","targetHints":{"allow":["GET"]}}],"collection":[{"href":"https:\/\/magdalenagrande.com\/blog\/wp-json\/wp\/v2\/posts"}],"about":[{"href":"https:\/\/magdalenagrande.com\/blog\/wp-json\/wp\/v2\/types\/post"}],"author":[{"embeddable":true,"href":"https:\/\/magdalenagrande.com\/blog\/wp-json\/wp\/v2\/users\/1"}],"replies":[{"embeddable":true,"href":"https:\/\/magdalenagrande.com\/blog\/wp-json\/wp\/v2\/comments?post=148"}],"version-history":[{"count":1,"href":"https:\/\/magdalenagrande.com\/blog\/wp-json\/wp\/v2\/posts\/148\/revisions"}],"predecessor-version":[{"id":150,"href":"https:\/\/magdalenagrande.com\/blog\/wp-json\/wp\/v2\/posts\/148\/revisions\/150"}],"wp:featuredmedia":[{"embeddable":true,"href":"https:\/\/magdalenagrande.com\/blog\/wp-json\/wp\/v2\/media\/149"}],"wp:attachment":[{"href":"https:\/\/magdalenagrande.com\/blog\/wp-json\/wp\/v2\/media?parent=148"}],"wp:term":[{"taxonomy":"category","embeddable":true,"href":"https:\/\/magdalenagrande.com\/blog\/wp-json\/wp\/v2\/categories?post=148"},{"taxonomy":"post_tag","embeddable":true,"href":"https:\/\/magdalenagrande.com\/blog\/wp-json\/wp\/v2\/tags?post=148"}],"curies":[{"name":"wp","href":"https:\/\/api.w.org\/{rel}","templated":true}]}}