{"id":160,"date":"2017-08-04T10:17:39","date_gmt":"2017-08-04T10:17:39","guid":{"rendered":"http:\/\/magdalenagrande.com\/blog\/?p=160"},"modified":"2017-08-04T10:17:39","modified_gmt":"2017-08-04T10:17:39","slug":"emociones-ninos-altamente-sensibles","status":"publish","type":"post","link":"https:\/\/magdalenagrande.com\/blog\/emociones-ninos-altamente-sensibles\/","title":{"rendered":"Emociones y ni\u00f1os altamente sensibles"},"content":{"rendered":"<h3>Gesti\u00f3n de la explosi\u00f3n emocional en ni\u00f1os con alta sensibilidad<\/h3>\n<p>Hace poco habl\u00e1bamos sobre lo efectivo que es poder poner palabras a lo que sentimos, aprender a verbalizar nuestras emociones. Se trata de conocer cu\u00e1l es la forma adecuada en que puedo expresarme a nivel emocional, sin herir a los dem\u00e1s, de forma asertiva (buena para m\u00ed y adecuada para los dem\u00e1s).<\/p>\n<p>Esto es especialmente \u00fatil con los ni\u00f1os altamente sensibles, que muchas veces no saben lo que sienten dentro de un torbellino emocional que les est\u00e1 volviendo locos.<\/p>\n<h3><strong>\u00bfTerapia para ni\u00f1os altamente sensibles?<\/strong><\/h3>\n<p>Muchos de nosotros cuando descubrimos que nuestros hijos pueden ser altamente sensibles lo primero que hacemos es buscar el \u00abtratamiento\/terapia\/soluci\u00f3n\u00bb para ello, dando por hecho que se trata de un problema o \u00abalgo que solucionar\u00bb. Hay infinitas b\u00fasquedas en San Google de \u00abNi\u00f1os altamente sensibles tratamiento\u00bb, \u00abni\u00f1os PAS soluci\u00f3n\u00bb, \u00abterapia para ni\u00f1os altamente sensibles\u00bb&#8230;<\/p>\n<p>Lo siento, no hay una terapia que se aplique a estos ni\u00f1os porque NO NECESITAN TERAPIA. La alta sensibilidad no es un trastorno y no tiene por qu\u00e9 ser una dificultad si aprendemos a vivir con ella y a respetarnos a nosotros mismos (cuidar nuestros tiempos, prevenir el estr\u00e9s, etc). Es verdad que hay terapeutas especializados en alta sensibilidad (el tema de la formaci\u00f3n est\u00e1 en camino!) y que nos pueden ayudar a entendernos m\u00e1s a nosotros mismos, a entender m\u00e1s a nuestros hijos, a saber qu\u00e9 hacer o c\u00f3mo gestionarlo pero NUNCA \u00abcurar\u00bb o \u00absolucionar\u00bb.<\/p>\n<p>Insisto, no hay nada que curar ni solucionar.<\/p>\n<h3><strong>Empat\u00eda y gesti\u00f3n de la explosi\u00f3n emocional<\/strong><\/h3>\n<p>Otra de las cualidades que nos puede ayudar como padres con ni\u00f1os (sean PAS o no) es el desarrollo de nuestra empat\u00eda: saber qu\u00e9 y c\u00f3mo se sienten nuestros hijos nos ayudar\u00e1 en su proceso de educaci\u00f3n.<\/p>\n<p>Muchas veces nos enfadamos porque no somos capaces de entender qu\u00e9 le est\u00e1 pasando, por qu\u00e9 se pone as\u00ed o \u00abmonta un esc\u00e1ndalo o un drama\u00bb por \u00abalgo tan insignificante\u00bb. Si, en ese momento, somos capaces de ponernos en su lugar descubriremos lo siguiente:<\/p>\n<ol>\n<li><u>No lo hace para molestarnos<\/u>: escucho a menudo eso de \u00ablo hace aposta para fastidiar\u00bb. Lo siento, pero no. Los ni\u00f1os no tienen esa habilidad de fastidiar que s\u00ed tenemos los adultos. Si protesta, es que algo est\u00e1 pasando (aunque quiz\u00e1 no puede ponerle palabras y t\u00fa no eres capaz de entenderlo).<\/li>\n<li><u>\u00bfQu\u00e9 est\u00e1 sintiendo exactamente?<\/u> si puedo entender si est\u00e1 triste, enfadado, frustrado, disgustado, podr\u00e9 ayudarle mejor en este momento.<\/li>\n<li>Toda rabieta es una oportunidad para ense\u00f1arle a <u>gestionar sus propias emociones<\/u>.<\/li>\n<li>Preg\u00fantale: \u00bfen qu\u00e9 te puedo ayudar? \u00bfhay algo que pueda hacerte sentir mejor? <u>que sea \u00e9l<\/u> <u>quien busque, con tu ayuda, alternativas<\/u>. Seguramente si lo que quiere es un juguete en el supermercado te diga: \u00abquiero eso\u00bb. Nuestra respuesta puede ser igual de amorosa como firme con nuestra decisi\u00f3n \u00abentiendo que est\u00e9s enfadado pero eso ahora no puede ser, \u00bfalguna otra cosa puede ayudarte?\u00bb. En este momento puedes esperar otra explosi\u00f3n emocional. Despu\u00e9s de eso, podemos dar ideas: \u00ab\u00bfpuede ayudar un abrazo?, \u00bfun poco de agua?, \u00bfjugamos a algo?\u00bb. Darle alternativas tambi\u00e9n le ayuda a \u00e9l a ver qu\u00e9 puede calmarle y son ideas para la siguiente ocasi\u00f3n.<\/li>\n<li><u>Paciencia<\/u>: inevitablemente, entendamos o no lo que siente y nos pongamos o no en su lugar habr\u00e1 momentos de sentirnos desquiciados con sus reacciones. Tambi\u00e9n es un buen momento para analizar nuestra propia gesti\u00f3n emocional: \u00bfpor qu\u00e9 me estoy sintiendo as\u00ed? Quiz\u00e1 es porque toda la tienda me est\u00e1 mirando y me estoy sintiendo juzgado (ojo al me estoy sintiendo, no tiene por qu\u00e9 ser as\u00ed&#8230; o s\u00ed&#8230;). Quiz\u00e1 estoy sintiendo que deber\u00eda ser capaz de hacer que se calmara y no puedo, y eso me hace enfadar. Quiz\u00e1 s\u00f3lo quiero que se calle para estar tranquilo&#8230; \u00bfqu\u00e9 puedo hacer yo con esta emoci\u00f3n que sea lo m\u00e1s positivo para m\u00ed y para \u00e9l?<\/li>\n<\/ol>\n<p>\u00a1Qu\u00e9 teng\u00e1is un d\u00eda muy muy muy feliz!<\/p>\n","protected":false},"excerpt":{"rendered":"<p>Gesti\u00f3n de la explosi\u00f3n emocional en ni\u00f1os con alta sensibilidad Hace poco habl\u00e1bamos sobre lo efectivo que es poder poner palabras a lo que sentimos, aprender a verbalizar nuestras emociones. Se trata de conocer cu\u00e1l es la forma adecuada en que puedo expresarme a nivel emocional, sin herir a los dem\u00e1s, de forma asertiva (buena [&hellip;]<\/p>\n","protected":false},"author":1,"featured_media":161,"comment_status":"open","ping_status":"open","sticky":false,"template":"","format":"standard","meta":{"sfsi_plus_gutenberg_text_before_share":"","sfsi_plus_gutenberg_show_text_before_share":"","sfsi_plus_gutenberg_icon_type":"","sfsi_plus_gutenberg_icon_alignemt":"","sfsi_plus_gutenburg_max_per_row":"","footnotes":""},"categories":[10,65],"tags":[60,63,26,59,61],"class_list":["post-160","post","type-post","status-publish","format-standard","has-post-thumbnail","hentry","category-emociones","category-personas-y-ninos-altamente-sensibles","tag-alta-sensiblidad","tag-educar-en-emociones","tag-emociones","tag-hijos","tag-ninos-altamente-sensibles"],"yoast_head":"<!-- This site is optimized with the Yoast SEO plugin v17.0 - https:\/\/yoast.com\/wordpress\/plugins\/seo\/ -->\n<title>Emociones y ni\u00f1os altamente sensibles - Blog de Magdalena Grande<\/title>\n<meta name=\"robots\" content=\"index, follow, max-snippet:-1, max-image-preview:large, max-video-preview:-1\" \/>\n<link rel=\"canonical\" href=\"https:\/\/magdalenagrande.com\/blog\/emociones-ninos-altamente-sensibles\/\" \/>\n<meta property=\"og:locale\" content=\"es_ES\" \/>\n<meta property=\"og:type\" content=\"article\" \/>\n<meta property=\"og:title\" content=\"Emociones y ni\u00f1os altamente sensibles - Blog de Magdalena Grande\" \/>\n<meta property=\"og:description\" content=\"Gesti\u00f3n de la explosi\u00f3n emocional en ni\u00f1os con alta sensibilidad Hace poco habl\u00e1bamos sobre lo efectivo que es poder poner palabras a lo que sentimos, aprender a verbalizar nuestras emociones. Se trata de conocer cu\u00e1l es la forma adecuada en que puedo expresarme a nivel emocional, sin herir a los dem\u00e1s, de forma asertiva (buena [&hellip;]\" \/>\n<meta property=\"og:url\" content=\"https:\/\/magdalenagrande.com\/blog\/emociones-ninos-altamente-sensibles\/\" \/>\n<meta property=\"og:site_name\" content=\"Blog de Magdalena Grande\" \/>\n<meta property=\"article:published_time\" content=\"2017-08-04T10:17:39+00:00\" \/>\n<meta property=\"og:image\" content=\"http:\/\/magdalenagrande.com\/blog\/wp-content\/uploads\/2017\/08\/vance-osterhout-129608.jpg\" \/>\n\t<meta property=\"og:image:width\" content=\"800\" \/>\n\t<meta property=\"og:image:height\" content=\"530\" \/>\n<meta name=\"twitter:card\" content=\"summary\" \/>\n<meta name=\"twitter:label1\" content=\"Escrito por\" \/>\n\t<meta name=\"twitter:data1\" content=\"magdalena_grande\" \/>\n\t<meta name=\"twitter:label2\" content=\"Tiempo de lectura\" \/>\n\t<meta name=\"twitter:data2\" content=\"4 minutos\" \/>\n<script type=\"application\/ld+json\" class=\"yoast-schema-graph\">{\"@context\":\"https:\/\/schema.org\",\"@graph\":[{\"@type\":\"WebSite\",\"@id\":\"https:\/\/magdalenagrande.com\/blog\/#website\",\"url\":\"https:\/\/magdalenagrande.com\/blog\/\",\"name\":\"Blog de Magdalena Grande\",\"description\":\"Crecimiento personal, alta sensibilidad y educaci\\u00f3n emocional\",\"potentialAction\":[{\"@type\":\"SearchAction\",\"target\":{\"@type\":\"EntryPoint\",\"urlTemplate\":\"https:\/\/magdalenagrande.com\/blog\/?s={search_term_string}\"},\"query-input\":\"required name=search_term_string\"}],\"inLanguage\":\"es\"},{\"@type\":\"ImageObject\",\"@id\":\"https:\/\/magdalenagrande.com\/blog\/emociones-ninos-altamente-sensibles\/#primaryimage\",\"inLanguage\":\"es\",\"url\":\"https:\/\/magdalenagrande.com\/blog\/wp-content\/uploads\/2017\/08\/vance-osterhout-129608.jpg\",\"contentUrl\":\"https:\/\/magdalenagrande.com\/blog\/wp-content\/uploads\/2017\/08\/vance-osterhout-129608.jpg\",\"width\":800,\"height\":530},{\"@type\":\"WebPage\",\"@id\":\"https:\/\/magdalenagrande.com\/blog\/emociones-ninos-altamente-sensibles\/#webpage\",\"url\":\"https:\/\/magdalenagrande.com\/blog\/emociones-ninos-altamente-sensibles\/\",\"name\":\"Emociones y ni\\u00f1os altamente sensibles - Blog de Magdalena Grande\",\"isPartOf\":{\"@id\":\"https:\/\/magdalenagrande.com\/blog\/#website\"},\"primaryImageOfPage\":{\"@id\":\"https:\/\/magdalenagrande.com\/blog\/emociones-ninos-altamente-sensibles\/#primaryimage\"},\"datePublished\":\"2017-08-04T10:17:39+00:00\",\"dateModified\":\"2017-08-04T10:17:39+00:00\",\"author\":{\"@id\":\"https:\/\/magdalenagrande.com\/blog\/#\/schema\/person\/f8460fd9e22f0d0d09ef55ae7a4f6791\"},\"breadcrumb\":{\"@id\":\"https:\/\/magdalenagrande.com\/blog\/emociones-ninos-altamente-sensibles\/#breadcrumb\"},\"inLanguage\":\"es\",\"potentialAction\":[{\"@type\":\"ReadAction\",\"target\":[\"https:\/\/magdalenagrande.com\/blog\/emociones-ninos-altamente-sensibles\/\"]}]},{\"@type\":\"BreadcrumbList\",\"@id\":\"https:\/\/magdalenagrande.com\/blog\/emociones-ninos-altamente-sensibles\/#breadcrumb\",\"itemListElement\":[{\"@type\":\"ListItem\",\"position\":1,\"name\":\"Portada\",\"item\":\"https:\/\/magdalenagrande.com\/blog\/\"},{\"@type\":\"ListItem\",\"position\":2,\"name\":\"Emociones y ni\\u00f1os altamente sensibles\"}]},{\"@type\":\"Person\",\"@id\":\"https:\/\/magdalenagrande.com\/blog\/#\/schema\/person\/f8460fd9e22f0d0d09ef55ae7a4f6791\",\"name\":\"magdalena_grande\"}]}<\/script>\n<!-- \/ Yoast SEO plugin. -->","yoast_head_json":{"title":"Emociones y ni\u00f1os altamente sensibles - Blog de Magdalena Grande","robots":{"index":"index","follow":"follow","max-snippet":"max-snippet:-1","max-image-preview":"max-image-preview:large","max-video-preview":"max-video-preview:-1"},"canonical":"https:\/\/magdalenagrande.com\/blog\/emociones-ninos-altamente-sensibles\/","og_locale":"es_ES","og_type":"article","og_title":"Emociones y ni\u00f1os altamente sensibles - Blog de Magdalena Grande","og_description":"Gesti\u00f3n de la explosi\u00f3n emocional en ni\u00f1os con alta sensibilidad Hace poco habl\u00e1bamos sobre lo efectivo que es poder poner palabras a lo que sentimos, aprender a verbalizar nuestras emociones. Se trata de conocer cu\u00e1l es la forma adecuada en que puedo expresarme a nivel emocional, sin herir a los dem\u00e1s, de forma asertiva (buena [&hellip;]","og_url":"https:\/\/magdalenagrande.com\/blog\/emociones-ninos-altamente-sensibles\/","og_site_name":"Blog de Magdalena Grande","article_published_time":"2017-08-04T10:17:39+00:00","og_image":[{"width":800,"height":530,"url":"http:\/\/magdalenagrande.com\/blog\/wp-content\/uploads\/2017\/08\/vance-osterhout-129608.jpg","path":"\/home\/largecupcake\/public_html\/blog\/wp-content\/uploads\/2017\/08\/vance-osterhout-129608.jpg","size":"full","id":161,"alt":"","pixels":424000,"type":"image\/jpeg"}],"twitter_card":"summary","twitter_misc":{"Escrito por":"magdalena_grande","Tiempo de lectura":"4 minutos"},"schema":{"@context":"https:\/\/schema.org","@graph":[{"@type":"WebSite","@id":"https:\/\/magdalenagrande.com\/blog\/#website","url":"https:\/\/magdalenagrande.com\/blog\/","name":"Blog de Magdalena Grande","description":"Crecimiento personal, alta sensibilidad y educaci\u00f3n emocional","potentialAction":[{"@type":"SearchAction","target":{"@type":"EntryPoint","urlTemplate":"https:\/\/magdalenagrande.com\/blog\/?s={search_term_string}"},"query-input":"required name=search_term_string"}],"inLanguage":"es"},{"@type":"ImageObject","@id":"https:\/\/magdalenagrande.com\/blog\/emociones-ninos-altamente-sensibles\/#primaryimage","inLanguage":"es","url":"https:\/\/magdalenagrande.com\/blog\/wp-content\/uploads\/2017\/08\/vance-osterhout-129608.jpg","contentUrl":"https:\/\/magdalenagrande.com\/blog\/wp-content\/uploads\/2017\/08\/vance-osterhout-129608.jpg","width":800,"height":530},{"@type":"WebPage","@id":"https:\/\/magdalenagrande.com\/blog\/emociones-ninos-altamente-sensibles\/#webpage","url":"https:\/\/magdalenagrande.com\/blog\/emociones-ninos-altamente-sensibles\/","name":"Emociones y ni\u00f1os altamente sensibles - Blog de Magdalena Grande","isPartOf":{"@id":"https:\/\/magdalenagrande.com\/blog\/#website"},"primaryImageOfPage":{"@id":"https:\/\/magdalenagrande.com\/blog\/emociones-ninos-altamente-sensibles\/#primaryimage"},"datePublished":"2017-08-04T10:17:39+00:00","dateModified":"2017-08-04T10:17:39+00:00","author":{"@id":"https:\/\/magdalenagrande.com\/blog\/#\/schema\/person\/f8460fd9e22f0d0d09ef55ae7a4f6791"},"breadcrumb":{"@id":"https:\/\/magdalenagrande.com\/blog\/emociones-ninos-altamente-sensibles\/#breadcrumb"},"inLanguage":"es","potentialAction":[{"@type":"ReadAction","target":["https:\/\/magdalenagrande.com\/blog\/emociones-ninos-altamente-sensibles\/"]}]},{"@type":"BreadcrumbList","@id":"https:\/\/magdalenagrande.com\/blog\/emociones-ninos-altamente-sensibles\/#breadcrumb","itemListElement":[{"@type":"ListItem","position":1,"name":"Portada","item":"https:\/\/magdalenagrande.com\/blog\/"},{"@type":"ListItem","position":2,"name":"Emociones y ni\u00f1os altamente sensibles"}]},{"@type":"Person","@id":"https:\/\/magdalenagrande.com\/blog\/#\/schema\/person\/f8460fd9e22f0d0d09ef55ae7a4f6791","name":"magdalena_grande"}]}},"_links":{"self":[{"href":"https:\/\/magdalenagrande.com\/blog\/wp-json\/wp\/v2\/posts\/160","targetHints":{"allow":["GET"]}}],"collection":[{"href":"https:\/\/magdalenagrande.com\/blog\/wp-json\/wp\/v2\/posts"}],"about":[{"href":"https:\/\/magdalenagrande.com\/blog\/wp-json\/wp\/v2\/types\/post"}],"author":[{"embeddable":true,"href":"https:\/\/magdalenagrande.com\/blog\/wp-json\/wp\/v2\/users\/1"}],"replies":[{"embeddable":true,"href":"https:\/\/magdalenagrande.com\/blog\/wp-json\/wp\/v2\/comments?post=160"}],"version-history":[{"count":1,"href":"https:\/\/magdalenagrande.com\/blog\/wp-json\/wp\/v2\/posts\/160\/revisions"}],"predecessor-version":[{"id":162,"href":"https:\/\/magdalenagrande.com\/blog\/wp-json\/wp\/v2\/posts\/160\/revisions\/162"}],"wp:featuredmedia":[{"embeddable":true,"href":"https:\/\/magdalenagrande.com\/blog\/wp-json\/wp\/v2\/media\/161"}],"wp:attachment":[{"href":"https:\/\/magdalenagrande.com\/blog\/wp-json\/wp\/v2\/media?parent=160"}],"wp:term":[{"taxonomy":"category","embeddable":true,"href":"https:\/\/magdalenagrande.com\/blog\/wp-json\/wp\/v2\/categories?post=160"},{"taxonomy":"post_tag","embeddable":true,"href":"https:\/\/magdalenagrande.com\/blog\/wp-json\/wp\/v2\/tags?post=160"}],"curies":[{"name":"wp","href":"https:\/\/api.w.org\/{rel}","templated":true}]}}