{"id":168,"date":"2019-07-30T19:53:29","date_gmt":"2019-07-30T19:53:29","guid":{"rendered":"http:\/\/magdalenagrande.com\/blog\/?p=168"},"modified":"2019-07-30T19:53:29","modified_gmt":"2019-07-30T19:53:29","slug":"aman-mas-los-pas-los-no-pas","status":"publish","type":"post","link":"https:\/\/magdalenagrande.com\/blog\/aman-mas-los-pas-los-no-pas\/","title":{"rendered":"\u00bfAman m\u00e1s los PAS que los no-PAS?"},"content":{"rendered":"<h2>\u00a0Las personas altamente sensibles y el amor<\/h2>\n<p>Elaine Aron destaca<strong> cuatro caracter\u00edsticas principales<\/strong> en que las personas altamente sensibles se diferencian del resto:<\/p>\n<ol>\n<li>Profundidad en el procesamiento de la informaci\u00f3n<\/li>\n<li>Emocionalmente receptiva<\/li>\n<li>Sensibilidad ante est\u00edmulos sutiles<\/li>\n<li>Susceptibilidad diferencial.<\/li>\n<\/ol>\n<p>Todas ellas, queramos o no, marcaran sus diferencias respecto a nuestras relaciones sentimentales y a lo que sentimos y c\u00f3mo lo sentimos en el amor: al conocer a alguien, enamorarnos, empezar una relaci\u00f3n, mantenerla e incluso en las rupturas.<\/p>\n<p>Est\u00e1 claro, <strong>si eres PAS, lo eres para todo<\/strong>. Y, como bien ya sab\u00e9is, esto tiene unos pros y unos contras: <strong>el amor no es una excepci\u00f3n<\/strong>.<\/p>\n<p>Ante la cuesti\u00f3n que plante\u00e1bamos sobre si los PAS aman m\u00e1s que no-PAS, la respuesta ha sido un\u00e1nime y muy acertada: <strong>los PAS no aman m\u00e1s que los dem\u00e1s, sino que lo hacen de forma diferente<\/strong>.<\/p>\n<p>Esa forma diferente sentir puede confundirnos y hacernos pensar que somos quienes m\u00e1s sentimos en la pareja y podemos incluso llegar a hacernos las v\u00edctimas desde ese prisma (\u201ces que yo te quiero m\u00e1s de lo que t\u00fa me quieres a m\u00ed\u201d) cuando, en realidad, la cantidad de intensidad de la emoci\u00f3n no implica, necesariamente, mayor sentimiento.<\/p>\n<p>Amamos de forma diferente porque sentimos de forma diferente, m\u00e1s intensa, con mayores vaivenes emocionales por lo que aprender a gestionarlo es necesario, incluso en los primeros momentos.<\/p>\n<p>Si te interesa el tema y quieres profundizar en \u00e9l, te recomiendo encarecidamente el libro de Aron <strong>\u201cEl don de la sensibilidad en el amor. C\u00f3mo comprender y mejorar las relaciones cuando el mundo te abruma\u201d,<\/strong> explica con detalle y desde un prisma profesional y cient\u00edfico c\u00f3mo los PAS mantienen relaciones amorosas con los dem\u00e1s.<\/p>\n<p>Acu\u00e9rdate de comunicarte de forma adecuada con los dem\u00e1s, de expresarte asertivamente para que puedan saber qu\u00e9 necesitas. Acu\u00e9rdate de respetar tus tiempos, que son tan importantes como los de m\u00e1s dem\u00e1s. Recuerda que puedes alejarte, si lo necesitas.<\/p>\n<p>Lo m\u00e1s importante, seas PAS o no, es que <strong>escuches a tu coraz\u00f3n y aprendas a gestionar tus emociones<\/strong>.<\/p>\n<p>\u00a1Muchas gracias por tu atenci\u00f3n!<\/p>\n<p>Recibe un fuerte abrazo,<\/p>\n<p>Magdalena<\/p>\n<p><a href=\"http:\/\/www.magdalenagrande.com\/\">www.magdalenagrande.com<\/a><\/p>\n","protected":false},"excerpt":{"rendered":"<p>\u00a0Las personas altamente sensibles y el amor Elaine Aron destaca cuatro caracter\u00edsticas principales en que las personas altamente sensibles se diferencian del resto: Profundidad en el procesamiento de la informaci\u00f3n Emocionalmente receptiva Sensibilidad ante est\u00edmulos sutiles Susceptibilidad diferencial. Todas ellas, queramos o no, marcaran sus diferencias respecto a nuestras relaciones sentimentales y a lo que [&hellip;]<\/p>\n","protected":false},"author":1,"featured_media":172,"comment_status":"open","ping_status":"open","sticky":false,"template":"","format":"standard","meta":{"sfsi_plus_gutenberg_text_before_share":"","sfsi_plus_gutenberg_show_text_before_share":"","sfsi_plus_gutenberg_icon_type":"","sfsi_plus_gutenberg_icon_alignemt":"","sfsi_plus_gutenburg_max_per_row":"","footnotes":""},"categories":[29,10,65],"tags":[30,66,69,68],"class_list":["post-168","post","type-post","status-publish","format-standard","has-post-thumbnail","hentry","category-amor","category-emociones","category-personas-y-ninos-altamente-sensibles","tag-amor","tag-pas","tag-personas-altamenente-sensibles","tag-relaciones"],"yoast_head":"<!-- This site is optimized with the Yoast SEO plugin v17.0 - https:\/\/yoast.com\/wordpress\/plugins\/seo\/ -->\n<title>\u00bfAman m\u00e1s los PAS que los no-PAS? - Blog de Magdalena Grande<\/title>\n<meta name=\"robots\" content=\"index, follow, max-snippet:-1, max-image-preview:large, max-video-preview:-1\" \/>\n<link rel=\"canonical\" href=\"https:\/\/magdalenagrande.com\/blog\/aman-mas-los-pas-los-no-pas\/\" \/>\n<meta property=\"og:locale\" content=\"es_ES\" \/>\n<meta property=\"og:type\" content=\"article\" \/>\n<meta property=\"og:title\" content=\"\u00bfAman m\u00e1s los PAS que los no-PAS? - Blog de Magdalena Grande\" \/>\n<meta property=\"og:description\" content=\"\u00a0Las personas altamente sensibles y el amor Elaine Aron destaca cuatro caracter\u00edsticas principales en que las personas altamente sensibles se diferencian del resto: Profundidad en el procesamiento de la informaci\u00f3n Emocionalmente receptiva Sensibilidad ante est\u00edmulos sutiles Susceptibilidad diferencial. Todas ellas, queramos o no, marcaran sus diferencias respecto a nuestras relaciones sentimentales y a lo que [&hellip;]\" \/>\n<meta property=\"og:url\" content=\"https:\/\/magdalenagrande.com\/blog\/aman-mas-los-pas-los-no-pas\/\" \/>\n<meta property=\"og:site_name\" content=\"Blog de Magdalena Grande\" \/>\n<meta property=\"article:published_time\" content=\"2019-07-30T19:53:29+00:00\" \/>\n<meta property=\"og:image\" content=\"http:\/\/magdalenagrande.com\/blog\/wp-content\/uploads\/2019\/07\/aMOR-DE-ALEXANDER-MILOV.jpg\" \/>\n\t<meta property=\"og:image:width\" content=\"800\" \/>\n\t<meta property=\"og:image:height\" content=\"522\" \/>\n<meta name=\"twitter:card\" content=\"summary\" \/>\n<meta name=\"twitter:label1\" content=\"Escrito por\" \/>\n\t<meta name=\"twitter:data1\" content=\"magdalena_grande\" \/>\n\t<meta name=\"twitter:label2\" content=\"Tiempo de lectura\" \/>\n\t<meta name=\"twitter:data2\" content=\"2 minutos\" \/>\n<script type=\"application\/ld+json\" class=\"yoast-schema-graph\">{\"@context\":\"https:\/\/schema.org\",\"@graph\":[{\"@type\":\"WebSite\",\"@id\":\"https:\/\/magdalenagrande.com\/blog\/#website\",\"url\":\"https:\/\/magdalenagrande.com\/blog\/\",\"name\":\"Blog de Magdalena Grande\",\"description\":\"Crecimiento personal, alta sensibilidad y educaci\\u00f3n emocional\",\"potentialAction\":[{\"@type\":\"SearchAction\",\"target\":{\"@type\":\"EntryPoint\",\"urlTemplate\":\"https:\/\/magdalenagrande.com\/blog\/?s={search_term_string}\"},\"query-input\":\"required name=search_term_string\"}],\"inLanguage\":\"es\"},{\"@type\":\"ImageObject\",\"@id\":\"https:\/\/magdalenagrande.com\/blog\/aman-mas-los-pas-los-no-pas\/#primaryimage\",\"inLanguage\":\"es\",\"url\":\"https:\/\/magdalenagrande.com\/blog\/wp-content\/uploads\/2019\/07\/aMOR-DE-ALEXANDER-MILOV.jpg\",\"contentUrl\":\"https:\/\/magdalenagrande.com\/blog\/wp-content\/uploads\/2019\/07\/aMOR-DE-ALEXANDER-MILOV.jpg\",\"width\":800,\"height\":522},{\"@type\":\"WebPage\",\"@id\":\"https:\/\/magdalenagrande.com\/blog\/aman-mas-los-pas-los-no-pas\/#webpage\",\"url\":\"https:\/\/magdalenagrande.com\/blog\/aman-mas-los-pas-los-no-pas\/\",\"name\":\"\\u00bfAman m\\u00e1s los PAS que los no-PAS? - Blog de Magdalena Grande\",\"isPartOf\":{\"@id\":\"https:\/\/magdalenagrande.com\/blog\/#website\"},\"primaryImageOfPage\":{\"@id\":\"https:\/\/magdalenagrande.com\/blog\/aman-mas-los-pas-los-no-pas\/#primaryimage\"},\"datePublished\":\"2019-07-30T19:53:29+00:00\",\"dateModified\":\"2019-07-30T19:53:29+00:00\",\"author\":{\"@id\":\"https:\/\/magdalenagrande.com\/blog\/#\/schema\/person\/f8460fd9e22f0d0d09ef55ae7a4f6791\"},\"breadcrumb\":{\"@id\":\"https:\/\/magdalenagrande.com\/blog\/aman-mas-los-pas-los-no-pas\/#breadcrumb\"},\"inLanguage\":\"es\",\"potentialAction\":[{\"@type\":\"ReadAction\",\"target\":[\"https:\/\/magdalenagrande.com\/blog\/aman-mas-los-pas-los-no-pas\/\"]}]},{\"@type\":\"BreadcrumbList\",\"@id\":\"https:\/\/magdalenagrande.com\/blog\/aman-mas-los-pas-los-no-pas\/#breadcrumb\",\"itemListElement\":[{\"@type\":\"ListItem\",\"position\":1,\"name\":\"Portada\",\"item\":\"https:\/\/magdalenagrande.com\/blog\/\"},{\"@type\":\"ListItem\",\"position\":2,\"name\":\"\\u00bfAman m\\u00e1s los PAS que los no-PAS?\"}]},{\"@type\":\"Person\",\"@id\":\"https:\/\/magdalenagrande.com\/blog\/#\/schema\/person\/f8460fd9e22f0d0d09ef55ae7a4f6791\",\"name\":\"magdalena_grande\"}]}<\/script>\n<!-- \/ Yoast SEO plugin. -->","yoast_head_json":{"title":"\u00bfAman m\u00e1s los PAS que los no-PAS? - Blog de Magdalena Grande","robots":{"index":"index","follow":"follow","max-snippet":"max-snippet:-1","max-image-preview":"max-image-preview:large","max-video-preview":"max-video-preview:-1"},"canonical":"https:\/\/magdalenagrande.com\/blog\/aman-mas-los-pas-los-no-pas\/","og_locale":"es_ES","og_type":"article","og_title":"\u00bfAman m\u00e1s los PAS que los no-PAS? - Blog de Magdalena Grande","og_description":"\u00a0Las personas altamente sensibles y el amor Elaine Aron destaca cuatro caracter\u00edsticas principales en que las personas altamente sensibles se diferencian del resto: Profundidad en el procesamiento de la informaci\u00f3n Emocionalmente receptiva Sensibilidad ante est\u00edmulos sutiles Susceptibilidad diferencial. Todas ellas, queramos o no, marcaran sus diferencias respecto a nuestras relaciones sentimentales y a lo que [&hellip;]","og_url":"https:\/\/magdalenagrande.com\/blog\/aman-mas-los-pas-los-no-pas\/","og_site_name":"Blog de Magdalena Grande","article_published_time":"2019-07-30T19:53:29+00:00","og_image":[{"width":800,"height":522,"url":"http:\/\/magdalenagrande.com\/blog\/wp-content\/uploads\/2019\/07\/aMOR-DE-ALEXANDER-MILOV.jpg","path":"\/home\/largecupcake\/public_html\/blog\/wp-content\/uploads\/2019\/07\/aMOR-DE-ALEXANDER-MILOV.jpg","size":"full","id":172,"alt":"","pixels":417600,"type":"image\/jpeg"}],"twitter_card":"summary","twitter_misc":{"Escrito por":"magdalena_grande","Tiempo de lectura":"2 minutos"},"schema":{"@context":"https:\/\/schema.org","@graph":[{"@type":"WebSite","@id":"https:\/\/magdalenagrande.com\/blog\/#website","url":"https:\/\/magdalenagrande.com\/blog\/","name":"Blog de Magdalena Grande","description":"Crecimiento personal, alta sensibilidad y educaci\u00f3n emocional","potentialAction":[{"@type":"SearchAction","target":{"@type":"EntryPoint","urlTemplate":"https:\/\/magdalenagrande.com\/blog\/?s={search_term_string}"},"query-input":"required name=search_term_string"}],"inLanguage":"es"},{"@type":"ImageObject","@id":"https:\/\/magdalenagrande.com\/blog\/aman-mas-los-pas-los-no-pas\/#primaryimage","inLanguage":"es","url":"https:\/\/magdalenagrande.com\/blog\/wp-content\/uploads\/2019\/07\/aMOR-DE-ALEXANDER-MILOV.jpg","contentUrl":"https:\/\/magdalenagrande.com\/blog\/wp-content\/uploads\/2019\/07\/aMOR-DE-ALEXANDER-MILOV.jpg","width":800,"height":522},{"@type":"WebPage","@id":"https:\/\/magdalenagrande.com\/blog\/aman-mas-los-pas-los-no-pas\/#webpage","url":"https:\/\/magdalenagrande.com\/blog\/aman-mas-los-pas-los-no-pas\/","name":"\u00bfAman m\u00e1s los PAS que los no-PAS? - Blog de Magdalena Grande","isPartOf":{"@id":"https:\/\/magdalenagrande.com\/blog\/#website"},"primaryImageOfPage":{"@id":"https:\/\/magdalenagrande.com\/blog\/aman-mas-los-pas-los-no-pas\/#primaryimage"},"datePublished":"2019-07-30T19:53:29+00:00","dateModified":"2019-07-30T19:53:29+00:00","author":{"@id":"https:\/\/magdalenagrande.com\/blog\/#\/schema\/person\/f8460fd9e22f0d0d09ef55ae7a4f6791"},"breadcrumb":{"@id":"https:\/\/magdalenagrande.com\/blog\/aman-mas-los-pas-los-no-pas\/#breadcrumb"},"inLanguage":"es","potentialAction":[{"@type":"ReadAction","target":["https:\/\/magdalenagrande.com\/blog\/aman-mas-los-pas-los-no-pas\/"]}]},{"@type":"BreadcrumbList","@id":"https:\/\/magdalenagrande.com\/blog\/aman-mas-los-pas-los-no-pas\/#breadcrumb","itemListElement":[{"@type":"ListItem","position":1,"name":"Portada","item":"https:\/\/magdalenagrande.com\/blog\/"},{"@type":"ListItem","position":2,"name":"\u00bfAman m\u00e1s los PAS que los no-PAS?"}]},{"@type":"Person","@id":"https:\/\/magdalenagrande.com\/blog\/#\/schema\/person\/f8460fd9e22f0d0d09ef55ae7a4f6791","name":"magdalena_grande"}]}},"_links":{"self":[{"href":"https:\/\/magdalenagrande.com\/blog\/wp-json\/wp\/v2\/posts\/168","targetHints":{"allow":["GET"]}}],"collection":[{"href":"https:\/\/magdalenagrande.com\/blog\/wp-json\/wp\/v2\/posts"}],"about":[{"href":"https:\/\/magdalenagrande.com\/blog\/wp-json\/wp\/v2\/types\/post"}],"author":[{"embeddable":true,"href":"https:\/\/magdalenagrande.com\/blog\/wp-json\/wp\/v2\/users\/1"}],"replies":[{"embeddable":true,"href":"https:\/\/magdalenagrande.com\/blog\/wp-json\/wp\/v2\/comments?post=168"}],"version-history":[{"count":1,"href":"https:\/\/magdalenagrande.com\/blog\/wp-json\/wp\/v2\/posts\/168\/revisions"}],"predecessor-version":[{"id":173,"href":"https:\/\/magdalenagrande.com\/blog\/wp-json\/wp\/v2\/posts\/168\/revisions\/173"}],"wp:featuredmedia":[{"embeddable":true,"href":"https:\/\/magdalenagrande.com\/blog\/wp-json\/wp\/v2\/media\/172"}],"wp:attachment":[{"href":"https:\/\/magdalenagrande.com\/blog\/wp-json\/wp\/v2\/media?parent=168"}],"wp:term":[{"taxonomy":"category","embeddable":true,"href":"https:\/\/magdalenagrande.com\/blog\/wp-json\/wp\/v2\/categories?post=168"},{"taxonomy":"post_tag","embeddable":true,"href":"https:\/\/magdalenagrande.com\/blog\/wp-json\/wp\/v2\/tags?post=168"}],"curies":[{"name":"wp","href":"https:\/\/api.w.org\/{rel}","templated":true}]}}