{"id":182,"date":"2019-08-31T18:47:40","date_gmt":"2019-08-31T18:47:40","guid":{"rendered":"http:\/\/magdalenagrande.com\/blog\/?p=182"},"modified":"2019-09-14T12:55:32","modified_gmt":"2019-09-14T12:55:32","slug":"salir-del-armario-espiritual","status":"publish","type":"post","link":"https:\/\/magdalenagrande.com\/blog\/salir-del-armario-espiritual\/","title":{"rendered":"Salir del armario espiritual"},"content":{"rendered":"<p>Hace un tiempo alguien me dijo que ten\u00eda que salir del armario espiritual. La expresi\u00f3n me hizo much\u00edsima gracia, porque nunca la hab\u00eda escuchado ni se me hubiese ocurrido que pod\u00eda encajar en cuanto a la espiritualidad pero la entend\u00ed, de inmediato, y supe que ten\u00eda raz\u00f3n.<\/p>\n<p>Hace unos a\u00f1os que mi vida ha ido cambiando progresivamente y me he ido interesando cada vez m\u00e1s por temas de consciencia, despertar y espiritualidad. Cuanto m\u00e1s iba indagando, m\u00e1s me interesaba. Sin embargo, mi formaci\u00f3n como psic\u00f3loga desde la vertiente m\u00e1s cient\u00edfica ha hecho que haya sentido la necesidad de dejar en el \u00e1mbito m\u00e1s privado y personal todo lo que he ido aprendiendo.<\/p>\n<p>Sin embargo, el mundo avanza y la psicolog\u00eda (aunque despacio) tambi\u00e9n lo est\u00e1 haciendo. Muchas de las cosas que aprend\u00ed en la carrera (no hace tantos a\u00f1os, \u00a1oye!) est\u00e1n obsoletas: hoy en d\u00eda est\u00e1n en auge las terapias de tercera generaci\u00f3n, entre las que se incluye el mindfulness, la terapia estrat\u00e9gica breve, etc. Hablar del ego y el ser deja de sonarnos a chino y nos abrimos a la posibilidad de que nos resulte \u00fatil, as\u00ed como el concepto de ni\u00f1o interior, o la meditaci\u00f3n como herramienta de interiorizaci\u00f3n. Aunque os invito a indagar e investigar en ellas, no pretendo aburriros porque este post no va sobre eso, sino sobre la necesidad de expresar de forma abierta al mundo nuestros propios intereses e inquietudes.<\/p>\n<p>As\u00ed que me he propuesto salir del armario espiritual y empezar a compartir todas esas inquietudes con vosotros a trav\u00e9s de este blog y a trav\u00e9s de la p\u00e1gina de Facebook e Instagram de Psicolog\u00eda consciente. Me gustar\u00e1 profundizar sobre algunos temas que conozco y sobre aquellos que desconozco lo har\u00e9 acompa\u00f1ada de profesionales expertos en el tema que nos pueden ayudar a entender. Algunos de ellos sobre psicolog\u00eda transpersonal, desarrollo y crecimiento personal, despertar espiritual, consciencia, terapias y t\u00e9cnicas novedosas, visualizaciones, meditaci\u00f3n\u2026<\/p>\n<p>Creo que es necesario que los profesionales de la salud empecemos a abrir nuestras miras y a ver m\u00e1s all\u00e1 de lo que aprendimos. Sin perder la capacidad personal de juicio cr\u00edtico, sin creerse nada a pies juntillas sino estudiando y comprobando aquello que nos puede ser \u00fatil (y lo que no) pero siempre con una actitud muy propia del mindfulness, de respeto total, compasi\u00f3n y ausencia de juicio. Al final, lo que pretendemos todos es ser un poco m\u00e1s felices cada d\u00eda y, como profesionales, ofrecer lo mejor de nosotros en nuestro trabajo.<\/p>\n<p>Si quer\u00e9is contactar conmigo, pod\u00e9is hacer en el correo <a href=\"mailto:magdalenagrande@gmail.com\">magdalenagrande@hotmail.com<\/a> o <a href=\"mailto:psicologiaconscientepalma@gmail.com\">psicologiaconscientepalma@gmail.com<\/a>.<\/p>\n<p>\u00a1Muchas gracias por acompa\u00f1arme en este nuevo recorrido!<\/p>\n<p>Recibid un fuerte abrazo,<\/p>\n<p>Magdalena<\/p>\n","protected":false},"excerpt":{"rendered":"<p>Hace un tiempo alguien me dijo que ten\u00eda que salir del armario espiritual. La expresi\u00f3n me hizo much\u00edsima gracia, porque nunca la hab\u00eda escuchado ni se me hubiese ocurrido que pod\u00eda encajar en cuanto a la espiritualidad pero la entend\u00ed, de inmediato, y supe que ten\u00eda raz\u00f3n. Hace unos a\u00f1os que mi vida ha ido [&hellip;]<\/p>\n","protected":false},"author":1,"featured_media":184,"comment_status":"closed","ping_status":"closed","sticky":false,"template":"","format":"standard","meta":{"sfsi_plus_gutenberg_text_before_share":"","sfsi_plus_gutenberg_show_text_before_share":"","sfsi_plus_gutenberg_icon_type":"","sfsi_plus_gutenberg_icon_alignemt":"","sfsi_plus_gutenburg_max_per_row":"","footnotes":""},"categories":[18,71,14,2],"tags":[],"class_list":["post-182","post","type-post","status-publish","format-standard","has-post-thumbnail","hentry","category-aqui-y-ahora","category-espiritualidad","category-personal","category-psicologia"],"yoast_head":"<!-- This site is optimized with the Yoast SEO plugin v17.0 - https:\/\/yoast.com\/wordpress\/plugins\/seo\/ -->\n<title>Salir del armario espiritual - Blog de Magdalena Grande<\/title>\n<meta name=\"robots\" content=\"index, follow, max-snippet:-1, max-image-preview:large, max-video-preview:-1\" \/>\n<link rel=\"canonical\" href=\"https:\/\/magdalenagrande.com\/blog\/salir-del-armario-espiritual\/\" \/>\n<meta property=\"og:locale\" content=\"es_ES\" \/>\n<meta property=\"og:type\" content=\"article\" \/>\n<meta property=\"og:title\" content=\"Salir del armario espiritual - Blog de Magdalena Grande\" \/>\n<meta property=\"og:description\" content=\"Hace un tiempo alguien me dijo que ten\u00eda que salir del armario espiritual. La expresi\u00f3n me hizo much\u00edsima gracia, porque nunca la hab\u00eda escuchado ni se me hubiese ocurrido que pod\u00eda encajar en cuanto a la espiritualidad pero la entend\u00ed, de inmediato, y supe que ten\u00eda raz\u00f3n. Hace unos a\u00f1os que mi vida ha ido [&hellip;]\" \/>\n<meta property=\"og:url\" content=\"https:\/\/magdalenagrande.com\/blog\/salir-del-armario-espiritual\/\" \/>\n<meta property=\"og:site_name\" content=\"Blog de Magdalena Grande\" \/>\n<meta property=\"article:published_time\" content=\"2019-08-31T18:47:40+00:00\" \/>\n<meta property=\"article:modified_time\" content=\"2019-09-14T12:55:32+00:00\" \/>\n<meta property=\"og:image\" content=\"http:\/\/magdalenagrande.com\/blog\/wp-content\/uploads\/2019\/08\/Copia-de-Psicolog\u00eda-consciente.png\" \/>\n\t<meta property=\"og:image:width\" content=\"500\" \/>\n\t<meta property=\"og:image:height\" content=\"500\" \/>\n<meta name=\"twitter:card\" content=\"summary\" \/>\n<meta name=\"twitter:label1\" content=\"Escrito por\" \/>\n\t<meta name=\"twitter:data1\" content=\"magdalena_grande\" \/>\n\t<meta name=\"twitter:label2\" content=\"Tiempo de lectura\" \/>\n\t<meta name=\"twitter:data2\" content=\"2 minutos\" \/>\n<script type=\"application\/ld+json\" class=\"yoast-schema-graph\">{\"@context\":\"https:\/\/schema.org\",\"@graph\":[{\"@type\":\"WebSite\",\"@id\":\"https:\/\/magdalenagrande.com\/blog\/#website\",\"url\":\"https:\/\/magdalenagrande.com\/blog\/\",\"name\":\"Blog de Magdalena Grande\",\"description\":\"Crecimiento personal, alta sensibilidad y educaci\\u00f3n emocional\",\"potentialAction\":[{\"@type\":\"SearchAction\",\"target\":{\"@type\":\"EntryPoint\",\"urlTemplate\":\"https:\/\/magdalenagrande.com\/blog\/?s={search_term_string}\"},\"query-input\":\"required name=search_term_string\"}],\"inLanguage\":\"es\"},{\"@type\":\"ImageObject\",\"@id\":\"https:\/\/magdalenagrande.com\/blog\/salir-del-armario-espiritual\/#primaryimage\",\"inLanguage\":\"es\",\"url\":\"https:\/\/magdalenagrande.com\/blog\/wp-content\/uploads\/2019\/08\/Copia-de-Psicolog\\u00eda-consciente.png\",\"contentUrl\":\"https:\/\/magdalenagrande.com\/blog\/wp-content\/uploads\/2019\/08\/Copia-de-Psicolog\\u00eda-consciente.png\",\"width\":500,\"height\":500},{\"@type\":\"WebPage\",\"@id\":\"https:\/\/magdalenagrande.com\/blog\/salir-del-armario-espiritual\/#webpage\",\"url\":\"https:\/\/magdalenagrande.com\/blog\/salir-del-armario-espiritual\/\",\"name\":\"Salir del armario espiritual - Blog de Magdalena Grande\",\"isPartOf\":{\"@id\":\"https:\/\/magdalenagrande.com\/blog\/#website\"},\"primaryImageOfPage\":{\"@id\":\"https:\/\/magdalenagrande.com\/blog\/salir-del-armario-espiritual\/#primaryimage\"},\"datePublished\":\"2019-08-31T18:47:40+00:00\",\"dateModified\":\"2019-09-14T12:55:32+00:00\",\"author\":{\"@id\":\"https:\/\/magdalenagrande.com\/blog\/#\/schema\/person\/f8460fd9e22f0d0d09ef55ae7a4f6791\"},\"breadcrumb\":{\"@id\":\"https:\/\/magdalenagrande.com\/blog\/salir-del-armario-espiritual\/#breadcrumb\"},\"inLanguage\":\"es\",\"potentialAction\":[{\"@type\":\"ReadAction\",\"target\":[\"https:\/\/magdalenagrande.com\/blog\/salir-del-armario-espiritual\/\"]}]},{\"@type\":\"BreadcrumbList\",\"@id\":\"https:\/\/magdalenagrande.com\/blog\/salir-del-armario-espiritual\/#breadcrumb\",\"itemListElement\":[{\"@type\":\"ListItem\",\"position\":1,\"name\":\"Portada\",\"item\":\"https:\/\/magdalenagrande.com\/blog\/\"},{\"@type\":\"ListItem\",\"position\":2,\"name\":\"Salir del armario espiritual\"}]},{\"@type\":\"Person\",\"@id\":\"https:\/\/magdalenagrande.com\/blog\/#\/schema\/person\/f8460fd9e22f0d0d09ef55ae7a4f6791\",\"name\":\"magdalena_grande\"}]}<\/script>\n<!-- \/ Yoast SEO plugin. -->","yoast_head_json":{"title":"Salir del armario espiritual - Blog de Magdalena Grande","robots":{"index":"index","follow":"follow","max-snippet":"max-snippet:-1","max-image-preview":"max-image-preview:large","max-video-preview":"max-video-preview:-1"},"canonical":"https:\/\/magdalenagrande.com\/blog\/salir-del-armario-espiritual\/","og_locale":"es_ES","og_type":"article","og_title":"Salir del armario espiritual - Blog de Magdalena Grande","og_description":"Hace un tiempo alguien me dijo que ten\u00eda que salir del armario espiritual. La expresi\u00f3n me hizo much\u00edsima gracia, porque nunca la hab\u00eda escuchado ni se me hubiese ocurrido que pod\u00eda encajar en cuanto a la espiritualidad pero la entend\u00ed, de inmediato, y supe que ten\u00eda raz\u00f3n. Hace unos a\u00f1os que mi vida ha ido [&hellip;]","og_url":"https:\/\/magdalenagrande.com\/blog\/salir-del-armario-espiritual\/","og_site_name":"Blog de Magdalena Grande","article_published_time":"2019-08-31T18:47:40+00:00","article_modified_time":"2019-09-14T12:55:32+00:00","og_image":[{"width":500,"height":500,"url":"http:\/\/magdalenagrande.com\/blog\/wp-content\/uploads\/2019\/08\/Copia-de-Psicolog\u00eda-consciente.png","path":"\/home\/largecupcake\/public_html\/blog\/wp-content\/uploads\/2019\/08\/Copia-de-Psicolog\u00eda-consciente.png","size":"full","id":184,"alt":"","pixels":250000,"type":"image\/png"}],"twitter_card":"summary","twitter_misc":{"Escrito por":"magdalena_grande","Tiempo de lectura":"2 minutos"},"schema":{"@context":"https:\/\/schema.org","@graph":[{"@type":"WebSite","@id":"https:\/\/magdalenagrande.com\/blog\/#website","url":"https:\/\/magdalenagrande.com\/blog\/","name":"Blog de Magdalena Grande","description":"Crecimiento personal, alta sensibilidad y educaci\u00f3n emocional","potentialAction":[{"@type":"SearchAction","target":{"@type":"EntryPoint","urlTemplate":"https:\/\/magdalenagrande.com\/blog\/?s={search_term_string}"},"query-input":"required name=search_term_string"}],"inLanguage":"es"},{"@type":"ImageObject","@id":"https:\/\/magdalenagrande.com\/blog\/salir-del-armario-espiritual\/#primaryimage","inLanguage":"es","url":"https:\/\/magdalenagrande.com\/blog\/wp-content\/uploads\/2019\/08\/Copia-de-Psicolog\u00eda-consciente.png","contentUrl":"https:\/\/magdalenagrande.com\/blog\/wp-content\/uploads\/2019\/08\/Copia-de-Psicolog\u00eda-consciente.png","width":500,"height":500},{"@type":"WebPage","@id":"https:\/\/magdalenagrande.com\/blog\/salir-del-armario-espiritual\/#webpage","url":"https:\/\/magdalenagrande.com\/blog\/salir-del-armario-espiritual\/","name":"Salir del armario espiritual - Blog de Magdalena Grande","isPartOf":{"@id":"https:\/\/magdalenagrande.com\/blog\/#website"},"primaryImageOfPage":{"@id":"https:\/\/magdalenagrande.com\/blog\/salir-del-armario-espiritual\/#primaryimage"},"datePublished":"2019-08-31T18:47:40+00:00","dateModified":"2019-09-14T12:55:32+00:00","author":{"@id":"https:\/\/magdalenagrande.com\/blog\/#\/schema\/person\/f8460fd9e22f0d0d09ef55ae7a4f6791"},"breadcrumb":{"@id":"https:\/\/magdalenagrande.com\/blog\/salir-del-armario-espiritual\/#breadcrumb"},"inLanguage":"es","potentialAction":[{"@type":"ReadAction","target":["https:\/\/magdalenagrande.com\/blog\/salir-del-armario-espiritual\/"]}]},{"@type":"BreadcrumbList","@id":"https:\/\/magdalenagrande.com\/blog\/salir-del-armario-espiritual\/#breadcrumb","itemListElement":[{"@type":"ListItem","position":1,"name":"Portada","item":"https:\/\/magdalenagrande.com\/blog\/"},{"@type":"ListItem","position":2,"name":"Salir del armario espiritual"}]},{"@type":"Person","@id":"https:\/\/magdalenagrande.com\/blog\/#\/schema\/person\/f8460fd9e22f0d0d09ef55ae7a4f6791","name":"magdalena_grande"}]}},"_links":{"self":[{"href":"https:\/\/magdalenagrande.com\/blog\/wp-json\/wp\/v2\/posts\/182","targetHints":{"allow":["GET"]}}],"collection":[{"href":"https:\/\/magdalenagrande.com\/blog\/wp-json\/wp\/v2\/posts"}],"about":[{"href":"https:\/\/magdalenagrande.com\/blog\/wp-json\/wp\/v2\/types\/post"}],"author":[{"embeddable":true,"href":"https:\/\/magdalenagrande.com\/blog\/wp-json\/wp\/v2\/users\/1"}],"replies":[{"embeddable":true,"href":"https:\/\/magdalenagrande.com\/blog\/wp-json\/wp\/v2\/comments?post=182"}],"version-history":[{"count":2,"href":"https:\/\/magdalenagrande.com\/blog\/wp-json\/wp\/v2\/posts\/182\/revisions"}],"predecessor-version":[{"id":185,"href":"https:\/\/magdalenagrande.com\/blog\/wp-json\/wp\/v2\/posts\/182\/revisions\/185"}],"wp:featuredmedia":[{"embeddable":true,"href":"https:\/\/magdalenagrande.com\/blog\/wp-json\/wp\/v2\/media\/184"}],"wp:attachment":[{"href":"https:\/\/magdalenagrande.com\/blog\/wp-json\/wp\/v2\/media?parent=182"}],"wp:term":[{"taxonomy":"category","embeddable":true,"href":"https:\/\/magdalenagrande.com\/blog\/wp-json\/wp\/v2\/categories?post=182"},{"taxonomy":"post_tag","embeddable":true,"href":"https:\/\/magdalenagrande.com\/blog\/wp-json\/wp\/v2\/tags?post=182"}],"curies":[{"name":"wp","href":"https:\/\/api.w.org\/{rel}","templated":true}]}}