{"id":207,"date":"2020-03-14T19:36:16","date_gmt":"2020-03-14T19:36:16","guid":{"rendered":"http:\/\/magdalenagrande.com\/blog\/?p=207"},"modified":"2020-03-14T19:36:16","modified_gmt":"2020-03-14T19:36:16","slug":"corona-esencia","status":"publish","type":"post","link":"https:\/\/magdalenagrande.com\/blog\/corona-esencia\/","title":{"rendered":"Corona&#8230;esencia"},"content":{"rendered":"<h3>Mirando dentro<\/h3>\n<p>Con todo esto que est\u00e1 pasando (al mundo, a nosotros) es interesante observarnos y ver qu\u00e9 sucede en nuestro interior. No digo que sea divertido porque el encuentro \u00edntimo con uno mismo es una de las cosas m\u00e1s dif\u00edciles que podemos hacer. Valiente, eso s\u00ed. Es muy valiente encontrarse a uno mismo dentro de todo este caos. Trato de recapitular desde la primera vez que escuch\u00e9 la palabra \u201ccoronavirus\u201d hasta el d\u00eda de hoy y me parece incre\u00edble que todo esto haya podido suceder, as\u00ed, de esta forma. Incre\u00edble que hoy estemos en casa y que vayamos a estarlo los pr\u00f3ximos d\u00edas, sin salir, encerrados de alguna manera con nosotros mismos y nuestras familias por el bien de todos. Esto se ve\u00eda venir los \u00faltimos d\u00edas por lo que he estado dici\u00e9ndolo en voz alta (\u201cno podremos salir\u201d, \u201ctendremos que quedarnos en casa\u201d\u2026) para ver si as\u00ed se me hac\u00eda m\u00e1s real pero veo que no, que no ha servido de mucho.<\/p>\n<h3>Sensaci\u00f3n de irrealidad<\/h3>\n<p>Esto me est\u00e1 sirviendo much\u00edsimo para conocerme m\u00e1s. Trato de mirar dentro y escucharme y encuentro, aunque me muera de rabia al encontrarlo, el p\u00e1nico y la psicosis de lo que voy viendo y escuchando. No por el virus, la verdad, porque gracias a dios los que nos rodean no corren un gran riesgo pero s\u00ed por la situaci\u00f3n general en que est\u00e1 el mundo, por los cambios que hemos vivido los \u00faltimos d\u00edas y porque creo que jam\u00e1s (JAM\u00c1S) se me habr\u00eda podido ocurrir que alguna vez estar\u00edamos as\u00ed, en casa, teniendo que estar en casa. \u00bfTambi\u00e9n ten\u00e9is la sensaci\u00f3n de estar viviendo en una pel\u00edcula?<\/p>\n<h3>Dicotom\u00eda: AMOR-ODIO<\/h3>\n<p>Aparece en m\u00ed este pensamiento dicot\u00f3mico a veces absurdo: \u201cqu\u00e9 putada tener que estar aqu\u00ed\u201d. Soy una persona que necesita salir todos los d\u00edas de casa, socializar, hablar, tocar, re\u00edr, compartir, sentir el viento en la cara, el sol\u2026 lo necesito mucho, por lo que esto va a ser un aut\u00e9ntico reto para m\u00ed. Por otro lado, no dejo de pensar \u201cqu\u00e9 suerte la nuestra, poder estar aqu\u00ed, as\u00ed, en esta tranquilidad, pudiendo hacer lo que queramos, lo que siempre hemos querido\u201d: descansar cuanto se quiera, ver pelis, hacer limpieza, jugar con los ni\u00f1os, leer, escribir, meditar\u2026 As\u00ed que por un lado es un gran reto y por otro es una gran oportunidad.<\/p>\n<p>Cuando pienso como tal en el encierro se me agarrota la boca del est\u00f3mago. Cuando pienso en lo afortunada que soy, en la vida que tengo, en la suerte de cuanto vivo, me libero.<\/p>\n<h3>M\u00e1s all\u00e1<\/h3>\n<p>Por otro lado, que era lo que realmente quer\u00eda escribir, el mundo me est\u00e1 dejando alucinada. Estamos viendo todo lo peor y todo lo mejor. Lo mejor de los humanos es nuestra humanidad, nuestra capacidad de ayuda, nuestra responsabilidad, nuestra creatividad, las ganas de abrazarnos\u2026 Alucino con la cantidad infinita de ideas brillantes que est\u00e1n surgiendo a trav\u00e9s de las redes y de c\u00f3mo se abren numerosas oportunidades para cambiar el mundo y hacer de este rinconcito un lugar m\u00e1s consciente. \u00bfSab\u00e9is los cambios que se van a producir despu\u00e9s de esto? Yo elijo quedarme con lo bueno, mira\u2026 que lo malo lo vemos cada tres segundos en nuestro tel\u00e9fono\u2026 As\u00ed que s\u00e9 que la gente va a ir tomando m\u00e1s consciencia sobre uno mismo y sobre los dem\u00e1s, todos y uno. Gente creando ideas nuevas, conciertos online desde casa, arrancando con el teletrabajo, mayor conciliaci\u00f3n, aprendiendo a ser resilientes, estrujando nuestra creatividad, potenciando la formaci\u00f3n online\u2026 en fin, tengo la sensaci\u00f3n de que esto es s\u00f3lo el principio de un gran cambio que viene y que no va a ser todo tan malo como pensamos\u2026 como la torre que cae porque necesita reconstruirse\u2026 quiz\u00e1 necesitamos todos, ya, reconstruirnos\u2026<\/p>\n<p>\u00bfQu\u00e9 opinas?<\/p>\n<p>Te env\u00edo un abrazo digital hasta que pueda darte un buen achuch\u00f3n de verdad<\/p>\n","protected":false},"excerpt":{"rendered":"<p>Mirando dentro Con todo esto que est\u00e1 pasando (al mundo, a nosotros) es interesante observarnos y ver qu\u00e9 sucede en nuestro interior. No digo que sea divertido porque el encuentro \u00edntimo con uno mismo es una de las cosas m\u00e1s dif\u00edciles que podemos hacer. Valiente, eso s\u00ed. Es muy valiente encontrarse a uno mismo dentro [&hellip;]<\/p>\n","protected":false},"author":1,"featured_media":209,"comment_status":"closed","ping_status":"closed","sticky":false,"template":"","format":"standard","meta":{"sfsi_plus_gutenberg_text_before_share":"","sfsi_plus_gutenberg_show_text_before_share":"","sfsi_plus_gutenberg_icon_type":"","sfsi_plus_gutenberg_icon_alignemt":"","sfsi_plus_gutenburg_max_per_row":"","footnotes":""},"categories":[18,10,14],"tags":[26],"class_list":["post-207","post","type-post","status-publish","format-standard","has-post-thumbnail","hentry","category-aqui-y-ahora","category-emociones","category-personal","tag-emociones"],"yoast_head":"<!-- This site is optimized with the Yoast SEO plugin v17.0 - https:\/\/yoast.com\/wordpress\/plugins\/seo\/ -->\n<title>Corona...esencia - Blog de Magdalena Grande<\/title>\n<meta name=\"robots\" content=\"index, follow, max-snippet:-1, max-image-preview:large, max-video-preview:-1\" \/>\n<link rel=\"canonical\" href=\"https:\/\/magdalenagrande.com\/blog\/corona-esencia\/\" \/>\n<meta property=\"og:locale\" content=\"es_ES\" \/>\n<meta property=\"og:type\" content=\"article\" \/>\n<meta property=\"og:title\" content=\"Corona...esencia - Blog de Magdalena Grande\" \/>\n<meta property=\"og:description\" content=\"Mirando dentro Con todo esto que est\u00e1 pasando (al mundo, a nosotros) es interesante observarnos y ver qu\u00e9 sucede en nuestro interior. No digo que sea divertido porque el encuentro \u00edntimo con uno mismo es una de las cosas m\u00e1s dif\u00edciles que podemos hacer. Valiente, eso s\u00ed. Es muy valiente encontrarse a uno mismo dentro [&hellip;]\" \/>\n<meta property=\"og:url\" content=\"https:\/\/magdalenagrande.com\/blog\/corona-esencia\/\" \/>\n<meta property=\"og:site_name\" content=\"Blog de Magdalena Grande\" \/>\n<meta property=\"article:published_time\" content=\"2020-03-14T19:36:16+00:00\" \/>\n<meta property=\"og:image\" content=\"http:\/\/magdalenagrande.com\/blog\/wp-content\/uploads\/2020\/03\/Serene-Seas-Instagram-Post.jpg\" \/>\n\t<meta property=\"og:image:width\" content=\"1080\" \/>\n\t<meta property=\"og:image:height\" content=\"1080\" \/>\n<meta name=\"twitter:card\" content=\"summary\" \/>\n<meta name=\"twitter:label1\" content=\"Escrito por\" \/>\n\t<meta name=\"twitter:data1\" content=\"magdalena_grande\" \/>\n\t<meta name=\"twitter:label2\" content=\"Tiempo de lectura\" \/>\n\t<meta name=\"twitter:data2\" content=\"3 minutos\" \/>\n<script type=\"application\/ld+json\" class=\"yoast-schema-graph\">{\"@context\":\"https:\/\/schema.org\",\"@graph\":[{\"@type\":\"WebSite\",\"@id\":\"https:\/\/magdalenagrande.com\/blog\/#website\",\"url\":\"https:\/\/magdalenagrande.com\/blog\/\",\"name\":\"Blog de Magdalena Grande\",\"description\":\"Crecimiento personal, alta sensibilidad y educaci\\u00f3n emocional\",\"potentialAction\":[{\"@type\":\"SearchAction\",\"target\":{\"@type\":\"EntryPoint\",\"urlTemplate\":\"https:\/\/magdalenagrande.com\/blog\/?s={search_term_string}\"},\"query-input\":\"required name=search_term_string\"}],\"inLanguage\":\"es\"},{\"@type\":\"ImageObject\",\"@id\":\"https:\/\/magdalenagrande.com\/blog\/corona-esencia\/#primaryimage\",\"inLanguage\":\"es\",\"url\":\"https:\/\/magdalenagrande.com\/blog\/wp-content\/uploads\/2020\/03\/Serene-Seas-Instagram-Post.jpg\",\"contentUrl\":\"https:\/\/magdalenagrande.com\/blog\/wp-content\/uploads\/2020\/03\/Serene-Seas-Instagram-Post.jpg\",\"width\":1080,\"height\":1080},{\"@type\":\"WebPage\",\"@id\":\"https:\/\/magdalenagrande.com\/blog\/corona-esencia\/#webpage\",\"url\":\"https:\/\/magdalenagrande.com\/blog\/corona-esencia\/\",\"name\":\"Corona...esencia - Blog de Magdalena Grande\",\"isPartOf\":{\"@id\":\"https:\/\/magdalenagrande.com\/blog\/#website\"},\"primaryImageOfPage\":{\"@id\":\"https:\/\/magdalenagrande.com\/blog\/corona-esencia\/#primaryimage\"},\"datePublished\":\"2020-03-14T19:36:16+00:00\",\"dateModified\":\"2020-03-14T19:36:16+00:00\",\"author\":{\"@id\":\"https:\/\/magdalenagrande.com\/blog\/#\/schema\/person\/f8460fd9e22f0d0d09ef55ae7a4f6791\"},\"breadcrumb\":{\"@id\":\"https:\/\/magdalenagrande.com\/blog\/corona-esencia\/#breadcrumb\"},\"inLanguage\":\"es\",\"potentialAction\":[{\"@type\":\"ReadAction\",\"target\":[\"https:\/\/magdalenagrande.com\/blog\/corona-esencia\/\"]}]},{\"@type\":\"BreadcrumbList\",\"@id\":\"https:\/\/magdalenagrande.com\/blog\/corona-esencia\/#breadcrumb\",\"itemListElement\":[{\"@type\":\"ListItem\",\"position\":1,\"name\":\"Portada\",\"item\":\"https:\/\/magdalenagrande.com\/blog\/\"},{\"@type\":\"ListItem\",\"position\":2,\"name\":\"Corona&#8230;esencia\"}]},{\"@type\":\"Person\",\"@id\":\"https:\/\/magdalenagrande.com\/blog\/#\/schema\/person\/f8460fd9e22f0d0d09ef55ae7a4f6791\",\"name\":\"magdalena_grande\"}]}<\/script>\n<!-- \/ Yoast SEO plugin. -->","yoast_head_json":{"title":"Corona...esencia - Blog de Magdalena Grande","robots":{"index":"index","follow":"follow","max-snippet":"max-snippet:-1","max-image-preview":"max-image-preview:large","max-video-preview":"max-video-preview:-1"},"canonical":"https:\/\/magdalenagrande.com\/blog\/corona-esencia\/","og_locale":"es_ES","og_type":"article","og_title":"Corona...esencia - Blog de Magdalena Grande","og_description":"Mirando dentro Con todo esto que est\u00e1 pasando (al mundo, a nosotros) es interesante observarnos y ver qu\u00e9 sucede en nuestro interior. No digo que sea divertido porque el encuentro \u00edntimo con uno mismo es una de las cosas m\u00e1s dif\u00edciles que podemos hacer. Valiente, eso s\u00ed. Es muy valiente encontrarse a uno mismo dentro [&hellip;]","og_url":"https:\/\/magdalenagrande.com\/blog\/corona-esencia\/","og_site_name":"Blog de Magdalena Grande","article_published_time":"2020-03-14T19:36:16+00:00","og_image":[{"width":1080,"height":1080,"url":"http:\/\/magdalenagrande.com\/blog\/wp-content\/uploads\/2020\/03\/Serene-Seas-Instagram-Post.jpg","path":"\/home\/largecupcake\/public_html\/blog\/wp-content\/uploads\/2020\/03\/Serene-Seas-Instagram-Post.jpg","size":"full","id":209,"alt":"","pixels":1166400,"type":"image\/jpeg"}],"twitter_card":"summary","twitter_misc":{"Escrito por":"magdalena_grande","Tiempo de lectura":"3 minutos"},"schema":{"@context":"https:\/\/schema.org","@graph":[{"@type":"WebSite","@id":"https:\/\/magdalenagrande.com\/blog\/#website","url":"https:\/\/magdalenagrande.com\/blog\/","name":"Blog de Magdalena Grande","description":"Crecimiento personal, alta sensibilidad y educaci\u00f3n emocional","potentialAction":[{"@type":"SearchAction","target":{"@type":"EntryPoint","urlTemplate":"https:\/\/magdalenagrande.com\/blog\/?s={search_term_string}"},"query-input":"required name=search_term_string"}],"inLanguage":"es"},{"@type":"ImageObject","@id":"https:\/\/magdalenagrande.com\/blog\/corona-esencia\/#primaryimage","inLanguage":"es","url":"https:\/\/magdalenagrande.com\/blog\/wp-content\/uploads\/2020\/03\/Serene-Seas-Instagram-Post.jpg","contentUrl":"https:\/\/magdalenagrande.com\/blog\/wp-content\/uploads\/2020\/03\/Serene-Seas-Instagram-Post.jpg","width":1080,"height":1080},{"@type":"WebPage","@id":"https:\/\/magdalenagrande.com\/blog\/corona-esencia\/#webpage","url":"https:\/\/magdalenagrande.com\/blog\/corona-esencia\/","name":"Corona...esencia - Blog de Magdalena Grande","isPartOf":{"@id":"https:\/\/magdalenagrande.com\/blog\/#website"},"primaryImageOfPage":{"@id":"https:\/\/magdalenagrande.com\/blog\/corona-esencia\/#primaryimage"},"datePublished":"2020-03-14T19:36:16+00:00","dateModified":"2020-03-14T19:36:16+00:00","author":{"@id":"https:\/\/magdalenagrande.com\/blog\/#\/schema\/person\/f8460fd9e22f0d0d09ef55ae7a4f6791"},"breadcrumb":{"@id":"https:\/\/magdalenagrande.com\/blog\/corona-esencia\/#breadcrumb"},"inLanguage":"es","potentialAction":[{"@type":"ReadAction","target":["https:\/\/magdalenagrande.com\/blog\/corona-esencia\/"]}]},{"@type":"BreadcrumbList","@id":"https:\/\/magdalenagrande.com\/blog\/corona-esencia\/#breadcrumb","itemListElement":[{"@type":"ListItem","position":1,"name":"Portada","item":"https:\/\/magdalenagrande.com\/blog\/"},{"@type":"ListItem","position":2,"name":"Corona&#8230;esencia"}]},{"@type":"Person","@id":"https:\/\/magdalenagrande.com\/blog\/#\/schema\/person\/f8460fd9e22f0d0d09ef55ae7a4f6791","name":"magdalena_grande"}]}},"_links":{"self":[{"href":"https:\/\/magdalenagrande.com\/blog\/wp-json\/wp\/v2\/posts\/207","targetHints":{"allow":["GET"]}}],"collection":[{"href":"https:\/\/magdalenagrande.com\/blog\/wp-json\/wp\/v2\/posts"}],"about":[{"href":"https:\/\/magdalenagrande.com\/blog\/wp-json\/wp\/v2\/types\/post"}],"author":[{"embeddable":true,"href":"https:\/\/magdalenagrande.com\/blog\/wp-json\/wp\/v2\/users\/1"}],"replies":[{"embeddable":true,"href":"https:\/\/magdalenagrande.com\/blog\/wp-json\/wp\/v2\/comments?post=207"}],"version-history":[{"count":1,"href":"https:\/\/magdalenagrande.com\/blog\/wp-json\/wp\/v2\/posts\/207\/revisions"}],"predecessor-version":[{"id":210,"href":"https:\/\/magdalenagrande.com\/blog\/wp-json\/wp\/v2\/posts\/207\/revisions\/210"}],"wp:featuredmedia":[{"embeddable":true,"href":"https:\/\/magdalenagrande.com\/blog\/wp-json\/wp\/v2\/media\/209"}],"wp:attachment":[{"href":"https:\/\/magdalenagrande.com\/blog\/wp-json\/wp\/v2\/media?parent=207"}],"wp:term":[{"taxonomy":"category","embeddable":true,"href":"https:\/\/magdalenagrande.com\/blog\/wp-json\/wp\/v2\/categories?post=207"},{"taxonomy":"post_tag","embeddable":true,"href":"https:\/\/magdalenagrande.com\/blog\/wp-json\/wp\/v2\/tags?post=207"}],"curies":[{"name":"wp","href":"https:\/\/api.w.org\/{rel}","templated":true}]}}