{"id":232,"date":"2021-09-06T21:26:33","date_gmt":"2021-09-06T21:26:33","guid":{"rendered":"https:\/\/magdalenagrande.com\/blog\/?p=232"},"modified":"2021-09-06T21:43:24","modified_gmt":"2021-09-06T21:43:24","slug":"te-guio","status":"publish","type":"post","link":"https:\/\/magdalenagrande.com\/blog\/te-guio\/","title":{"rendered":"Te gu\u00edo"},"content":{"rendered":"\n<p>Est\u00e1s despertando&#8230; es una sensaci\u00f3n aut\u00e9ntica y maravillosa pero puede ser abrumadora.<\/p>\n\n\n\n<p>Acompa\u00f1arte de manera individual en tu proceso de transformaci\u00f3n interna es una de las cosas m\u00e1s bonitas que he tenido la posibilidad de vivir a lo largo de estos a\u00f1os.<\/p>\n\n\n\n<p>Estos cambios son tan personales y tan m\u00e1gicos que no hay palabras que puedan describirlos. Eres tan fuerte que me emociona poder acompa\u00f1arte en el camino. Esa es mi misi\u00f3n, ofrecerte mi mano y andar a tu lado.<\/p>\n\n\n\n<p>Los procesos individuales tienen como objetivo ir aprendiendo de nuestra propia sensibilidad y nuestros procesos internos: gestionar nuestras emociones, identificar las creencias, ver m\u00e1s all\u00e1, detectar patrones familiares o de comportamiento, etc.<\/p>\n\n\n\n<p>Se aprende, en definitiva, a verse a uno mismo desde la claridad y coherencia, a vivir en consciencia y desde el ser, lo cual lo transforma todo.<\/p>\n\n\n\n<p>Eres la protagonista de tu propio proceso.<\/p>\n\n\n\n<p>Si sientes que hay una parte de ti que est\u00e1 despertando y tienes ganas de indagar y hacerlo de manera consciente, me ofrezco para acompa\u00f1arte.<\/p>\n\n\n\n<p>Escr\u00edbeme un privado y te cuento m\u00e1s.<\/p>\n\n\n\n<p>Gracias por estar aqu\u00ed \u2764\ufe0f<\/p>\n\n\n\n<p>#psicolog\u00eda #sensibilidadconsciente #altasensibilidad #personasaltamentesensibles #psicologiaconsciente #hazdetusensibilidadtusuperpoder #crecimientopersonal #teacompa\u00f1o #terapiaonline #consciencia #magdalenagrande #consultaonline <\/p>\n\n\n\n<p>Www.magdalenagrande.com<\/p>\n\n\n\n<p>@personas_altamente_sensibles<\/p>\n\n\n\n<figure class=\"wp-block-image size-large\"><img loading=\"lazy\" decoding=\"async\" width=\"880\" height=\"1024\" src=\"https:\/\/magdalenagrande.com\/blog\/wp-content\/uploads\/2021\/09\/image_editor_output_image1497168086-1630963582025-880x1024.jpg\" alt=\"\" class=\"wp-image-231\" srcset=\"https:\/\/magdalenagrande.com\/blog\/wp-content\/uploads\/2021\/09\/image_editor_output_image1497168086-1630963582025-880x1024.jpg 880w, https:\/\/magdalenagrande.com\/blog\/wp-content\/uploads\/2021\/09\/image_editor_output_image1497168086-1630963582025-258x300.jpg 258w, https:\/\/magdalenagrande.com\/blog\/wp-content\/uploads\/2021\/09\/image_editor_output_image1497168086-1630963582025-768x894.jpg 768w, https:\/\/magdalenagrande.com\/blog\/wp-content\/uploads\/2021\/09\/image_editor_output_image1497168086-1630963582025.jpg 1075w\" sizes=\"auto, (max-width: 880px) 100vw, 880px\" \/><\/figure>\n","protected":false},"excerpt":{"rendered":"<p>Est\u00e1s despertando&#8230; es una sensaci\u00f3n aut\u00e9ntica y maravillosa pero puede ser abrumadora. Acompa\u00f1arte de manera individual en tu proceso de transformaci\u00f3n interna es una de las cosas m\u00e1s bonitas que he tenido la posibilidad de vivir a lo largo de estos a\u00f1os. Estos cambios son tan personales y tan m\u00e1gicos que no hay palabras que [&hellip;]<\/p>\n","protected":false},"author":1,"featured_media":0,"comment_status":"closed","ping_status":"closed","sticky":false,"template":"","format":"standard","meta":{"sfsi_plus_gutenberg_text_before_share":"","sfsi_plus_gutenberg_show_text_before_share":"","sfsi_plus_gutenberg_icon_type":"","sfsi_plus_gutenberg_icon_alignemt":"","sfsi_plus_gutenburg_max_per_row":"","footnotes":""},"categories":[1,78],"tags":[],"class_list":["post-232","post","type-post","status-publish","format-standard","hentry","category-auda","category-servicios"],"yoast_head":"<!-- This site is optimized with the Yoast SEO plugin v17.0 - https:\/\/yoast.com\/wordpress\/plugins\/seo\/ -->\n<title>Te gu\u00edo - Blog de Magdalena Grande<\/title>\n<meta name=\"robots\" content=\"index, follow, max-snippet:-1, max-image-preview:large, max-video-preview:-1\" \/>\n<link rel=\"canonical\" href=\"https:\/\/magdalenagrande.com\/blog\/te-guio\/\" \/>\n<meta property=\"og:locale\" content=\"es_ES\" \/>\n<meta property=\"og:type\" content=\"article\" \/>\n<meta property=\"og:title\" content=\"Te gu\u00edo - Blog de Magdalena Grande\" \/>\n<meta property=\"og:description\" content=\"Est\u00e1s despertando&#8230; es una sensaci\u00f3n aut\u00e9ntica y maravillosa pero puede ser abrumadora. Acompa\u00f1arte de manera individual en tu proceso de transformaci\u00f3n interna es una de las cosas m\u00e1s bonitas que he tenido la posibilidad de vivir a lo largo de estos a\u00f1os. Estos cambios son tan personales y tan m\u00e1gicos que no hay palabras que [&hellip;]\" \/>\n<meta property=\"og:url\" content=\"https:\/\/magdalenagrande.com\/blog\/te-guio\/\" \/>\n<meta property=\"og:site_name\" content=\"Blog de Magdalena Grande\" \/>\n<meta property=\"article:published_time\" content=\"2021-09-06T21:26:33+00:00\" \/>\n<meta property=\"article:modified_time\" content=\"2021-09-06T21:43:24+00:00\" \/>\n<meta property=\"og:image\" content=\"https:\/\/magdalenagrande.com\/blog\/wp-content\/uploads\/2021\/09\/image_editor_output_image1497168086-1630963582025-880x1024.jpg\" \/>\n<meta name=\"twitter:card\" content=\"summary\" \/>\n<meta name=\"twitter:label1\" content=\"Escrito por\" \/>\n\t<meta name=\"twitter:data1\" content=\"magdalena_grande\" \/>\n\t<meta name=\"twitter:label2\" content=\"Tiempo de lectura\" \/>\n\t<meta name=\"twitter:data2\" content=\"1 minuto\" \/>\n<script type=\"application\/ld+json\" class=\"yoast-schema-graph\">{\"@context\":\"https:\/\/schema.org\",\"@graph\":[{\"@type\":\"WebSite\",\"@id\":\"https:\/\/magdalenagrande.com\/blog\/#website\",\"url\":\"https:\/\/magdalenagrande.com\/blog\/\",\"name\":\"Blog de Magdalena Grande\",\"description\":\"Crecimiento personal, alta sensibilidad y educaci\\u00f3n emocional\",\"potentialAction\":[{\"@type\":\"SearchAction\",\"target\":{\"@type\":\"EntryPoint\",\"urlTemplate\":\"https:\/\/magdalenagrande.com\/blog\/?s={search_term_string}\"},\"query-input\":\"required name=search_term_string\"}],\"inLanguage\":\"es\"},{\"@type\":\"ImageObject\",\"@id\":\"https:\/\/magdalenagrande.com\/blog\/te-guio\/#primaryimage\",\"inLanguage\":\"es\",\"url\":\"https:\/\/magdalenagrande.com\/blog\/wp-content\/uploads\/2021\/09\/image_editor_output_image1497168086-1630963582025.jpg\",\"contentUrl\":\"https:\/\/magdalenagrande.com\/blog\/wp-content\/uploads\/2021\/09\/image_editor_output_image1497168086-1630963582025.jpg\",\"width\":1075,\"height\":1251},{\"@type\":\"WebPage\",\"@id\":\"https:\/\/magdalenagrande.com\/blog\/te-guio\/#webpage\",\"url\":\"https:\/\/magdalenagrande.com\/blog\/te-guio\/\",\"name\":\"Te gu\\u00edo - Blog de Magdalena Grande\",\"isPartOf\":{\"@id\":\"https:\/\/magdalenagrande.com\/blog\/#website\"},\"primaryImageOfPage\":{\"@id\":\"https:\/\/magdalenagrande.com\/blog\/te-guio\/#primaryimage\"},\"datePublished\":\"2021-09-06T21:26:33+00:00\",\"dateModified\":\"2021-09-06T21:43:24+00:00\",\"author\":{\"@id\":\"https:\/\/magdalenagrande.com\/blog\/#\/schema\/person\/f8460fd9e22f0d0d09ef55ae7a4f6791\"},\"breadcrumb\":{\"@id\":\"https:\/\/magdalenagrande.com\/blog\/te-guio\/#breadcrumb\"},\"inLanguage\":\"es\",\"potentialAction\":[{\"@type\":\"ReadAction\",\"target\":[\"https:\/\/magdalenagrande.com\/blog\/te-guio\/\"]}]},{\"@type\":\"BreadcrumbList\",\"@id\":\"https:\/\/magdalenagrande.com\/blog\/te-guio\/#breadcrumb\",\"itemListElement\":[{\"@type\":\"ListItem\",\"position\":1,\"name\":\"Portada\",\"item\":\"https:\/\/magdalenagrande.com\/blog\/\"},{\"@type\":\"ListItem\",\"position\":2,\"name\":\"Te gu\\u00edo\"}]},{\"@type\":\"Person\",\"@id\":\"https:\/\/magdalenagrande.com\/blog\/#\/schema\/person\/f8460fd9e22f0d0d09ef55ae7a4f6791\",\"name\":\"magdalena_grande\"}]}<\/script>\n<!-- \/ Yoast SEO plugin. -->","yoast_head_json":{"title":"Te gu\u00edo - Blog de Magdalena Grande","robots":{"index":"index","follow":"follow","max-snippet":"max-snippet:-1","max-image-preview":"max-image-preview:large","max-video-preview":"max-video-preview:-1"},"canonical":"https:\/\/magdalenagrande.com\/blog\/te-guio\/","og_locale":"es_ES","og_type":"article","og_title":"Te gu\u00edo - Blog de Magdalena Grande","og_description":"Est\u00e1s despertando&#8230; es una sensaci\u00f3n aut\u00e9ntica y maravillosa pero puede ser abrumadora. Acompa\u00f1arte de manera individual en tu proceso de transformaci\u00f3n interna es una de las cosas m\u00e1s bonitas que he tenido la posibilidad de vivir a lo largo de estos a\u00f1os. Estos cambios son tan personales y tan m\u00e1gicos que no hay palabras que [&hellip;]","og_url":"https:\/\/magdalenagrande.com\/blog\/te-guio\/","og_site_name":"Blog de Magdalena Grande","article_published_time":"2021-09-06T21:26:33+00:00","article_modified_time":"2021-09-06T21:43:24+00:00","og_image":[{"url":"https:\/\/magdalenagrande.com\/blog\/wp-content\/uploads\/2021\/09\/image_editor_output_image1497168086-1630963582025-880x1024.jpg"}],"twitter_card":"summary","twitter_misc":{"Escrito por":"magdalena_grande","Tiempo de lectura":"1 minuto"},"schema":{"@context":"https:\/\/schema.org","@graph":[{"@type":"WebSite","@id":"https:\/\/magdalenagrande.com\/blog\/#website","url":"https:\/\/magdalenagrande.com\/blog\/","name":"Blog de Magdalena Grande","description":"Crecimiento personal, alta sensibilidad y educaci\u00f3n emocional","potentialAction":[{"@type":"SearchAction","target":{"@type":"EntryPoint","urlTemplate":"https:\/\/magdalenagrande.com\/blog\/?s={search_term_string}"},"query-input":"required name=search_term_string"}],"inLanguage":"es"},{"@type":"ImageObject","@id":"https:\/\/magdalenagrande.com\/blog\/te-guio\/#primaryimage","inLanguage":"es","url":"https:\/\/magdalenagrande.com\/blog\/wp-content\/uploads\/2021\/09\/image_editor_output_image1497168086-1630963582025.jpg","contentUrl":"https:\/\/magdalenagrande.com\/blog\/wp-content\/uploads\/2021\/09\/image_editor_output_image1497168086-1630963582025.jpg","width":1075,"height":1251},{"@type":"WebPage","@id":"https:\/\/magdalenagrande.com\/blog\/te-guio\/#webpage","url":"https:\/\/magdalenagrande.com\/blog\/te-guio\/","name":"Te gu\u00edo - Blog de Magdalena Grande","isPartOf":{"@id":"https:\/\/magdalenagrande.com\/blog\/#website"},"primaryImageOfPage":{"@id":"https:\/\/magdalenagrande.com\/blog\/te-guio\/#primaryimage"},"datePublished":"2021-09-06T21:26:33+00:00","dateModified":"2021-09-06T21:43:24+00:00","author":{"@id":"https:\/\/magdalenagrande.com\/blog\/#\/schema\/person\/f8460fd9e22f0d0d09ef55ae7a4f6791"},"breadcrumb":{"@id":"https:\/\/magdalenagrande.com\/blog\/te-guio\/#breadcrumb"},"inLanguage":"es","potentialAction":[{"@type":"ReadAction","target":["https:\/\/magdalenagrande.com\/blog\/te-guio\/"]}]},{"@type":"BreadcrumbList","@id":"https:\/\/magdalenagrande.com\/blog\/te-guio\/#breadcrumb","itemListElement":[{"@type":"ListItem","position":1,"name":"Portada","item":"https:\/\/magdalenagrande.com\/blog\/"},{"@type":"ListItem","position":2,"name":"Te gu\u00edo"}]},{"@type":"Person","@id":"https:\/\/magdalenagrande.com\/blog\/#\/schema\/person\/f8460fd9e22f0d0d09ef55ae7a4f6791","name":"magdalena_grande"}]}},"_links":{"self":[{"href":"https:\/\/magdalenagrande.com\/blog\/wp-json\/wp\/v2\/posts\/232","targetHints":{"allow":["GET"]}}],"collection":[{"href":"https:\/\/magdalenagrande.com\/blog\/wp-json\/wp\/v2\/posts"}],"about":[{"href":"https:\/\/magdalenagrande.com\/blog\/wp-json\/wp\/v2\/types\/post"}],"author":[{"embeddable":true,"href":"https:\/\/magdalenagrande.com\/blog\/wp-json\/wp\/v2\/users\/1"}],"replies":[{"embeddable":true,"href":"https:\/\/magdalenagrande.com\/blog\/wp-json\/wp\/v2\/comments?post=232"}],"version-history":[{"count":2,"href":"https:\/\/magdalenagrande.com\/blog\/wp-json\/wp\/v2\/posts\/232\/revisions"}],"predecessor-version":[{"id":257,"href":"https:\/\/magdalenagrande.com\/blog\/wp-json\/wp\/v2\/posts\/232\/revisions\/257"}],"wp:attachment":[{"href":"https:\/\/magdalenagrande.com\/blog\/wp-json\/wp\/v2\/media?parent=232"}],"wp:term":[{"taxonomy":"category","embeddable":true,"href":"https:\/\/magdalenagrande.com\/blog\/wp-json\/wp\/v2\/categories?post=232"},{"taxonomy":"post_tag","embeddable":true,"href":"https:\/\/magdalenagrande.com\/blog\/wp-json\/wp\/v2\/tags?post=232"}],"curies":[{"name":"wp","href":"https:\/\/api.w.org\/{rel}","templated":true}]}}