{"id":238,"date":"2021-09-06T21:31:41","date_gmt":"2021-09-06T21:31:41","guid":{"rendered":"https:\/\/magdalenagrande.com\/blog\/?p=238"},"modified":"2021-09-06T21:42:37","modified_gmt":"2021-09-06T21:42:37","slug":"recuerdamelo","status":"publish","type":"post","link":"https:\/\/magdalenagrande.com\/blog\/recuerdamelo\/","title":{"rendered":"Recu\u00e9rdamelo"},"content":{"rendered":"\n<p>A veces, miro arriba y lo pregunto&#8230;<\/p>\n\n\n\n<p>Recu\u00e9rdamelo.<\/p>\n\n\n\n<p>A veces, se lo pregunto a uno de mis angelitos terrestres para ver si me refresca la memoria. Nos re\u00edmos pensando en el momento en que todo esto nos deb\u00eda parecer tan divertido.<\/p>\n\n\n\n<p>Siento que todo ser\u00eda infinitamente m\u00e1s f\u00e1cil si pudi\u00e9ramos recordarlo todo, si supi\u00e9ramos qu\u00e9 necesit\u00e1bamos aprender y llev\u00e1ramos algo as\u00ed como un manual de instrucciones.<\/p>\n\n\n\n<p>Siento que la memoria es un tesoro muy valioso que se me desvanece.<\/p>\n\n\n\n<p>Despu\u00e9s vuelvo a m\u00ed y me doy cuenta de que, en realidad, cuando me escucho de verdad todo est\u00e1 aqu\u00ed dentro. No hay que buscar en ning\u00fan otro lugar porque aquello que se me repite es, sin duda, lo que vine a aprender y vive a vivir. Vivir con may\u00fasculas, sin el freno de mano ni el autom\u00e1tico. Y cuando soy capaz de hacer lo que me hace vibrar es cuando estoy en mi centro.<\/p>\n\n\n\n<p>Sigo aprendiendo&#8230;<\/p>\n\n\n\n<p>\u00bfTambi\u00e9n os gustar\u00eda a ratos&nbsp; disponer del manual m\u00e1gico de la vida?<\/p>\n\n\n\n<p>#personasaltamentesensibles #psicologiaconsciente #hazdetusensibilidadtusuperpoder #altasensibilidad #sensibilidadconsciente #manualdelavida #crecimientopersonal #sigoaprendiendo #recu\u00e9rdamelo #magdalenagrande #consultaonline <\/p>\n\n\n\n<p>@personas_altamente_sensibles<\/p>\n\n\n\n<figure class=\"wp-block-image size-large\"><img loading=\"lazy\" decoding=\"async\" width=\"910\" height=\"1024\" src=\"https:\/\/magdalenagrande.com\/blog\/wp-content\/uploads\/2021\/09\/image_editor_output_image-1991092199-1630963889872-910x1024.jpg\" alt=\"\" class=\"wp-image-237\" srcset=\"https:\/\/magdalenagrande.com\/blog\/wp-content\/uploads\/2021\/09\/image_editor_output_image-1991092199-1630963889872-910x1024.jpg 910w, https:\/\/magdalenagrande.com\/blog\/wp-content\/uploads\/2021\/09\/image_editor_output_image-1991092199-1630963889872-267x300.jpg 267w, https:\/\/magdalenagrande.com\/blog\/wp-content\/uploads\/2021\/09\/image_editor_output_image-1991092199-1630963889872-768x864.jpg 768w, https:\/\/magdalenagrande.com\/blog\/wp-content\/uploads\/2021\/09\/image_editor_output_image-1991092199-1630963889872.jpg 1078w\" sizes=\"auto, (max-width: 910px) 100vw, 910px\" \/><\/figure>\n\n\n\n<p>Ww.magdalenagrande.com <\/p>\n","protected":false},"excerpt":{"rendered":"<p>A veces, miro arriba y lo pregunto&#8230; Recu\u00e9rdamelo. A veces, se lo pregunto a uno de mis angelitos terrestres para ver si me refresca la memoria. Nos re\u00edmos pensando en el momento en que todo esto nos deb\u00eda parecer tan divertido. Siento que todo ser\u00eda infinitamente m\u00e1s f\u00e1cil si pudi\u00e9ramos recordarlo todo, si supi\u00e9ramos qu\u00e9 [&hellip;]<\/p>\n","protected":false},"author":1,"featured_media":0,"comment_status":"closed","ping_status":"closed","sticky":false,"template":"","format":"standard","meta":{"sfsi_plus_gutenberg_text_before_share":"","sfsi_plus_gutenberg_show_text_before_share":"","sfsi_plus_gutenberg_icon_type":"","sfsi_plus_gutenberg_icon_alignemt":"","sfsi_plus_gutenburg_max_per_row":"","footnotes":""},"categories":[1],"tags":[],"class_list":["post-238","post","type-post","status-publish","format-standard","hentry","category-auda"],"yoast_head":"<!-- This site is optimized with the Yoast SEO plugin v17.0 - https:\/\/yoast.com\/wordpress\/plugins\/seo\/ -->\n<title>Recu\u00e9rdamelo - Blog de Magdalena Grande<\/title>\n<meta name=\"robots\" content=\"index, follow, max-snippet:-1, max-image-preview:large, max-video-preview:-1\" \/>\n<link rel=\"canonical\" href=\"https:\/\/magdalenagrande.com\/blog\/recuerdamelo\/\" \/>\n<meta property=\"og:locale\" content=\"es_ES\" \/>\n<meta property=\"og:type\" content=\"article\" \/>\n<meta property=\"og:title\" content=\"Recu\u00e9rdamelo - Blog de Magdalena Grande\" \/>\n<meta property=\"og:description\" content=\"A veces, miro arriba y lo pregunto&#8230; Recu\u00e9rdamelo. A veces, se lo pregunto a uno de mis angelitos terrestres para ver si me refresca la memoria. Nos re\u00edmos pensando en el momento en que todo esto nos deb\u00eda parecer tan divertido. Siento que todo ser\u00eda infinitamente m\u00e1s f\u00e1cil si pudi\u00e9ramos recordarlo todo, si supi\u00e9ramos qu\u00e9 [&hellip;]\" \/>\n<meta property=\"og:url\" content=\"https:\/\/magdalenagrande.com\/blog\/recuerdamelo\/\" \/>\n<meta property=\"og:site_name\" content=\"Blog de Magdalena Grande\" \/>\n<meta property=\"article:published_time\" content=\"2021-09-06T21:31:41+00:00\" \/>\n<meta property=\"article:modified_time\" content=\"2021-09-06T21:42:37+00:00\" \/>\n<meta property=\"og:image\" content=\"https:\/\/magdalenagrande.com\/blog\/wp-content\/uploads\/2021\/09\/image_editor_output_image-1991092199-1630963889872-910x1024.jpg\" \/>\n<meta name=\"twitter:card\" content=\"summary\" \/>\n<meta name=\"twitter:label1\" content=\"Escrito por\" \/>\n\t<meta name=\"twitter:data1\" content=\"magdalena_grande\" \/>\n\t<meta name=\"twitter:label2\" content=\"Tiempo de lectura\" \/>\n\t<meta name=\"twitter:data2\" content=\"1 minuto\" \/>\n<script type=\"application\/ld+json\" class=\"yoast-schema-graph\">{\"@context\":\"https:\/\/schema.org\",\"@graph\":[{\"@type\":\"WebSite\",\"@id\":\"https:\/\/magdalenagrande.com\/blog\/#website\",\"url\":\"https:\/\/magdalenagrande.com\/blog\/\",\"name\":\"Blog de Magdalena Grande\",\"description\":\"Crecimiento personal, alta sensibilidad y educaci\\u00f3n emocional\",\"potentialAction\":[{\"@type\":\"SearchAction\",\"target\":{\"@type\":\"EntryPoint\",\"urlTemplate\":\"https:\/\/magdalenagrande.com\/blog\/?s={search_term_string}\"},\"query-input\":\"required name=search_term_string\"}],\"inLanguage\":\"es\"},{\"@type\":\"ImageObject\",\"@id\":\"https:\/\/magdalenagrande.com\/blog\/recuerdamelo\/#primaryimage\",\"inLanguage\":\"es\",\"url\":\"https:\/\/magdalenagrande.com\/blog\/wp-content\/uploads\/2021\/09\/image_editor_output_image-1991092199-1630963889872.jpg\",\"contentUrl\":\"https:\/\/magdalenagrande.com\/blog\/wp-content\/uploads\/2021\/09\/image_editor_output_image-1991092199-1630963889872.jpg\",\"width\":1078,\"height\":1213},{\"@type\":\"WebPage\",\"@id\":\"https:\/\/magdalenagrande.com\/blog\/recuerdamelo\/#webpage\",\"url\":\"https:\/\/magdalenagrande.com\/blog\/recuerdamelo\/\",\"name\":\"Recu\\u00e9rdamelo - Blog de Magdalena Grande\",\"isPartOf\":{\"@id\":\"https:\/\/magdalenagrande.com\/blog\/#website\"},\"primaryImageOfPage\":{\"@id\":\"https:\/\/magdalenagrande.com\/blog\/recuerdamelo\/#primaryimage\"},\"datePublished\":\"2021-09-06T21:31:41+00:00\",\"dateModified\":\"2021-09-06T21:42:37+00:00\",\"author\":{\"@id\":\"https:\/\/magdalenagrande.com\/blog\/#\/schema\/person\/f8460fd9e22f0d0d09ef55ae7a4f6791\"},\"breadcrumb\":{\"@id\":\"https:\/\/magdalenagrande.com\/blog\/recuerdamelo\/#breadcrumb\"},\"inLanguage\":\"es\",\"potentialAction\":[{\"@type\":\"ReadAction\",\"target\":[\"https:\/\/magdalenagrande.com\/blog\/recuerdamelo\/\"]}]},{\"@type\":\"BreadcrumbList\",\"@id\":\"https:\/\/magdalenagrande.com\/blog\/recuerdamelo\/#breadcrumb\",\"itemListElement\":[{\"@type\":\"ListItem\",\"position\":1,\"name\":\"Portada\",\"item\":\"https:\/\/magdalenagrande.com\/blog\/\"},{\"@type\":\"ListItem\",\"position\":2,\"name\":\"Recu\\u00e9rdamelo\"}]},{\"@type\":\"Person\",\"@id\":\"https:\/\/magdalenagrande.com\/blog\/#\/schema\/person\/f8460fd9e22f0d0d09ef55ae7a4f6791\",\"name\":\"magdalena_grande\"}]}<\/script>\n<!-- \/ Yoast SEO plugin. -->","yoast_head_json":{"title":"Recu\u00e9rdamelo - Blog de Magdalena Grande","robots":{"index":"index","follow":"follow","max-snippet":"max-snippet:-1","max-image-preview":"max-image-preview:large","max-video-preview":"max-video-preview:-1"},"canonical":"https:\/\/magdalenagrande.com\/blog\/recuerdamelo\/","og_locale":"es_ES","og_type":"article","og_title":"Recu\u00e9rdamelo - Blog de Magdalena Grande","og_description":"A veces, miro arriba y lo pregunto&#8230; Recu\u00e9rdamelo. A veces, se lo pregunto a uno de mis angelitos terrestres para ver si me refresca la memoria. Nos re\u00edmos pensando en el momento en que todo esto nos deb\u00eda parecer tan divertido. Siento que todo ser\u00eda infinitamente m\u00e1s f\u00e1cil si pudi\u00e9ramos recordarlo todo, si supi\u00e9ramos qu\u00e9 [&hellip;]","og_url":"https:\/\/magdalenagrande.com\/blog\/recuerdamelo\/","og_site_name":"Blog de Magdalena Grande","article_published_time":"2021-09-06T21:31:41+00:00","article_modified_time":"2021-09-06T21:42:37+00:00","og_image":[{"url":"https:\/\/magdalenagrande.com\/blog\/wp-content\/uploads\/2021\/09\/image_editor_output_image-1991092199-1630963889872-910x1024.jpg"}],"twitter_card":"summary","twitter_misc":{"Escrito por":"magdalena_grande","Tiempo de lectura":"1 minuto"},"schema":{"@context":"https:\/\/schema.org","@graph":[{"@type":"WebSite","@id":"https:\/\/magdalenagrande.com\/blog\/#website","url":"https:\/\/magdalenagrande.com\/blog\/","name":"Blog de Magdalena Grande","description":"Crecimiento personal, alta sensibilidad y educaci\u00f3n emocional","potentialAction":[{"@type":"SearchAction","target":{"@type":"EntryPoint","urlTemplate":"https:\/\/magdalenagrande.com\/blog\/?s={search_term_string}"},"query-input":"required name=search_term_string"}],"inLanguage":"es"},{"@type":"ImageObject","@id":"https:\/\/magdalenagrande.com\/blog\/recuerdamelo\/#primaryimage","inLanguage":"es","url":"https:\/\/magdalenagrande.com\/blog\/wp-content\/uploads\/2021\/09\/image_editor_output_image-1991092199-1630963889872.jpg","contentUrl":"https:\/\/magdalenagrande.com\/blog\/wp-content\/uploads\/2021\/09\/image_editor_output_image-1991092199-1630963889872.jpg","width":1078,"height":1213},{"@type":"WebPage","@id":"https:\/\/magdalenagrande.com\/blog\/recuerdamelo\/#webpage","url":"https:\/\/magdalenagrande.com\/blog\/recuerdamelo\/","name":"Recu\u00e9rdamelo - Blog de Magdalena Grande","isPartOf":{"@id":"https:\/\/magdalenagrande.com\/blog\/#website"},"primaryImageOfPage":{"@id":"https:\/\/magdalenagrande.com\/blog\/recuerdamelo\/#primaryimage"},"datePublished":"2021-09-06T21:31:41+00:00","dateModified":"2021-09-06T21:42:37+00:00","author":{"@id":"https:\/\/magdalenagrande.com\/blog\/#\/schema\/person\/f8460fd9e22f0d0d09ef55ae7a4f6791"},"breadcrumb":{"@id":"https:\/\/magdalenagrande.com\/blog\/recuerdamelo\/#breadcrumb"},"inLanguage":"es","potentialAction":[{"@type":"ReadAction","target":["https:\/\/magdalenagrande.com\/blog\/recuerdamelo\/"]}]},{"@type":"BreadcrumbList","@id":"https:\/\/magdalenagrande.com\/blog\/recuerdamelo\/#breadcrumb","itemListElement":[{"@type":"ListItem","position":1,"name":"Portada","item":"https:\/\/magdalenagrande.com\/blog\/"},{"@type":"ListItem","position":2,"name":"Recu\u00e9rdamelo"}]},{"@type":"Person","@id":"https:\/\/magdalenagrande.com\/blog\/#\/schema\/person\/f8460fd9e22f0d0d09ef55ae7a4f6791","name":"magdalena_grande"}]}},"_links":{"self":[{"href":"https:\/\/magdalenagrande.com\/blog\/wp-json\/wp\/v2\/posts\/238","targetHints":{"allow":["GET"]}}],"collection":[{"href":"https:\/\/magdalenagrande.com\/blog\/wp-json\/wp\/v2\/posts"}],"about":[{"href":"https:\/\/magdalenagrande.com\/blog\/wp-json\/wp\/v2\/types\/post"}],"author":[{"embeddable":true,"href":"https:\/\/magdalenagrande.com\/blog\/wp-json\/wp\/v2\/users\/1"}],"replies":[{"embeddable":true,"href":"https:\/\/magdalenagrande.com\/blog\/wp-json\/wp\/v2\/comments?post=238"}],"version-history":[{"count":2,"href":"https:\/\/magdalenagrande.com\/blog\/wp-json\/wp\/v2\/posts\/238\/revisions"}],"predecessor-version":[{"id":255,"href":"https:\/\/magdalenagrande.com\/blog\/wp-json\/wp\/v2\/posts\/238\/revisions\/255"}],"wp:attachment":[{"href":"https:\/\/magdalenagrande.com\/blog\/wp-json\/wp\/v2\/media?parent=238"}],"wp:term":[{"taxonomy":"category","embeddable":true,"href":"https:\/\/magdalenagrande.com\/blog\/wp-json\/wp\/v2\/categories?post=238"},{"taxonomy":"post_tag","embeddable":true,"href":"https:\/\/magdalenagrande.com\/blog\/wp-json\/wp\/v2\/tags?post=238"}],"curies":[{"name":"wp","href":"https:\/\/api.w.org\/{rel}","templated":true}]}}