{"id":247,"date":"2021-09-06T21:36:46","date_gmt":"2021-09-06T21:36:46","guid":{"rendered":"https:\/\/magdalenagrande.com\/blog\/?p=247"},"modified":"2021-09-06T21:41:14","modified_gmt":"2021-09-06T21:41:14","slug":"celebrar","status":"publish","type":"post","link":"https:\/\/magdalenagrande.com\/blog\/celebrar\/","title":{"rendered":"Celebrar"},"content":{"rendered":"\n<p>Me muero por celebrar esto contigo&#8230;<\/p>\n\n\n\n<p>Celebrar que la vida es mucho mejor desde que est\u00e1s en ella.<\/p>\n\n\n\n<p>Celebrar que nos acompa\u00f1amos de la mano (a veces del hombro, otras del cuello), en este proceso de transformaci\u00f3n interior, que no es nada f\u00e1cil pero s\u00ed es muy bonito.<\/p>\n\n\n\n<p>Celebrar que verte crecer y cambiar y atravesar tus torres y que est\u00e9s cuando caen las m\u00edas es de lo mejor que habr\u00eda imaginado.<\/p>\n\n\n\n<p>Celebrar que los viernes se puede desayunar como se\u00f1oras (que ya sab\u00e9is que las se\u00f1oras desayunan donde les da la gana).<\/p>\n\n\n\n<p>Celebrar que estamos vivas, que en ocasiones pensamos que podemos cambiar el mundo, las ganas de hacerlo para volver a mirar dentro y tratar de cambiarnos primero a nosotras mismas.<\/p>\n\n\n\n<p>Celebrar que te quiero amiga, que estoy muy feliz por ti, por cada uno de tus logros, tan merecidos, tan trabajados.<\/p>\n\n\n\n<p>Hoy quiero celebrarte.<\/p>\n\n\n\n<p>#altasensibilidad #personasaltamentesensibles #psicologiaconsciente #hazdetusensibilidadtusuperpoder #sensibilidadconsciente #enhorabuenaamiga #celebrar #gratitud #se\u00f1orasquedesayunanlosviernes #magdalenagrande #consultaonline <\/p>\n\n\n\n<p>@personas_altamente_sensibles<\/p>\n\n\n\n<p>Ww.magdalenagrande.com <\/p>\n\n\n\n<figure class=\"wp-block-image size-large\"><img loading=\"lazy\" decoding=\"async\" width=\"883\" height=\"1024\" src=\"https:\/\/magdalenagrande.com\/blog\/wp-content\/uploads\/2021\/09\/image_editor_output_image2116702197-1630964188412-883x1024.jpg\" alt=\"\" class=\"wp-image-246\" srcset=\"https:\/\/magdalenagrande.com\/blog\/wp-content\/uploads\/2021\/09\/image_editor_output_image2116702197-1630964188412-883x1024.jpg 883w, https:\/\/magdalenagrande.com\/blog\/wp-content\/uploads\/2021\/09\/image_editor_output_image2116702197-1630964188412-259x300.jpg 259w, https:\/\/magdalenagrande.com\/blog\/wp-content\/uploads\/2021\/09\/image_editor_output_image2116702197-1630964188412-768x891.jpg 768w, https:\/\/magdalenagrande.com\/blog\/wp-content\/uploads\/2021\/09\/image_editor_output_image2116702197-1630964188412.jpg 1075w\" sizes=\"auto, (max-width: 883px) 100vw, 883px\" \/><\/figure>\n","protected":false},"excerpt":{"rendered":"<p>Me muero por celebrar esto contigo&#8230; Celebrar que la vida es mucho mejor desde que est\u00e1s en ella. Celebrar que nos acompa\u00f1amos de la mano (a veces del hombro, otras del cuello), en este proceso de transformaci\u00f3n interior, que no es nada f\u00e1cil pero s\u00ed es muy bonito. Celebrar que verte crecer y cambiar y [&hellip;]<\/p>\n","protected":false},"author":1,"featured_media":0,"comment_status":"closed","ping_status":"closed","sticky":false,"template":"","format":"standard","meta":{"sfsi_plus_gutenberg_text_before_share":"","sfsi_plus_gutenberg_show_text_before_share":"","sfsi_plus_gutenberg_icon_type":"","sfsi_plus_gutenberg_icon_alignemt":"","sfsi_plus_gutenburg_max_per_row":"","footnotes":""},"categories":[76],"tags":[],"class_list":["post-247","post","type-post","status-publish","format-standard","hentry","category-palabras-consciencia"],"yoast_head":"<!-- This site is optimized with the Yoast SEO plugin v17.0 - https:\/\/yoast.com\/wordpress\/plugins\/seo\/ -->\n<title>Celebrar - Blog de Magdalena Grande<\/title>\n<meta name=\"robots\" content=\"index, follow, max-snippet:-1, max-image-preview:large, max-video-preview:-1\" \/>\n<link rel=\"canonical\" href=\"https:\/\/magdalenagrande.com\/blog\/celebrar\/\" \/>\n<meta property=\"og:locale\" content=\"es_ES\" \/>\n<meta property=\"og:type\" content=\"article\" \/>\n<meta property=\"og:title\" content=\"Celebrar - Blog de Magdalena Grande\" \/>\n<meta property=\"og:description\" content=\"Me muero por celebrar esto contigo&#8230; Celebrar que la vida es mucho mejor desde que est\u00e1s en ella. Celebrar que nos acompa\u00f1amos de la mano (a veces del hombro, otras del cuello), en este proceso de transformaci\u00f3n interior, que no es nada f\u00e1cil pero s\u00ed es muy bonito. Celebrar que verte crecer y cambiar y [&hellip;]\" \/>\n<meta property=\"og:url\" content=\"https:\/\/magdalenagrande.com\/blog\/celebrar\/\" \/>\n<meta property=\"og:site_name\" content=\"Blog de Magdalena Grande\" \/>\n<meta property=\"article:published_time\" content=\"2021-09-06T21:36:46+00:00\" \/>\n<meta property=\"article:modified_time\" content=\"2021-09-06T21:41:14+00:00\" \/>\n<meta property=\"og:image\" content=\"https:\/\/magdalenagrande.com\/blog\/wp-content\/uploads\/2021\/09\/image_editor_output_image2116702197-1630964188412-883x1024.jpg\" \/>\n<meta name=\"twitter:card\" content=\"summary\" \/>\n<meta name=\"twitter:label1\" content=\"Escrito por\" \/>\n\t<meta name=\"twitter:data1\" content=\"magdalena_grande\" \/>\n\t<meta name=\"twitter:label2\" content=\"Tiempo de lectura\" \/>\n\t<meta name=\"twitter:data2\" content=\"1 minuto\" \/>\n<script type=\"application\/ld+json\" class=\"yoast-schema-graph\">{\"@context\":\"https:\/\/schema.org\",\"@graph\":[{\"@type\":\"WebSite\",\"@id\":\"https:\/\/magdalenagrande.com\/blog\/#website\",\"url\":\"https:\/\/magdalenagrande.com\/blog\/\",\"name\":\"Blog de Magdalena Grande\",\"description\":\"Crecimiento personal, alta sensibilidad y educaci\\u00f3n emocional\",\"potentialAction\":[{\"@type\":\"SearchAction\",\"target\":{\"@type\":\"EntryPoint\",\"urlTemplate\":\"https:\/\/magdalenagrande.com\/blog\/?s={search_term_string}\"},\"query-input\":\"required name=search_term_string\"}],\"inLanguage\":\"es\"},{\"@type\":\"ImageObject\",\"@id\":\"https:\/\/magdalenagrande.com\/blog\/celebrar\/#primaryimage\",\"inLanguage\":\"es\",\"url\":\"https:\/\/magdalenagrande.com\/blog\/wp-content\/uploads\/2021\/09\/image_editor_output_image2116702197-1630964188412.jpg\",\"contentUrl\":\"https:\/\/magdalenagrande.com\/blog\/wp-content\/uploads\/2021\/09\/image_editor_output_image2116702197-1630964188412.jpg\",\"width\":1075,\"height\":1247},{\"@type\":\"WebPage\",\"@id\":\"https:\/\/magdalenagrande.com\/blog\/celebrar\/#webpage\",\"url\":\"https:\/\/magdalenagrande.com\/blog\/celebrar\/\",\"name\":\"Celebrar - Blog de Magdalena Grande\",\"isPartOf\":{\"@id\":\"https:\/\/magdalenagrande.com\/blog\/#website\"},\"primaryImageOfPage\":{\"@id\":\"https:\/\/magdalenagrande.com\/blog\/celebrar\/#primaryimage\"},\"datePublished\":\"2021-09-06T21:36:46+00:00\",\"dateModified\":\"2021-09-06T21:41:14+00:00\",\"author\":{\"@id\":\"https:\/\/magdalenagrande.com\/blog\/#\/schema\/person\/f8460fd9e22f0d0d09ef55ae7a4f6791\"},\"breadcrumb\":{\"@id\":\"https:\/\/magdalenagrande.com\/blog\/celebrar\/#breadcrumb\"},\"inLanguage\":\"es\",\"potentialAction\":[{\"@type\":\"ReadAction\",\"target\":[\"https:\/\/magdalenagrande.com\/blog\/celebrar\/\"]}]},{\"@type\":\"BreadcrumbList\",\"@id\":\"https:\/\/magdalenagrande.com\/blog\/celebrar\/#breadcrumb\",\"itemListElement\":[{\"@type\":\"ListItem\",\"position\":1,\"name\":\"Portada\",\"item\":\"https:\/\/magdalenagrande.com\/blog\/\"},{\"@type\":\"ListItem\",\"position\":2,\"name\":\"Celebrar\"}]},{\"@type\":\"Person\",\"@id\":\"https:\/\/magdalenagrande.com\/blog\/#\/schema\/person\/f8460fd9e22f0d0d09ef55ae7a4f6791\",\"name\":\"magdalena_grande\"}]}<\/script>\n<!-- \/ Yoast SEO plugin. -->","yoast_head_json":{"title":"Celebrar - Blog de Magdalena Grande","robots":{"index":"index","follow":"follow","max-snippet":"max-snippet:-1","max-image-preview":"max-image-preview:large","max-video-preview":"max-video-preview:-1"},"canonical":"https:\/\/magdalenagrande.com\/blog\/celebrar\/","og_locale":"es_ES","og_type":"article","og_title":"Celebrar - Blog de Magdalena Grande","og_description":"Me muero por celebrar esto contigo&#8230; Celebrar que la vida es mucho mejor desde que est\u00e1s en ella. Celebrar que nos acompa\u00f1amos de la mano (a veces del hombro, otras del cuello), en este proceso de transformaci\u00f3n interior, que no es nada f\u00e1cil pero s\u00ed es muy bonito. Celebrar que verte crecer y cambiar y [&hellip;]","og_url":"https:\/\/magdalenagrande.com\/blog\/celebrar\/","og_site_name":"Blog de Magdalena Grande","article_published_time":"2021-09-06T21:36:46+00:00","article_modified_time":"2021-09-06T21:41:14+00:00","og_image":[{"url":"https:\/\/magdalenagrande.com\/blog\/wp-content\/uploads\/2021\/09\/image_editor_output_image2116702197-1630964188412-883x1024.jpg"}],"twitter_card":"summary","twitter_misc":{"Escrito por":"magdalena_grande","Tiempo de lectura":"1 minuto"},"schema":{"@context":"https:\/\/schema.org","@graph":[{"@type":"WebSite","@id":"https:\/\/magdalenagrande.com\/blog\/#website","url":"https:\/\/magdalenagrande.com\/blog\/","name":"Blog de Magdalena Grande","description":"Crecimiento personal, alta sensibilidad y educaci\u00f3n emocional","potentialAction":[{"@type":"SearchAction","target":{"@type":"EntryPoint","urlTemplate":"https:\/\/magdalenagrande.com\/blog\/?s={search_term_string}"},"query-input":"required name=search_term_string"}],"inLanguage":"es"},{"@type":"ImageObject","@id":"https:\/\/magdalenagrande.com\/blog\/celebrar\/#primaryimage","inLanguage":"es","url":"https:\/\/magdalenagrande.com\/blog\/wp-content\/uploads\/2021\/09\/image_editor_output_image2116702197-1630964188412.jpg","contentUrl":"https:\/\/magdalenagrande.com\/blog\/wp-content\/uploads\/2021\/09\/image_editor_output_image2116702197-1630964188412.jpg","width":1075,"height":1247},{"@type":"WebPage","@id":"https:\/\/magdalenagrande.com\/blog\/celebrar\/#webpage","url":"https:\/\/magdalenagrande.com\/blog\/celebrar\/","name":"Celebrar - Blog de Magdalena Grande","isPartOf":{"@id":"https:\/\/magdalenagrande.com\/blog\/#website"},"primaryImageOfPage":{"@id":"https:\/\/magdalenagrande.com\/blog\/celebrar\/#primaryimage"},"datePublished":"2021-09-06T21:36:46+00:00","dateModified":"2021-09-06T21:41:14+00:00","author":{"@id":"https:\/\/magdalenagrande.com\/blog\/#\/schema\/person\/f8460fd9e22f0d0d09ef55ae7a4f6791"},"breadcrumb":{"@id":"https:\/\/magdalenagrande.com\/blog\/celebrar\/#breadcrumb"},"inLanguage":"es","potentialAction":[{"@type":"ReadAction","target":["https:\/\/magdalenagrande.com\/blog\/celebrar\/"]}]},{"@type":"BreadcrumbList","@id":"https:\/\/magdalenagrande.com\/blog\/celebrar\/#breadcrumb","itemListElement":[{"@type":"ListItem","position":1,"name":"Portada","item":"https:\/\/magdalenagrande.com\/blog\/"},{"@type":"ListItem","position":2,"name":"Celebrar"}]},{"@type":"Person","@id":"https:\/\/magdalenagrande.com\/blog\/#\/schema\/person\/f8460fd9e22f0d0d09ef55ae7a4f6791","name":"magdalena_grande"}]}},"_links":{"self":[{"href":"https:\/\/magdalenagrande.com\/blog\/wp-json\/wp\/v2\/posts\/247","targetHints":{"allow":["GET"]}}],"collection":[{"href":"https:\/\/magdalenagrande.com\/blog\/wp-json\/wp\/v2\/posts"}],"about":[{"href":"https:\/\/magdalenagrande.com\/blog\/wp-json\/wp\/v2\/types\/post"}],"author":[{"embeddable":true,"href":"https:\/\/magdalenagrande.com\/blog\/wp-json\/wp\/v2\/users\/1"}],"replies":[{"embeddable":true,"href":"https:\/\/magdalenagrande.com\/blog\/wp-json\/wp\/v2\/comments?post=247"}],"version-history":[{"count":2,"href":"https:\/\/magdalenagrande.com\/blog\/wp-json\/wp\/v2\/posts\/247\/revisions"}],"predecessor-version":[{"id":252,"href":"https:\/\/magdalenagrande.com\/blog\/wp-json\/wp\/v2\/posts\/247\/revisions\/252"}],"wp:attachment":[{"href":"https:\/\/magdalenagrande.com\/blog\/wp-json\/wp\/v2\/media?parent=247"}],"wp:term":[{"taxonomy":"category","embeddable":true,"href":"https:\/\/magdalenagrande.com\/blog\/wp-json\/wp\/v2\/categories?post=247"},{"taxonomy":"post_tag","embeddable":true,"href":"https:\/\/magdalenagrande.com\/blog\/wp-json\/wp\/v2\/tags?post=247"}],"curies":[{"name":"wp","href":"https:\/\/api.w.org\/{rel}","templated":true}]}}