{"id":279,"date":"2021-09-06T21:58:38","date_gmt":"2021-09-06T21:58:38","guid":{"rendered":"https:\/\/magdalenagrande.com\/blog\/?p=279"},"modified":"2021-09-06T21:58:51","modified_gmt":"2021-09-06T21:58:51","slug":"abracam","status":"publish","type":"post","link":"https:\/\/magdalenagrande.com\/blog\/abracam\/","title":{"rendered":"Abra\u00e7am"},"content":{"rendered":"\n<p>\u00bfHay algo m\u00e1s c\u00e1lido que un abrazo?<\/p>\n\n\n\n<p>\u00bfAlgo m\u00e1s honesto?<\/p>\n\n\n\n<p>Que s\u00ed, que habr\u00e1 abrazos por comprimiso pero yo me refiero a estos que son reales, de verdad, con los cuerpos incrustados uno en el otro, la sensaci\u00f3n de querer perderse en el momento y de que el mundo&#8230; \u00bfQu\u00e9 m\u00e1s dar\u00e1 el mundo?<\/p>\n\n\n\n<p>\u00bfSe podr\u00e1 transmitir m\u00e1s de alguna forma?<\/p>\n\n\n\n<p>\u00bfTal vez un beso? La verdad es que no lo creo.<\/p>\n\n\n\n<p>\u00bfAlgo m\u00e1s \u00edntimo? Tampoco creo.<\/p>\n\n\n\n<p>As\u00ed que vamos, abrac\u00e9monos como si no hubiera un ma\u00f1ana y sintamos que somos parte el uno del otro.<\/p>\n\n\n\n<p>Hoy me quedo en este abrazo \u2764\ufe0f<\/p>\n\n\n\n<p>\u00bfCon qu\u00e9 te quedas t\u00fa?<\/p>\n\n\n\n<p>#altasensibilidad #personasaltamentesensibles #psicologiaconsciente #hazdetusensibilidadtusuperpoder #sensibilidadconsciente #abr\u00e1zame #terapiaonline #consultaonline #magdalenagrande<\/p>\n\n\n\n<p>@personas_altamente_sensibles<\/p>\n\n\n\n<p>Wwwmagdalenagrande.com <\/p>\n\n\n\n<figure class=\"wp-block-image size-large\"><img loading=\"lazy\" decoding=\"async\" width=\"873\" height=\"1024\" src=\"https:\/\/magdalenagrande.com\/blog\/wp-content\/uploads\/2021\/09\/image_editor_output_image-1863856289-1630965503177-873x1024.jpg\" alt=\"\" class=\"wp-image-278\" srcset=\"https:\/\/magdalenagrande.com\/blog\/wp-content\/uploads\/2021\/09\/image_editor_output_image-1863856289-1630965503177-873x1024.jpg 873w, https:\/\/magdalenagrande.com\/blog\/wp-content\/uploads\/2021\/09\/image_editor_output_image-1863856289-1630965503177-256x300.jpg 256w, https:\/\/magdalenagrande.com\/blog\/wp-content\/uploads\/2021\/09\/image_editor_output_image-1863856289-1630965503177-768x901.jpg 768w, https:\/\/magdalenagrande.com\/blog\/wp-content\/uploads\/2021\/09\/image_editor_output_image-1863856289-1630965503177.jpg 1070w\" sizes=\"auto, (max-width: 873px) 100vw, 873px\" \/><\/figure>\n","protected":false},"excerpt":{"rendered":"<p>\u00bfHay algo m\u00e1s c\u00e1lido que un abrazo? \u00bfAlgo m\u00e1s honesto? Que s\u00ed, que habr\u00e1 abrazos por comprimiso pero yo me refiero a estos que son reales, de verdad, con los cuerpos incrustados uno en el otro, la sensaci\u00f3n de querer perderse en el momento y de que el mundo&#8230; \u00bfQu\u00e9 m\u00e1s dar\u00e1 el mundo? \u00bfSe [&hellip;]<\/p>\n","protected":false},"author":1,"featured_media":0,"comment_status":"closed","ping_status":"closed","sticky":false,"template":"","format":"standard","meta":{"sfsi_plus_gutenberg_text_before_share":"","sfsi_plus_gutenberg_show_text_before_share":"","sfsi_plus_gutenberg_icon_type":"","sfsi_plus_gutenberg_icon_alignemt":"","sfsi_plus_gutenburg_max_per_row":"","footnotes":""},"categories":[29],"tags":[],"class_list":["post-279","post","type-post","status-publish","format-standard","hentry","category-amor"],"yoast_head":"<!-- This site is optimized with the Yoast SEO plugin v17.0 - https:\/\/yoast.com\/wordpress\/plugins\/seo\/ -->\n<title>Abra\u00e7am - Blog de Magdalena Grande<\/title>\n<meta name=\"robots\" content=\"index, follow, max-snippet:-1, max-image-preview:large, max-video-preview:-1\" \/>\n<link rel=\"canonical\" href=\"https:\/\/magdalenagrande.com\/blog\/abracam\/\" \/>\n<meta property=\"og:locale\" content=\"es_ES\" \/>\n<meta property=\"og:type\" content=\"article\" \/>\n<meta property=\"og:title\" content=\"Abra\u00e7am - Blog de Magdalena Grande\" \/>\n<meta property=\"og:description\" content=\"\u00bfHay algo m\u00e1s c\u00e1lido que un abrazo? \u00bfAlgo m\u00e1s honesto? Que s\u00ed, que habr\u00e1 abrazos por comprimiso pero yo me refiero a estos que son reales, de verdad, con los cuerpos incrustados uno en el otro, la sensaci\u00f3n de querer perderse en el momento y de que el mundo&#8230; \u00bfQu\u00e9 m\u00e1s dar\u00e1 el mundo? \u00bfSe [&hellip;]\" \/>\n<meta property=\"og:url\" content=\"https:\/\/magdalenagrande.com\/blog\/abracam\/\" \/>\n<meta property=\"og:site_name\" content=\"Blog de Magdalena Grande\" \/>\n<meta property=\"article:published_time\" content=\"2021-09-06T21:58:38+00:00\" \/>\n<meta property=\"article:modified_time\" content=\"2021-09-06T21:58:51+00:00\" \/>\n<meta property=\"og:image\" content=\"https:\/\/magdalenagrande.com\/blog\/wp-content\/uploads\/2021\/09\/image_editor_output_image-1863856289-1630965503177-873x1024.jpg\" \/>\n<meta name=\"twitter:card\" content=\"summary\" \/>\n<meta name=\"twitter:label1\" content=\"Escrito por\" \/>\n\t<meta name=\"twitter:data1\" content=\"magdalena_grande\" \/>\n\t<meta name=\"twitter:label2\" content=\"Tiempo de lectura\" \/>\n\t<meta name=\"twitter:data2\" content=\"1 minuto\" \/>\n<script type=\"application\/ld+json\" class=\"yoast-schema-graph\">{\"@context\":\"https:\/\/schema.org\",\"@graph\":[{\"@type\":\"WebSite\",\"@id\":\"https:\/\/magdalenagrande.com\/blog\/#website\",\"url\":\"https:\/\/magdalenagrande.com\/blog\/\",\"name\":\"Blog de Magdalena Grande\",\"description\":\"Crecimiento personal, alta sensibilidad y educaci\\u00f3n emocional\",\"potentialAction\":[{\"@type\":\"SearchAction\",\"target\":{\"@type\":\"EntryPoint\",\"urlTemplate\":\"https:\/\/magdalenagrande.com\/blog\/?s={search_term_string}\"},\"query-input\":\"required name=search_term_string\"}],\"inLanguage\":\"es\"},{\"@type\":\"ImageObject\",\"@id\":\"https:\/\/magdalenagrande.com\/blog\/abracam\/#primaryimage\",\"inLanguage\":\"es\",\"url\":\"https:\/\/magdalenagrande.com\/blog\/wp-content\/uploads\/2021\/09\/image_editor_output_image-1863856289-1630965503177.jpg\",\"contentUrl\":\"https:\/\/magdalenagrande.com\/blog\/wp-content\/uploads\/2021\/09\/image_editor_output_image-1863856289-1630965503177.jpg\",\"width\":1070,\"height\":1255},{\"@type\":\"WebPage\",\"@id\":\"https:\/\/magdalenagrande.com\/blog\/abracam\/#webpage\",\"url\":\"https:\/\/magdalenagrande.com\/blog\/abracam\/\",\"name\":\"Abra\\u00e7am - Blog de Magdalena Grande\",\"isPartOf\":{\"@id\":\"https:\/\/magdalenagrande.com\/blog\/#website\"},\"primaryImageOfPage\":{\"@id\":\"https:\/\/magdalenagrande.com\/blog\/abracam\/#primaryimage\"},\"datePublished\":\"2021-09-06T21:58:38+00:00\",\"dateModified\":\"2021-09-06T21:58:51+00:00\",\"author\":{\"@id\":\"https:\/\/magdalenagrande.com\/blog\/#\/schema\/person\/f8460fd9e22f0d0d09ef55ae7a4f6791\"},\"breadcrumb\":{\"@id\":\"https:\/\/magdalenagrande.com\/blog\/abracam\/#breadcrumb\"},\"inLanguage\":\"es\",\"potentialAction\":[{\"@type\":\"ReadAction\",\"target\":[\"https:\/\/magdalenagrande.com\/blog\/abracam\/\"]}]},{\"@type\":\"BreadcrumbList\",\"@id\":\"https:\/\/magdalenagrande.com\/blog\/abracam\/#breadcrumb\",\"itemListElement\":[{\"@type\":\"ListItem\",\"position\":1,\"name\":\"Portada\",\"item\":\"https:\/\/magdalenagrande.com\/blog\/\"},{\"@type\":\"ListItem\",\"position\":2,\"name\":\"Abra\\u00e7am\"}]},{\"@type\":\"Person\",\"@id\":\"https:\/\/magdalenagrande.com\/blog\/#\/schema\/person\/f8460fd9e22f0d0d09ef55ae7a4f6791\",\"name\":\"magdalena_grande\"}]}<\/script>\n<!-- \/ Yoast SEO plugin. -->","yoast_head_json":{"title":"Abra\u00e7am - Blog de Magdalena Grande","robots":{"index":"index","follow":"follow","max-snippet":"max-snippet:-1","max-image-preview":"max-image-preview:large","max-video-preview":"max-video-preview:-1"},"canonical":"https:\/\/magdalenagrande.com\/blog\/abracam\/","og_locale":"es_ES","og_type":"article","og_title":"Abra\u00e7am - Blog de Magdalena Grande","og_description":"\u00bfHay algo m\u00e1s c\u00e1lido que un abrazo? \u00bfAlgo m\u00e1s honesto? Que s\u00ed, que habr\u00e1 abrazos por comprimiso pero yo me refiero a estos que son reales, de verdad, con los cuerpos incrustados uno en el otro, la sensaci\u00f3n de querer perderse en el momento y de que el mundo&#8230; \u00bfQu\u00e9 m\u00e1s dar\u00e1 el mundo? \u00bfSe [&hellip;]","og_url":"https:\/\/magdalenagrande.com\/blog\/abracam\/","og_site_name":"Blog de Magdalena Grande","article_published_time":"2021-09-06T21:58:38+00:00","article_modified_time":"2021-09-06T21:58:51+00:00","og_image":[{"url":"https:\/\/magdalenagrande.com\/blog\/wp-content\/uploads\/2021\/09\/image_editor_output_image-1863856289-1630965503177-873x1024.jpg"}],"twitter_card":"summary","twitter_misc":{"Escrito por":"magdalena_grande","Tiempo de lectura":"1 minuto"},"schema":{"@context":"https:\/\/schema.org","@graph":[{"@type":"WebSite","@id":"https:\/\/magdalenagrande.com\/blog\/#website","url":"https:\/\/magdalenagrande.com\/blog\/","name":"Blog de Magdalena Grande","description":"Crecimiento personal, alta sensibilidad y educaci\u00f3n emocional","potentialAction":[{"@type":"SearchAction","target":{"@type":"EntryPoint","urlTemplate":"https:\/\/magdalenagrande.com\/blog\/?s={search_term_string}"},"query-input":"required name=search_term_string"}],"inLanguage":"es"},{"@type":"ImageObject","@id":"https:\/\/magdalenagrande.com\/blog\/abracam\/#primaryimage","inLanguage":"es","url":"https:\/\/magdalenagrande.com\/blog\/wp-content\/uploads\/2021\/09\/image_editor_output_image-1863856289-1630965503177.jpg","contentUrl":"https:\/\/magdalenagrande.com\/blog\/wp-content\/uploads\/2021\/09\/image_editor_output_image-1863856289-1630965503177.jpg","width":1070,"height":1255},{"@type":"WebPage","@id":"https:\/\/magdalenagrande.com\/blog\/abracam\/#webpage","url":"https:\/\/magdalenagrande.com\/blog\/abracam\/","name":"Abra\u00e7am - Blog de Magdalena Grande","isPartOf":{"@id":"https:\/\/magdalenagrande.com\/blog\/#website"},"primaryImageOfPage":{"@id":"https:\/\/magdalenagrande.com\/blog\/abracam\/#primaryimage"},"datePublished":"2021-09-06T21:58:38+00:00","dateModified":"2021-09-06T21:58:51+00:00","author":{"@id":"https:\/\/magdalenagrande.com\/blog\/#\/schema\/person\/f8460fd9e22f0d0d09ef55ae7a4f6791"},"breadcrumb":{"@id":"https:\/\/magdalenagrande.com\/blog\/abracam\/#breadcrumb"},"inLanguage":"es","potentialAction":[{"@type":"ReadAction","target":["https:\/\/magdalenagrande.com\/blog\/abracam\/"]}]},{"@type":"BreadcrumbList","@id":"https:\/\/magdalenagrande.com\/blog\/abracam\/#breadcrumb","itemListElement":[{"@type":"ListItem","position":1,"name":"Portada","item":"https:\/\/magdalenagrande.com\/blog\/"},{"@type":"ListItem","position":2,"name":"Abra\u00e7am"}]},{"@type":"Person","@id":"https:\/\/magdalenagrande.com\/blog\/#\/schema\/person\/f8460fd9e22f0d0d09ef55ae7a4f6791","name":"magdalena_grande"}]}},"_links":{"self":[{"href":"https:\/\/magdalenagrande.com\/blog\/wp-json\/wp\/v2\/posts\/279","targetHints":{"allow":["GET"]}}],"collection":[{"href":"https:\/\/magdalenagrande.com\/blog\/wp-json\/wp\/v2\/posts"}],"about":[{"href":"https:\/\/magdalenagrande.com\/blog\/wp-json\/wp\/v2\/types\/post"}],"author":[{"embeddable":true,"href":"https:\/\/magdalenagrande.com\/blog\/wp-json\/wp\/v2\/users\/1"}],"replies":[{"embeddable":true,"href":"https:\/\/magdalenagrande.com\/blog\/wp-json\/wp\/v2\/comments?post=279"}],"version-history":[{"count":1,"href":"https:\/\/magdalenagrande.com\/blog\/wp-json\/wp\/v2\/posts\/279\/revisions"}],"predecessor-version":[{"id":280,"href":"https:\/\/magdalenagrande.com\/blog\/wp-json\/wp\/v2\/posts\/279\/revisions\/280"}],"wp:attachment":[{"href":"https:\/\/magdalenagrande.com\/blog\/wp-json\/wp\/v2\/media?parent=279"}],"wp:term":[{"taxonomy":"category","embeddable":true,"href":"https:\/\/magdalenagrande.com\/blog\/wp-json\/wp\/v2\/categories?post=279"},{"taxonomy":"post_tag","embeddable":true,"href":"https:\/\/magdalenagrande.com\/blog\/wp-json\/wp\/v2\/tags?post=279"}],"curies":[{"name":"wp","href":"https:\/\/api.w.org\/{rel}","templated":true}]}}