{"id":337,"date":"2021-09-07T18:39:12","date_gmt":"2021-09-07T18:39:12","guid":{"rendered":"https:\/\/magdalenagrande.com\/blog\/?p=337"},"modified":"2021-09-07T18:39:35","modified_gmt":"2021-09-07T18:39:35","slug":"cuando-sera-la-proxima-vez","status":"publish","type":"post","link":"https:\/\/magdalenagrande.com\/blog\/cuando-sera-la-proxima-vez\/","title":{"rendered":"\u00bfCu\u00e1ndo ser\u00e1 la pr\u00f3xima vez?"},"content":{"rendered":"\n<p>En que podremos vernos, cara a cara, para contarnos nuestras historias, nuestras vidas y re\u00edrnos de todo y nada. Para que parezca que hace nada que nos vimos, para que sintamos que podemos abrazarnos en libertad.<\/p>\n\n\n\n<p>La pr\u00f3xima vez en que brillar\u00e1n nuestros ojos al ver c\u00f3mo nuestros hijos juegan juntos corriendo a nuestro alrededor, mientras imaginamos que ser\u00e1n amigos para siempre y que nada podr\u00e1 cambiarlo, que hay un hilo invisible que les une.<\/p>\n\n\n\n<p>La vez en que nos desnudaremos el uno frente al otro, sin dobleces, ense\u00f1ando las heridas y mostrando lo vulnerables que somos cuando somos nosotros mismos, sabiendo que no pasa nada porque estamos seguros y en casa.<\/p>\n\n\n\n<p>\u00bfCu\u00e1ndo?<\/p>\n\n\n\n<p>\u00bfCu\u00e1ndo vamos a encontrarnos de nuevo?<\/p>\n\n\n\n<p>Lo hab\u00eda echado tanto de menos que ni siquiera lo pod\u00eda sostener, as\u00ed que mi mente lo debi\u00f3 apartar en alg\u00fan lugar en que no doliera y surgi\u00f3 de nuevo esta conexi\u00f3n infinita al volver a vernos.<\/p>\n\n\n\n<p>Pongamos fecha, sin posponer, hagamos tortitas con chocolate y nata, bebamos t\u00e9 de las mil y una noches o alguna cerveza y sintamos que, en realidad, nunca estuvimos tan unidos.<\/p>\n\n\n\n<p>Vos enyorava tant&#8230; \u2764\ufe0f\u2764\ufe0f\u2764\ufe0f<\/p>\n\n\n\n<p>#sensibilidadconsciente #estoysensible #amigosdelalma #altasensibilidad #persempre #testimpixurritameva #terapiaonline #consultaonline #magdalenagrande<\/p>\n\n\n\n<p>@personas_altamente_sensibles<\/p>\n\n\n\n<p>Www.magdalenagrande.com <\/p>\n\n\n\n<figure class=\"wp-block-image size-large\"><img loading=\"lazy\" decoding=\"async\" width=\"904\" height=\"1024\" src=\"https:\/\/magdalenagrande.com\/blog\/wp-content\/uploads\/2021\/09\/image_editor_output_image203606362-1631039932777-904x1024.jpg\" alt=\"\" class=\"wp-image-336\" srcset=\"https:\/\/magdalenagrande.com\/blog\/wp-content\/uploads\/2021\/09\/image_editor_output_image203606362-1631039932777-904x1024.jpg 904w, https:\/\/magdalenagrande.com\/blog\/wp-content\/uploads\/2021\/09\/image_editor_output_image203606362-1631039932777-265x300.jpg 265w, https:\/\/magdalenagrande.com\/blog\/wp-content\/uploads\/2021\/09\/image_editor_output_image203606362-1631039932777-768x870.jpg 768w, https:\/\/magdalenagrande.com\/blog\/wp-content\/uploads\/2021\/09\/image_editor_output_image203606362-1631039932777.jpg 1080w\" sizes=\"auto, (max-width: 904px) 100vw, 904px\" \/><\/figure>\n","protected":false},"excerpt":{"rendered":"<p>En que podremos vernos, cara a cara, para contarnos nuestras historias, nuestras vidas y re\u00edrnos de todo y nada. Para que parezca que hace nada que nos vimos, para que sintamos que podemos abrazarnos en libertad. La pr\u00f3xima vez en que brillar\u00e1n nuestros ojos al ver c\u00f3mo nuestros hijos juegan juntos corriendo a nuestro alrededor, [&hellip;]<\/p>\n","protected":false},"author":1,"featured_media":0,"comment_status":"closed","ping_status":"closed","sticky":false,"template":"","format":"standard","meta":{"sfsi_plus_gutenberg_text_before_share":"","sfsi_plus_gutenberg_show_text_before_share":"","sfsi_plus_gutenberg_icon_type":"","sfsi_plus_gutenberg_icon_alignemt":"","sfsi_plus_gutenburg_max_per_row":"","footnotes":""},"categories":[14],"tags":[],"class_list":["post-337","post","type-post","status-publish","format-standard","hentry","category-personal"],"yoast_head":"<!-- This site is optimized with the Yoast SEO plugin v17.0 - https:\/\/yoast.com\/wordpress\/plugins\/seo\/ -->\n<title>\u00bfCu\u00e1ndo ser\u00e1 la pr\u00f3xima vez? - Blog de Magdalena Grande<\/title>\n<meta name=\"robots\" content=\"index, follow, max-snippet:-1, max-image-preview:large, max-video-preview:-1\" \/>\n<link rel=\"canonical\" href=\"https:\/\/magdalenagrande.com\/blog\/cuando-sera-la-proxima-vez\/\" \/>\n<meta property=\"og:locale\" content=\"es_ES\" \/>\n<meta property=\"og:type\" content=\"article\" \/>\n<meta property=\"og:title\" content=\"\u00bfCu\u00e1ndo ser\u00e1 la pr\u00f3xima vez? - Blog de Magdalena Grande\" \/>\n<meta property=\"og:description\" content=\"En que podremos vernos, cara a cara, para contarnos nuestras historias, nuestras vidas y re\u00edrnos de todo y nada. Para que parezca que hace nada que nos vimos, para que sintamos que podemos abrazarnos en libertad. La pr\u00f3xima vez en que brillar\u00e1n nuestros ojos al ver c\u00f3mo nuestros hijos juegan juntos corriendo a nuestro alrededor, [&hellip;]\" \/>\n<meta property=\"og:url\" content=\"https:\/\/magdalenagrande.com\/blog\/cuando-sera-la-proxima-vez\/\" \/>\n<meta property=\"og:site_name\" content=\"Blog de Magdalena Grande\" \/>\n<meta property=\"article:published_time\" content=\"2021-09-07T18:39:12+00:00\" \/>\n<meta property=\"article:modified_time\" content=\"2021-09-07T18:39:35+00:00\" \/>\n<meta property=\"og:image\" content=\"https:\/\/magdalenagrande.com\/blog\/wp-content\/uploads\/2021\/09\/image_editor_output_image203606362-1631039932777-904x1024.jpg\" \/>\n<meta name=\"twitter:card\" content=\"summary\" \/>\n<meta name=\"twitter:label1\" content=\"Escrito por\" \/>\n\t<meta name=\"twitter:data1\" content=\"magdalena_grande\" \/>\n\t<meta name=\"twitter:label2\" content=\"Tiempo de lectura\" \/>\n\t<meta name=\"twitter:data2\" content=\"1 minuto\" \/>\n<script type=\"application\/ld+json\" class=\"yoast-schema-graph\">{\"@context\":\"https:\/\/schema.org\",\"@graph\":[{\"@type\":\"WebSite\",\"@id\":\"https:\/\/magdalenagrande.com\/blog\/#website\",\"url\":\"https:\/\/magdalenagrande.com\/blog\/\",\"name\":\"Blog de Magdalena Grande\",\"description\":\"Crecimiento personal, alta sensibilidad y educaci\\u00f3n emocional\",\"potentialAction\":[{\"@type\":\"SearchAction\",\"target\":{\"@type\":\"EntryPoint\",\"urlTemplate\":\"https:\/\/magdalenagrande.com\/blog\/?s={search_term_string}\"},\"query-input\":\"required name=search_term_string\"}],\"inLanguage\":\"es\"},{\"@type\":\"ImageObject\",\"@id\":\"https:\/\/magdalenagrande.com\/blog\/cuando-sera-la-proxima-vez\/#primaryimage\",\"inLanguage\":\"es\",\"url\":\"https:\/\/magdalenagrande.com\/blog\/wp-content\/uploads\/2021\/09\/image_editor_output_image203606362-1631039932777.jpg\",\"contentUrl\":\"https:\/\/magdalenagrande.com\/blog\/wp-content\/uploads\/2021\/09\/image_editor_output_image203606362-1631039932777.jpg\",\"width\":1080,\"height\":1223},{\"@type\":\"WebPage\",\"@id\":\"https:\/\/magdalenagrande.com\/blog\/cuando-sera-la-proxima-vez\/#webpage\",\"url\":\"https:\/\/magdalenagrande.com\/blog\/cuando-sera-la-proxima-vez\/\",\"name\":\"\\u00bfCu\\u00e1ndo ser\\u00e1 la pr\\u00f3xima vez? - Blog de Magdalena Grande\",\"isPartOf\":{\"@id\":\"https:\/\/magdalenagrande.com\/blog\/#website\"},\"primaryImageOfPage\":{\"@id\":\"https:\/\/magdalenagrande.com\/blog\/cuando-sera-la-proxima-vez\/#primaryimage\"},\"datePublished\":\"2021-09-07T18:39:12+00:00\",\"dateModified\":\"2021-09-07T18:39:35+00:00\",\"author\":{\"@id\":\"https:\/\/magdalenagrande.com\/blog\/#\/schema\/person\/f8460fd9e22f0d0d09ef55ae7a4f6791\"},\"breadcrumb\":{\"@id\":\"https:\/\/magdalenagrande.com\/blog\/cuando-sera-la-proxima-vez\/#breadcrumb\"},\"inLanguage\":\"es\",\"potentialAction\":[{\"@type\":\"ReadAction\",\"target\":[\"https:\/\/magdalenagrande.com\/blog\/cuando-sera-la-proxima-vez\/\"]}]},{\"@type\":\"BreadcrumbList\",\"@id\":\"https:\/\/magdalenagrande.com\/blog\/cuando-sera-la-proxima-vez\/#breadcrumb\",\"itemListElement\":[{\"@type\":\"ListItem\",\"position\":1,\"name\":\"Portada\",\"item\":\"https:\/\/magdalenagrande.com\/blog\/\"},{\"@type\":\"ListItem\",\"position\":2,\"name\":\"\\u00bfCu\\u00e1ndo ser\\u00e1 la pr\\u00f3xima vez?\"}]},{\"@type\":\"Person\",\"@id\":\"https:\/\/magdalenagrande.com\/blog\/#\/schema\/person\/f8460fd9e22f0d0d09ef55ae7a4f6791\",\"name\":\"magdalena_grande\"}]}<\/script>\n<!-- \/ Yoast SEO plugin. -->","yoast_head_json":{"title":"\u00bfCu\u00e1ndo ser\u00e1 la pr\u00f3xima vez? - Blog de Magdalena Grande","robots":{"index":"index","follow":"follow","max-snippet":"max-snippet:-1","max-image-preview":"max-image-preview:large","max-video-preview":"max-video-preview:-1"},"canonical":"https:\/\/magdalenagrande.com\/blog\/cuando-sera-la-proxima-vez\/","og_locale":"es_ES","og_type":"article","og_title":"\u00bfCu\u00e1ndo ser\u00e1 la pr\u00f3xima vez? - Blog de Magdalena Grande","og_description":"En que podremos vernos, cara a cara, para contarnos nuestras historias, nuestras vidas y re\u00edrnos de todo y nada. Para que parezca que hace nada que nos vimos, para que sintamos que podemos abrazarnos en libertad. La pr\u00f3xima vez en que brillar\u00e1n nuestros ojos al ver c\u00f3mo nuestros hijos juegan juntos corriendo a nuestro alrededor, [&hellip;]","og_url":"https:\/\/magdalenagrande.com\/blog\/cuando-sera-la-proxima-vez\/","og_site_name":"Blog de Magdalena Grande","article_published_time":"2021-09-07T18:39:12+00:00","article_modified_time":"2021-09-07T18:39:35+00:00","og_image":[{"url":"https:\/\/magdalenagrande.com\/blog\/wp-content\/uploads\/2021\/09\/image_editor_output_image203606362-1631039932777-904x1024.jpg"}],"twitter_card":"summary","twitter_misc":{"Escrito por":"magdalena_grande","Tiempo de lectura":"1 minuto"},"schema":{"@context":"https:\/\/schema.org","@graph":[{"@type":"WebSite","@id":"https:\/\/magdalenagrande.com\/blog\/#website","url":"https:\/\/magdalenagrande.com\/blog\/","name":"Blog de Magdalena Grande","description":"Crecimiento personal, alta sensibilidad y educaci\u00f3n emocional","potentialAction":[{"@type":"SearchAction","target":{"@type":"EntryPoint","urlTemplate":"https:\/\/magdalenagrande.com\/blog\/?s={search_term_string}"},"query-input":"required name=search_term_string"}],"inLanguage":"es"},{"@type":"ImageObject","@id":"https:\/\/magdalenagrande.com\/blog\/cuando-sera-la-proxima-vez\/#primaryimage","inLanguage":"es","url":"https:\/\/magdalenagrande.com\/blog\/wp-content\/uploads\/2021\/09\/image_editor_output_image203606362-1631039932777.jpg","contentUrl":"https:\/\/magdalenagrande.com\/blog\/wp-content\/uploads\/2021\/09\/image_editor_output_image203606362-1631039932777.jpg","width":1080,"height":1223},{"@type":"WebPage","@id":"https:\/\/magdalenagrande.com\/blog\/cuando-sera-la-proxima-vez\/#webpage","url":"https:\/\/magdalenagrande.com\/blog\/cuando-sera-la-proxima-vez\/","name":"\u00bfCu\u00e1ndo ser\u00e1 la pr\u00f3xima vez? - Blog de Magdalena Grande","isPartOf":{"@id":"https:\/\/magdalenagrande.com\/blog\/#website"},"primaryImageOfPage":{"@id":"https:\/\/magdalenagrande.com\/blog\/cuando-sera-la-proxima-vez\/#primaryimage"},"datePublished":"2021-09-07T18:39:12+00:00","dateModified":"2021-09-07T18:39:35+00:00","author":{"@id":"https:\/\/magdalenagrande.com\/blog\/#\/schema\/person\/f8460fd9e22f0d0d09ef55ae7a4f6791"},"breadcrumb":{"@id":"https:\/\/magdalenagrande.com\/blog\/cuando-sera-la-proxima-vez\/#breadcrumb"},"inLanguage":"es","potentialAction":[{"@type":"ReadAction","target":["https:\/\/magdalenagrande.com\/blog\/cuando-sera-la-proxima-vez\/"]}]},{"@type":"BreadcrumbList","@id":"https:\/\/magdalenagrande.com\/blog\/cuando-sera-la-proxima-vez\/#breadcrumb","itemListElement":[{"@type":"ListItem","position":1,"name":"Portada","item":"https:\/\/magdalenagrande.com\/blog\/"},{"@type":"ListItem","position":2,"name":"\u00bfCu\u00e1ndo ser\u00e1 la pr\u00f3xima vez?"}]},{"@type":"Person","@id":"https:\/\/magdalenagrande.com\/blog\/#\/schema\/person\/f8460fd9e22f0d0d09ef55ae7a4f6791","name":"magdalena_grande"}]}},"_links":{"self":[{"href":"https:\/\/magdalenagrande.com\/blog\/wp-json\/wp\/v2\/posts\/337","targetHints":{"allow":["GET"]}}],"collection":[{"href":"https:\/\/magdalenagrande.com\/blog\/wp-json\/wp\/v2\/posts"}],"about":[{"href":"https:\/\/magdalenagrande.com\/blog\/wp-json\/wp\/v2\/types\/post"}],"author":[{"embeddable":true,"href":"https:\/\/magdalenagrande.com\/blog\/wp-json\/wp\/v2\/users\/1"}],"replies":[{"embeddable":true,"href":"https:\/\/magdalenagrande.com\/blog\/wp-json\/wp\/v2\/comments?post=337"}],"version-history":[{"count":1,"href":"https:\/\/magdalenagrande.com\/blog\/wp-json\/wp\/v2\/posts\/337\/revisions"}],"predecessor-version":[{"id":338,"href":"https:\/\/magdalenagrande.com\/blog\/wp-json\/wp\/v2\/posts\/337\/revisions\/338"}],"wp:attachment":[{"href":"https:\/\/magdalenagrande.com\/blog\/wp-json\/wp\/v2\/media?parent=337"}],"wp:term":[{"taxonomy":"category","embeddable":true,"href":"https:\/\/magdalenagrande.com\/blog\/wp-json\/wp\/v2\/categories?post=337"},{"taxonomy":"post_tag","embeddable":true,"href":"https:\/\/magdalenagrande.com\/blog\/wp-json\/wp\/v2\/tags?post=337"}],"curies":[{"name":"wp","href":"https:\/\/api.w.org\/{rel}","templated":true}]}}