{"id":345,"date":"2021-09-07T19:44:18","date_gmt":"2021-09-07T19:44:18","guid":{"rendered":"https:\/\/magdalenagrande.com\/blog\/?p=345"},"modified":"2021-09-07T19:44:26","modified_gmt":"2021-09-07T19:44:26","slug":"yo-soy-paz","status":"publish","type":"post","link":"https:\/\/magdalenagrande.com\/blog\/yo-soy-paz\/","title":{"rendered":"Yo soy paz"},"content":{"rendered":"\n<p>Os propongo algunas actividades de espiritualidad pr\u00e1ctica (cuando escribo esto tengo la sensaci\u00f3n de estar explicando algo de bricolaje \uf926\u200d\u2640\ufe0f\uf605) para potenciar la paz:<\/p>\n\n\n\n<p>&#8211; En el momento en que est\u00e9s en un dilema entre dar un paso que genere un conflicto o no hacerlo ten muy presente qu\u00e9 es lo que va a traer m\u00e1s paz. El equilibrio entre defender los propios derechos y apostar por la paz interior a veces es arriesgado pero mi experiencia me dice que es mejor quedarse con lo que te traiga paz. Muchas veces entramos en batallas porque nuestro ego nos arrastra a ello&#8230; En esos momentos est\u00e1 bien recordarlo: cu\u00eddate, cuida tu paz.<\/p>\n\n\n\n<p>&#8211; Una muy f\u00e1cil, busca hoy tus cinco minutos de paz absoluta. Puede ser un ba\u00f1ito, un caf\u00e9 en solitario o un paseo agradable, siempre que te traiga paz. No te pongas excusas. En \u00faltimo recurso siempre puedes utilizar el comod\u00edn de encerrarte en el ba\u00f1o, m\u00fasica puesta y cinco minutos&#8230; El mundo puede esperar, de verdad que s\u00ed.<\/p>\n\n\n\n<p>&#8211; Recuerda uno de los momentos en que hayas sentido m\u00e1s paz en tu vida. Aquella sensaci\u00f3n profunda y honesta de estar en coherencia. \u00bfC\u00f3mo fue? \u00bfCu\u00e1ndo fue? S\u00f3lo el hecho de estar record\u00e1ndolo y prestando atenci\u00f3n ya lo trae al presente.<\/p>\n\n\n\n<p>Que la paz te acompa\u00f1e<\/p>\n\n\n\n<p>\u00bfMe cuentas tu momento de paz?<\/p>\n\n\n\n<p>#paz #pas #pasenpaz #personasaltamentesensibles #sensibilidadconsciente #yosoy #terapiaonline #consultaonline #magdalenagrande<\/p>\n\n\n\n<p>@personas_altamente_sensibles<\/p>\n\n\n\n<p>Www.magdalenagrande.com <\/p>\n\n\n\n<figure class=\"wp-block-image size-large\"><img loading=\"lazy\" decoding=\"async\" width=\"896\" height=\"1024\" src=\"https:\/\/magdalenagrande.com\/blog\/wp-content\/uploads\/2021\/09\/image_editor_output_image1079482830-1631043848580-896x1024.jpg\" alt=\"\" class=\"wp-image-344\" srcset=\"https:\/\/magdalenagrande.com\/blog\/wp-content\/uploads\/2021\/09\/image_editor_output_image1079482830-1631043848580-896x1024.jpg 896w, https:\/\/magdalenagrande.com\/blog\/wp-content\/uploads\/2021\/09\/image_editor_output_image1079482830-1631043848580-263x300.jpg 263w, https:\/\/magdalenagrande.com\/blog\/wp-content\/uploads\/2021\/09\/image_editor_output_image1079482830-1631043848580-768x877.jpg 768w, https:\/\/magdalenagrande.com\/blog\/wp-content\/uploads\/2021\/09\/image_editor_output_image1079482830-1631043848580.jpg 1074w\" sizes=\"auto, (max-width: 896px) 100vw, 896px\" \/><\/figure>\n","protected":false},"excerpt":{"rendered":"<p>Os propongo algunas actividades de espiritualidad pr\u00e1ctica (cuando escribo esto tengo la sensaci\u00f3n de estar explicando algo de bricolaje \uf926\u200d\u2640\ufe0f\uf605) para potenciar la paz: &#8211; En el momento en que est\u00e9s en un dilema entre dar un paso que genere un conflicto o no hacerlo ten muy presente qu\u00e9 es lo que va a traer [&hellip;]<\/p>\n","protected":false},"author":1,"featured_media":0,"comment_status":"closed","ping_status":"closed","sticky":false,"template":"","format":"standard","meta":{"sfsi_plus_gutenberg_text_before_share":"","sfsi_plus_gutenberg_show_text_before_share":"","sfsi_plus_gutenberg_icon_type":"","sfsi_plus_gutenberg_icon_alignemt":"","sfsi_plus_gutenburg_max_per_row":"","footnotes":""},"categories":[79],"tags":[],"class_list":["post-345","post","type-post","status-publish","format-standard","hentry","category-yo-soy"],"yoast_head":"<!-- This site is optimized with the Yoast SEO plugin v17.0 - https:\/\/yoast.com\/wordpress\/plugins\/seo\/ -->\n<title>Yo soy paz - Blog de Magdalena Grande<\/title>\n<meta name=\"robots\" content=\"index, follow, max-snippet:-1, max-image-preview:large, max-video-preview:-1\" \/>\n<link rel=\"canonical\" href=\"https:\/\/magdalenagrande.com\/blog\/yo-soy-paz\/\" \/>\n<meta property=\"og:locale\" content=\"es_ES\" \/>\n<meta property=\"og:type\" content=\"article\" \/>\n<meta property=\"og:title\" content=\"Yo soy paz - Blog de Magdalena Grande\" \/>\n<meta property=\"og:description\" content=\"Os propongo algunas actividades de espiritualidad pr\u00e1ctica (cuando escribo esto tengo la sensaci\u00f3n de estar explicando algo de bricolaje \uf926\u200d\u2640\ufe0f\uf605) para potenciar la paz: &#8211; En el momento en que est\u00e9s en un dilema entre dar un paso que genere un conflicto o no hacerlo ten muy presente qu\u00e9 es lo que va a traer [&hellip;]\" \/>\n<meta property=\"og:url\" content=\"https:\/\/magdalenagrande.com\/blog\/yo-soy-paz\/\" \/>\n<meta property=\"og:site_name\" content=\"Blog de Magdalena Grande\" \/>\n<meta property=\"article:published_time\" content=\"2021-09-07T19:44:18+00:00\" \/>\n<meta property=\"article:modified_time\" content=\"2021-09-07T19:44:26+00:00\" \/>\n<meta property=\"og:image\" content=\"https:\/\/magdalenagrande.com\/blog\/wp-content\/uploads\/2021\/09\/image_editor_output_image1079482830-1631043848580-896x1024.jpg\" \/>\n<meta name=\"twitter:card\" content=\"summary\" \/>\n<meta name=\"twitter:label1\" content=\"Escrito por\" \/>\n\t<meta name=\"twitter:data1\" content=\"magdalena_grande\" \/>\n\t<meta name=\"twitter:label2\" content=\"Tiempo de lectura\" \/>\n\t<meta name=\"twitter:data2\" content=\"1 minuto\" \/>\n<script type=\"application\/ld+json\" class=\"yoast-schema-graph\">{\"@context\":\"https:\/\/schema.org\",\"@graph\":[{\"@type\":\"WebSite\",\"@id\":\"https:\/\/magdalenagrande.com\/blog\/#website\",\"url\":\"https:\/\/magdalenagrande.com\/blog\/\",\"name\":\"Blog de Magdalena Grande\",\"description\":\"Crecimiento personal, alta sensibilidad y educaci\\u00f3n emocional\",\"potentialAction\":[{\"@type\":\"SearchAction\",\"target\":{\"@type\":\"EntryPoint\",\"urlTemplate\":\"https:\/\/magdalenagrande.com\/blog\/?s={search_term_string}\"},\"query-input\":\"required name=search_term_string\"}],\"inLanguage\":\"es\"},{\"@type\":\"ImageObject\",\"@id\":\"https:\/\/magdalenagrande.com\/blog\/yo-soy-paz\/#primaryimage\",\"inLanguage\":\"es\",\"url\":\"https:\/\/magdalenagrande.com\/blog\/wp-content\/uploads\/2021\/09\/image_editor_output_image1079482830-1631043848580.jpg\",\"contentUrl\":\"https:\/\/magdalenagrande.com\/blog\/wp-content\/uploads\/2021\/09\/image_editor_output_image1079482830-1631043848580.jpg\",\"width\":1074,\"height\":1227},{\"@type\":\"WebPage\",\"@id\":\"https:\/\/magdalenagrande.com\/blog\/yo-soy-paz\/#webpage\",\"url\":\"https:\/\/magdalenagrande.com\/blog\/yo-soy-paz\/\",\"name\":\"Yo soy paz - Blog de Magdalena Grande\",\"isPartOf\":{\"@id\":\"https:\/\/magdalenagrande.com\/blog\/#website\"},\"primaryImageOfPage\":{\"@id\":\"https:\/\/magdalenagrande.com\/blog\/yo-soy-paz\/#primaryimage\"},\"datePublished\":\"2021-09-07T19:44:18+00:00\",\"dateModified\":\"2021-09-07T19:44:26+00:00\",\"author\":{\"@id\":\"https:\/\/magdalenagrande.com\/blog\/#\/schema\/person\/f8460fd9e22f0d0d09ef55ae7a4f6791\"},\"breadcrumb\":{\"@id\":\"https:\/\/magdalenagrande.com\/blog\/yo-soy-paz\/#breadcrumb\"},\"inLanguage\":\"es\",\"potentialAction\":[{\"@type\":\"ReadAction\",\"target\":[\"https:\/\/magdalenagrande.com\/blog\/yo-soy-paz\/\"]}]},{\"@type\":\"BreadcrumbList\",\"@id\":\"https:\/\/magdalenagrande.com\/blog\/yo-soy-paz\/#breadcrumb\",\"itemListElement\":[{\"@type\":\"ListItem\",\"position\":1,\"name\":\"Portada\",\"item\":\"https:\/\/magdalenagrande.com\/blog\/\"},{\"@type\":\"ListItem\",\"position\":2,\"name\":\"Yo soy paz\"}]},{\"@type\":\"Person\",\"@id\":\"https:\/\/magdalenagrande.com\/blog\/#\/schema\/person\/f8460fd9e22f0d0d09ef55ae7a4f6791\",\"name\":\"magdalena_grande\"}]}<\/script>\n<!-- \/ Yoast SEO plugin. -->","yoast_head_json":{"title":"Yo soy paz - Blog de Magdalena Grande","robots":{"index":"index","follow":"follow","max-snippet":"max-snippet:-1","max-image-preview":"max-image-preview:large","max-video-preview":"max-video-preview:-1"},"canonical":"https:\/\/magdalenagrande.com\/blog\/yo-soy-paz\/","og_locale":"es_ES","og_type":"article","og_title":"Yo soy paz - Blog de Magdalena Grande","og_description":"Os propongo algunas actividades de espiritualidad pr\u00e1ctica (cuando escribo esto tengo la sensaci\u00f3n de estar explicando algo de bricolaje \uf926\u200d\u2640\ufe0f\uf605) para potenciar la paz: &#8211; En el momento en que est\u00e9s en un dilema entre dar un paso que genere un conflicto o no hacerlo ten muy presente qu\u00e9 es lo que va a traer [&hellip;]","og_url":"https:\/\/magdalenagrande.com\/blog\/yo-soy-paz\/","og_site_name":"Blog de Magdalena Grande","article_published_time":"2021-09-07T19:44:18+00:00","article_modified_time":"2021-09-07T19:44:26+00:00","og_image":[{"url":"https:\/\/magdalenagrande.com\/blog\/wp-content\/uploads\/2021\/09\/image_editor_output_image1079482830-1631043848580-896x1024.jpg"}],"twitter_card":"summary","twitter_misc":{"Escrito por":"magdalena_grande","Tiempo de lectura":"1 minuto"},"schema":{"@context":"https:\/\/schema.org","@graph":[{"@type":"WebSite","@id":"https:\/\/magdalenagrande.com\/blog\/#website","url":"https:\/\/magdalenagrande.com\/blog\/","name":"Blog de Magdalena Grande","description":"Crecimiento personal, alta sensibilidad y educaci\u00f3n emocional","potentialAction":[{"@type":"SearchAction","target":{"@type":"EntryPoint","urlTemplate":"https:\/\/magdalenagrande.com\/blog\/?s={search_term_string}"},"query-input":"required name=search_term_string"}],"inLanguage":"es"},{"@type":"ImageObject","@id":"https:\/\/magdalenagrande.com\/blog\/yo-soy-paz\/#primaryimage","inLanguage":"es","url":"https:\/\/magdalenagrande.com\/blog\/wp-content\/uploads\/2021\/09\/image_editor_output_image1079482830-1631043848580.jpg","contentUrl":"https:\/\/magdalenagrande.com\/blog\/wp-content\/uploads\/2021\/09\/image_editor_output_image1079482830-1631043848580.jpg","width":1074,"height":1227},{"@type":"WebPage","@id":"https:\/\/magdalenagrande.com\/blog\/yo-soy-paz\/#webpage","url":"https:\/\/magdalenagrande.com\/blog\/yo-soy-paz\/","name":"Yo soy paz - Blog de Magdalena Grande","isPartOf":{"@id":"https:\/\/magdalenagrande.com\/blog\/#website"},"primaryImageOfPage":{"@id":"https:\/\/magdalenagrande.com\/blog\/yo-soy-paz\/#primaryimage"},"datePublished":"2021-09-07T19:44:18+00:00","dateModified":"2021-09-07T19:44:26+00:00","author":{"@id":"https:\/\/magdalenagrande.com\/blog\/#\/schema\/person\/f8460fd9e22f0d0d09ef55ae7a4f6791"},"breadcrumb":{"@id":"https:\/\/magdalenagrande.com\/blog\/yo-soy-paz\/#breadcrumb"},"inLanguage":"es","potentialAction":[{"@type":"ReadAction","target":["https:\/\/magdalenagrande.com\/blog\/yo-soy-paz\/"]}]},{"@type":"BreadcrumbList","@id":"https:\/\/magdalenagrande.com\/blog\/yo-soy-paz\/#breadcrumb","itemListElement":[{"@type":"ListItem","position":1,"name":"Portada","item":"https:\/\/magdalenagrande.com\/blog\/"},{"@type":"ListItem","position":2,"name":"Yo soy paz"}]},{"@type":"Person","@id":"https:\/\/magdalenagrande.com\/blog\/#\/schema\/person\/f8460fd9e22f0d0d09ef55ae7a4f6791","name":"magdalena_grande"}]}},"_links":{"self":[{"href":"https:\/\/magdalenagrande.com\/blog\/wp-json\/wp\/v2\/posts\/345","targetHints":{"allow":["GET"]}}],"collection":[{"href":"https:\/\/magdalenagrande.com\/blog\/wp-json\/wp\/v2\/posts"}],"about":[{"href":"https:\/\/magdalenagrande.com\/blog\/wp-json\/wp\/v2\/types\/post"}],"author":[{"embeddable":true,"href":"https:\/\/magdalenagrande.com\/blog\/wp-json\/wp\/v2\/users\/1"}],"replies":[{"embeddable":true,"href":"https:\/\/magdalenagrande.com\/blog\/wp-json\/wp\/v2\/comments?post=345"}],"version-history":[{"count":1,"href":"https:\/\/magdalenagrande.com\/blog\/wp-json\/wp\/v2\/posts\/345\/revisions"}],"predecessor-version":[{"id":346,"href":"https:\/\/magdalenagrande.com\/blog\/wp-json\/wp\/v2\/posts\/345\/revisions\/346"}],"wp:attachment":[{"href":"https:\/\/magdalenagrande.com\/blog\/wp-json\/wp\/v2\/media?parent=345"}],"wp:term":[{"taxonomy":"category","embeddable":true,"href":"https:\/\/magdalenagrande.com\/blog\/wp-json\/wp\/v2\/categories?post=345"},{"taxonomy":"post_tag","embeddable":true,"href":"https:\/\/magdalenagrande.com\/blog\/wp-json\/wp\/v2\/tags?post=345"}],"curies":[{"name":"wp","href":"https:\/\/api.w.org\/{rel}","templated":true}]}}