{"id":360,"date":"2021-09-07T19:55:33","date_gmt":"2021-09-07T19:55:33","guid":{"rendered":"https:\/\/magdalenagrande.com\/blog\/?p=360"},"modified":"2021-09-07T19:55:40","modified_gmt":"2021-09-07T19:55:40","slug":"yo-soy-guerra","status":"publish","type":"post","link":"https:\/\/magdalenagrande.com\/blog\/yo-soy-guerra\/","title":{"rendered":"Yo soy guerra"},"content":{"rendered":"\n<p>Recordad que igual que somos luz, somos sombra. Os propongo estos consejos de espiritualidad pr\u00e1ctica (no me acostumbro) para trabajar la guerra:<\/p>\n\n\n\n<p>&#8211; Trata de analizar si te sientes m\u00e1s c\u00f3modo en la guerra o en la paz. Reconoce esta verdad y m\u00edralo de la manera consciente. Hay personas que se acostumbraron a vivir en tensi\u00f3n y en guerra y es lo que saben hacer. Por ello, buscan constantemente repetir patrones. Si es tu caso, hay que ponerse manos a la obra con ello.<\/p>\n\n\n\n<p>&#8211; Antes de meterte en una guerra p\u00e1rate a analizar los pros y contras en lugar de hacerlo de manera instintiva. \u00bfEsta guerra vale la pena? \u00bfQuiero entrar en esto? \u00bfQu\u00e9 me puede aportar? \u00bfEst\u00e1 mi ego detr\u00e1s de todo esto? En mi caso personal, cuando me he metido en guerras (de egos) siempre he salido escaldada porque no es un \u00e1mbito que domine as\u00ed que me fusilan r\u00e1pidamente. Aprend\u00ed a no guerrear m\u00e1s all\u00ed. Elijo paz. Mi paz.<\/p>\n\n\n\n<p>&#8211; Piensa un momento en la \u00faltima guerra en la que recuerdas haber estado o est\u00e1s y analiza en fr\u00edo: \u00bfqu\u00e9 de todo esto estoy haciendo mal? \u00bfQu\u00e9 estoy haciendo bien? \u00bfQu\u00e9 podr\u00eda hacer diferente para conseguir mi objetivo sin generar m\u00e1s guerra? \u00bfC\u00f3mo puedo obtener m\u00e1s paz? Luego, act\u00faa en consecuencia.<\/p>\n\n\n\n<p>Recuerda, donde hay guerra no puede haber paz.<\/p>\n\n\n\n<p>\u00bfC\u00f3mo gestionas t\u00fa las guerras?<\/p>\n\n\n\n<p>#pazyguerra #somostodo #yosoy #lucesysombras #sensibilidadconsciente #magdalenagrande #terapiaonline #consultaonline<\/p>\n\n\n\n<p>@personas_altamente_sensibles<\/p>\n\n\n\n<p>Www.magdalenagrande.com <\/p>\n\n\n\n<figure class=\"wp-block-image size-large\"><img loading=\"lazy\" decoding=\"async\" width=\"925\" height=\"1024\" src=\"https:\/\/magdalenagrande.com\/blog\/wp-content\/uploads\/2021\/09\/image_editor_output_image-1247529993-1631044514821-925x1024.jpg\" alt=\"\" class=\"wp-image-359\" srcset=\"https:\/\/magdalenagrande.com\/blog\/wp-content\/uploads\/2021\/09\/image_editor_output_image-1247529993-1631044514821-925x1024.jpg 925w, https:\/\/magdalenagrande.com\/blog\/wp-content\/uploads\/2021\/09\/image_editor_output_image-1247529993-1631044514821-271x300.jpg 271w, https:\/\/magdalenagrande.com\/blog\/wp-content\/uploads\/2021\/09\/image_editor_output_image-1247529993-1631044514821-768x850.jpg 768w, https:\/\/magdalenagrande.com\/blog\/wp-content\/uploads\/2021\/09\/image_editor_output_image-1247529993-1631044514821.jpg 1078w\" sizes=\"auto, (max-width: 925px) 100vw, 925px\" \/><\/figure>\n","protected":false},"excerpt":{"rendered":"<p>Recordad que igual que somos luz, somos sombra. Os propongo estos consejos de espiritualidad pr\u00e1ctica (no me acostumbro) para trabajar la guerra: &#8211; Trata de analizar si te sientes m\u00e1s c\u00f3modo en la guerra o en la paz. Reconoce esta verdad y m\u00edralo de la manera consciente. Hay personas que se acostumbraron a vivir en [&hellip;]<\/p>\n","protected":false},"author":1,"featured_media":0,"comment_status":"closed","ping_status":"closed","sticky":false,"template":"","format":"standard","meta":{"sfsi_plus_gutenberg_text_before_share":"","sfsi_plus_gutenberg_show_text_before_share":"","sfsi_plus_gutenberg_icon_type":"","sfsi_plus_gutenberg_icon_alignemt":"","sfsi_plus_gutenburg_max_per_row":"","footnotes":""},"categories":[79],"tags":[],"class_list":["post-360","post","type-post","status-publish","format-standard","hentry","category-yo-soy"],"yoast_head":"<!-- This site is optimized with the Yoast SEO plugin v17.0 - https:\/\/yoast.com\/wordpress\/plugins\/seo\/ -->\n<title>Yo soy guerra - Blog de Magdalena Grande<\/title>\n<meta name=\"robots\" content=\"index, follow, max-snippet:-1, max-image-preview:large, max-video-preview:-1\" \/>\n<link rel=\"canonical\" href=\"https:\/\/magdalenagrande.com\/blog\/yo-soy-guerra\/\" \/>\n<meta property=\"og:locale\" content=\"es_ES\" \/>\n<meta property=\"og:type\" content=\"article\" \/>\n<meta property=\"og:title\" content=\"Yo soy guerra - Blog de Magdalena Grande\" \/>\n<meta property=\"og:description\" content=\"Recordad que igual que somos luz, somos sombra. Os propongo estos consejos de espiritualidad pr\u00e1ctica (no me acostumbro) para trabajar la guerra: &#8211; Trata de analizar si te sientes m\u00e1s c\u00f3modo en la guerra o en la paz. Reconoce esta verdad y m\u00edralo de la manera consciente. Hay personas que se acostumbraron a vivir en [&hellip;]\" \/>\n<meta property=\"og:url\" content=\"https:\/\/magdalenagrande.com\/blog\/yo-soy-guerra\/\" \/>\n<meta property=\"og:site_name\" content=\"Blog de Magdalena Grande\" \/>\n<meta property=\"article:published_time\" content=\"2021-09-07T19:55:33+00:00\" \/>\n<meta property=\"article:modified_time\" content=\"2021-09-07T19:55:40+00:00\" \/>\n<meta property=\"og:image\" content=\"https:\/\/magdalenagrande.com\/blog\/wp-content\/uploads\/2021\/09\/image_editor_output_image-1247529993-1631044514821-925x1024.jpg\" \/>\n<meta name=\"twitter:card\" content=\"summary\" \/>\n<meta name=\"twitter:label1\" content=\"Escrito por\" \/>\n\t<meta name=\"twitter:data1\" content=\"magdalena_grande\" \/>\n\t<meta name=\"twitter:label2\" content=\"Tiempo de lectura\" \/>\n\t<meta name=\"twitter:data2\" content=\"1 minuto\" \/>\n<script type=\"application\/ld+json\" class=\"yoast-schema-graph\">{\"@context\":\"https:\/\/schema.org\",\"@graph\":[{\"@type\":\"WebSite\",\"@id\":\"https:\/\/magdalenagrande.com\/blog\/#website\",\"url\":\"https:\/\/magdalenagrande.com\/blog\/\",\"name\":\"Blog de Magdalena Grande\",\"description\":\"Crecimiento personal, alta sensibilidad y educaci\\u00f3n emocional\",\"potentialAction\":[{\"@type\":\"SearchAction\",\"target\":{\"@type\":\"EntryPoint\",\"urlTemplate\":\"https:\/\/magdalenagrande.com\/blog\/?s={search_term_string}\"},\"query-input\":\"required name=search_term_string\"}],\"inLanguage\":\"es\"},{\"@type\":\"ImageObject\",\"@id\":\"https:\/\/magdalenagrande.com\/blog\/yo-soy-guerra\/#primaryimage\",\"inLanguage\":\"es\",\"url\":\"https:\/\/magdalenagrande.com\/blog\/wp-content\/uploads\/2021\/09\/image_editor_output_image-1247529993-1631044514821.jpg\",\"contentUrl\":\"https:\/\/magdalenagrande.com\/blog\/wp-content\/uploads\/2021\/09\/image_editor_output_image-1247529993-1631044514821.jpg\",\"width\":1078,\"height\":1193},{\"@type\":\"WebPage\",\"@id\":\"https:\/\/magdalenagrande.com\/blog\/yo-soy-guerra\/#webpage\",\"url\":\"https:\/\/magdalenagrande.com\/blog\/yo-soy-guerra\/\",\"name\":\"Yo soy guerra - Blog de Magdalena Grande\",\"isPartOf\":{\"@id\":\"https:\/\/magdalenagrande.com\/blog\/#website\"},\"primaryImageOfPage\":{\"@id\":\"https:\/\/magdalenagrande.com\/blog\/yo-soy-guerra\/#primaryimage\"},\"datePublished\":\"2021-09-07T19:55:33+00:00\",\"dateModified\":\"2021-09-07T19:55:40+00:00\",\"author\":{\"@id\":\"https:\/\/magdalenagrande.com\/blog\/#\/schema\/person\/f8460fd9e22f0d0d09ef55ae7a4f6791\"},\"breadcrumb\":{\"@id\":\"https:\/\/magdalenagrande.com\/blog\/yo-soy-guerra\/#breadcrumb\"},\"inLanguage\":\"es\",\"potentialAction\":[{\"@type\":\"ReadAction\",\"target\":[\"https:\/\/magdalenagrande.com\/blog\/yo-soy-guerra\/\"]}]},{\"@type\":\"BreadcrumbList\",\"@id\":\"https:\/\/magdalenagrande.com\/blog\/yo-soy-guerra\/#breadcrumb\",\"itemListElement\":[{\"@type\":\"ListItem\",\"position\":1,\"name\":\"Portada\",\"item\":\"https:\/\/magdalenagrande.com\/blog\/\"},{\"@type\":\"ListItem\",\"position\":2,\"name\":\"Yo soy guerra\"}]},{\"@type\":\"Person\",\"@id\":\"https:\/\/magdalenagrande.com\/blog\/#\/schema\/person\/f8460fd9e22f0d0d09ef55ae7a4f6791\",\"name\":\"magdalena_grande\"}]}<\/script>\n<!-- \/ Yoast SEO plugin. -->","yoast_head_json":{"title":"Yo soy guerra - Blog de Magdalena Grande","robots":{"index":"index","follow":"follow","max-snippet":"max-snippet:-1","max-image-preview":"max-image-preview:large","max-video-preview":"max-video-preview:-1"},"canonical":"https:\/\/magdalenagrande.com\/blog\/yo-soy-guerra\/","og_locale":"es_ES","og_type":"article","og_title":"Yo soy guerra - Blog de Magdalena Grande","og_description":"Recordad que igual que somos luz, somos sombra. Os propongo estos consejos de espiritualidad pr\u00e1ctica (no me acostumbro) para trabajar la guerra: &#8211; Trata de analizar si te sientes m\u00e1s c\u00f3modo en la guerra o en la paz. Reconoce esta verdad y m\u00edralo de la manera consciente. Hay personas que se acostumbraron a vivir en [&hellip;]","og_url":"https:\/\/magdalenagrande.com\/blog\/yo-soy-guerra\/","og_site_name":"Blog de Magdalena Grande","article_published_time":"2021-09-07T19:55:33+00:00","article_modified_time":"2021-09-07T19:55:40+00:00","og_image":[{"url":"https:\/\/magdalenagrande.com\/blog\/wp-content\/uploads\/2021\/09\/image_editor_output_image-1247529993-1631044514821-925x1024.jpg"}],"twitter_card":"summary","twitter_misc":{"Escrito por":"magdalena_grande","Tiempo de lectura":"1 minuto"},"schema":{"@context":"https:\/\/schema.org","@graph":[{"@type":"WebSite","@id":"https:\/\/magdalenagrande.com\/blog\/#website","url":"https:\/\/magdalenagrande.com\/blog\/","name":"Blog de Magdalena Grande","description":"Crecimiento personal, alta sensibilidad y educaci\u00f3n emocional","potentialAction":[{"@type":"SearchAction","target":{"@type":"EntryPoint","urlTemplate":"https:\/\/magdalenagrande.com\/blog\/?s={search_term_string}"},"query-input":"required name=search_term_string"}],"inLanguage":"es"},{"@type":"ImageObject","@id":"https:\/\/magdalenagrande.com\/blog\/yo-soy-guerra\/#primaryimage","inLanguage":"es","url":"https:\/\/magdalenagrande.com\/blog\/wp-content\/uploads\/2021\/09\/image_editor_output_image-1247529993-1631044514821.jpg","contentUrl":"https:\/\/magdalenagrande.com\/blog\/wp-content\/uploads\/2021\/09\/image_editor_output_image-1247529993-1631044514821.jpg","width":1078,"height":1193},{"@type":"WebPage","@id":"https:\/\/magdalenagrande.com\/blog\/yo-soy-guerra\/#webpage","url":"https:\/\/magdalenagrande.com\/blog\/yo-soy-guerra\/","name":"Yo soy guerra - Blog de Magdalena Grande","isPartOf":{"@id":"https:\/\/magdalenagrande.com\/blog\/#website"},"primaryImageOfPage":{"@id":"https:\/\/magdalenagrande.com\/blog\/yo-soy-guerra\/#primaryimage"},"datePublished":"2021-09-07T19:55:33+00:00","dateModified":"2021-09-07T19:55:40+00:00","author":{"@id":"https:\/\/magdalenagrande.com\/blog\/#\/schema\/person\/f8460fd9e22f0d0d09ef55ae7a4f6791"},"breadcrumb":{"@id":"https:\/\/magdalenagrande.com\/blog\/yo-soy-guerra\/#breadcrumb"},"inLanguage":"es","potentialAction":[{"@type":"ReadAction","target":["https:\/\/magdalenagrande.com\/blog\/yo-soy-guerra\/"]}]},{"@type":"BreadcrumbList","@id":"https:\/\/magdalenagrande.com\/blog\/yo-soy-guerra\/#breadcrumb","itemListElement":[{"@type":"ListItem","position":1,"name":"Portada","item":"https:\/\/magdalenagrande.com\/blog\/"},{"@type":"ListItem","position":2,"name":"Yo soy guerra"}]},{"@type":"Person","@id":"https:\/\/magdalenagrande.com\/blog\/#\/schema\/person\/f8460fd9e22f0d0d09ef55ae7a4f6791","name":"magdalena_grande"}]}},"_links":{"self":[{"href":"https:\/\/magdalenagrande.com\/blog\/wp-json\/wp\/v2\/posts\/360","targetHints":{"allow":["GET"]}}],"collection":[{"href":"https:\/\/magdalenagrande.com\/blog\/wp-json\/wp\/v2\/posts"}],"about":[{"href":"https:\/\/magdalenagrande.com\/blog\/wp-json\/wp\/v2\/types\/post"}],"author":[{"embeddable":true,"href":"https:\/\/magdalenagrande.com\/blog\/wp-json\/wp\/v2\/users\/1"}],"replies":[{"embeddable":true,"href":"https:\/\/magdalenagrande.com\/blog\/wp-json\/wp\/v2\/comments?post=360"}],"version-history":[{"count":1,"href":"https:\/\/magdalenagrande.com\/blog\/wp-json\/wp\/v2\/posts\/360\/revisions"}],"predecessor-version":[{"id":361,"href":"https:\/\/magdalenagrande.com\/blog\/wp-json\/wp\/v2\/posts\/360\/revisions\/361"}],"wp:attachment":[{"href":"https:\/\/magdalenagrande.com\/blog\/wp-json\/wp\/v2\/media?parent=360"}],"wp:term":[{"taxonomy":"category","embeddable":true,"href":"https:\/\/magdalenagrande.com\/blog\/wp-json\/wp\/v2\/categories?post=360"},{"taxonomy":"post_tag","embeddable":true,"href":"https:\/\/magdalenagrande.com\/blog\/wp-json\/wp\/v2\/tags?post=360"}],"curies":[{"name":"wp","href":"https:\/\/api.w.org\/{rel}","templated":true}]}}