{"id":363,"date":"2021-09-07T19:57:21","date_gmt":"2021-09-07T19:57:21","guid":{"rendered":"https:\/\/magdalenagrande.com\/blog\/?p=363"},"modified":"2021-09-07T19:57:38","modified_gmt":"2021-09-07T19:57:38","slug":"que-momento-querrias-retener-para-siempre","status":"publish","type":"post","link":"https:\/\/magdalenagrande.com\/blog\/que-momento-querrias-retener-para-siempre\/","title":{"rendered":"\u00bfQu\u00e9 momento querr\u00edas retener para siempre?"},"content":{"rendered":"\n<p>Ojal\u00e1 poder atrapar esto en mi memoria para siempre&#8230;<\/p>\n\n\n\n<p>\u00bfLo has pensado alguna vez? Quiz\u00e1 un segundo, una sensaci\u00f3n, un instante.<\/p>\n\n\n\n<p>El momento exacto en que te has metido en la cama para hacer una siesta y sabes que el tiempo va a detenerse (y no importa).<\/p>\n\n\n\n<p>La primera vez que te vi, un segundo, quedarme ah\u00ed.<\/p>\n\n\n\n<p>El olor a las tortitas del domingo y la sensaci\u00f3n de relax que se respira en esta casa.<\/p>\n\n\n\n<p>El momento en que hablas con esa persona y percibes una conexi\u00f3n tan profunda que sabes que va mucho m\u00e1s all\u00e1 de aqu\u00ed y ahora. No lo puedes explicar, pero lo sabes.<\/p>\n\n\n\n<p>El instante en que me enter\u00e9 de que estaba embarazada, incertidumbre y amor m\u00e1ximo incluidos.<\/p>\n\n\n\n<p>El tacto de su pelo entre mis dedos, la textura exacta de cada mech\u00f3n.<\/p>\n\n\n\n<p>Ver la emoci\u00f3n en sus caras y sentirla en su expresi\u00f3n cuando hacemos algo chulo que les encanta o algo nuevo. Sentir su ilusi\u00f3n que me permite conectar con la m\u00eda.<\/p>\n\n\n\n<p>El tacto de las p\u00e1ginas de un libro cuando se est\u00e1 terminando y todav\u00eda no sabes si vas a poder vivir sin \u00e9l.<\/p>\n\n\n\n<p>Algunas \u00faltimas veces&#8230;<\/p>\n\n\n\n<p>\u00bfQu\u00e9 querr\u00edas haber atrapado o atrapar para retener ese momento de forma eterna?<\/p>\n\n\n\n<p>Exprime tu sensibilidad y tus sentidos y haz un listado propio&#8230; Rememora cuando necesites conectar.<\/p>\n\n\n\n<p>#instantes #altasensibilidad #sensibilidadconsciente #sersensible #captarmomentos #personasaltamentesensibles #magdalenagrande #terapiaonline #consultaonline<\/p>\n\n\n\n<p>@personas_altamente_sensibles<\/p>\n\n\n\n<p>Www.magdalenagrande.com <\/p>\n\n\n\n<figure class=\"wp-block-image size-large\"><img loading=\"lazy\" decoding=\"async\" width=\"893\" height=\"1024\" src=\"https:\/\/magdalenagrande.com\/blog\/wp-content\/uploads\/2021\/09\/image_editor_output_image1566204120-1631044612120-893x1024.jpg\" alt=\"\" class=\"wp-image-362\" srcset=\"https:\/\/magdalenagrande.com\/blog\/wp-content\/uploads\/2021\/09\/image_editor_output_image1566204120-1631044612120-893x1024.jpg 893w, https:\/\/magdalenagrande.com\/blog\/wp-content\/uploads\/2021\/09\/image_editor_output_image1566204120-1631044612120-262x300.jpg 262w, https:\/\/magdalenagrande.com\/blog\/wp-content\/uploads\/2021\/09\/image_editor_output_image1566204120-1631044612120-768x881.jpg 768w, https:\/\/magdalenagrande.com\/blog\/wp-content\/uploads\/2021\/09\/image_editor_output_image1566204120-1631044612120.jpg 1078w\" sizes=\"auto, (max-width: 893px) 100vw, 893px\" \/><\/figure>\n","protected":false},"excerpt":{"rendered":"<p>Ojal\u00e1 poder atrapar esto en mi memoria para siempre&#8230; \u00bfLo has pensado alguna vez? Quiz\u00e1 un segundo, una sensaci\u00f3n, un instante. El momento exacto en que te has metido en la cama para hacer una siesta y sabes que el tiempo va a detenerse (y no importa). La primera vez que te vi, un segundo, [&hellip;]<\/p>\n","protected":false},"author":1,"featured_media":0,"comment_status":"closed","ping_status":"closed","sticky":false,"template":"","format":"standard","meta":{"sfsi_plus_gutenberg_text_before_share":"","sfsi_plus_gutenberg_show_text_before_share":"","sfsi_plus_gutenberg_icon_type":"","sfsi_plus_gutenberg_icon_alignemt":"","sfsi_plus_gutenburg_max_per_row":"","footnotes":""},"categories":[65,77],"tags":[],"class_list":["post-363","post","type-post","status-publish","format-standard","hentry","category-personas-y-ninos-altamente-sensibles","category-preguntas-alta-sensibilidad"],"yoast_head":"<!-- This site is optimized with the Yoast SEO plugin v17.0 - https:\/\/yoast.com\/wordpress\/plugins\/seo\/ -->\n<title>\u00bfQu\u00e9 momento querr\u00edas retener para siempre? - Blog de Magdalena Grande<\/title>\n<meta name=\"robots\" content=\"index, follow, max-snippet:-1, max-image-preview:large, max-video-preview:-1\" \/>\n<link rel=\"canonical\" href=\"https:\/\/magdalenagrande.com\/blog\/que-momento-querrias-retener-para-siempre\/\" \/>\n<meta property=\"og:locale\" content=\"es_ES\" \/>\n<meta property=\"og:type\" content=\"article\" \/>\n<meta property=\"og:title\" content=\"\u00bfQu\u00e9 momento querr\u00edas retener para siempre? - Blog de Magdalena Grande\" \/>\n<meta property=\"og:description\" content=\"Ojal\u00e1 poder atrapar esto en mi memoria para siempre&#8230; \u00bfLo has pensado alguna vez? Quiz\u00e1 un segundo, una sensaci\u00f3n, un instante. El momento exacto en que te has metido en la cama para hacer una siesta y sabes que el tiempo va a detenerse (y no importa). La primera vez que te vi, un segundo, [&hellip;]\" \/>\n<meta property=\"og:url\" content=\"https:\/\/magdalenagrande.com\/blog\/que-momento-querrias-retener-para-siempre\/\" \/>\n<meta property=\"og:site_name\" content=\"Blog de Magdalena Grande\" \/>\n<meta property=\"article:published_time\" content=\"2021-09-07T19:57:21+00:00\" \/>\n<meta property=\"article:modified_time\" content=\"2021-09-07T19:57:38+00:00\" \/>\n<meta property=\"og:image\" content=\"https:\/\/magdalenagrande.com\/blog\/wp-content\/uploads\/2021\/09\/image_editor_output_image1566204120-1631044612120-893x1024.jpg\" \/>\n<meta name=\"twitter:card\" content=\"summary\" \/>\n<meta name=\"twitter:label1\" content=\"Escrito por\" \/>\n\t<meta name=\"twitter:data1\" content=\"magdalena_grande\" \/>\n\t<meta name=\"twitter:label2\" content=\"Tiempo de lectura\" \/>\n\t<meta name=\"twitter:data2\" content=\"1 minuto\" \/>\n<script type=\"application\/ld+json\" class=\"yoast-schema-graph\">{\"@context\":\"https:\/\/schema.org\",\"@graph\":[{\"@type\":\"WebSite\",\"@id\":\"https:\/\/magdalenagrande.com\/blog\/#website\",\"url\":\"https:\/\/magdalenagrande.com\/blog\/\",\"name\":\"Blog de Magdalena Grande\",\"description\":\"Crecimiento personal, alta sensibilidad y educaci\\u00f3n emocional\",\"potentialAction\":[{\"@type\":\"SearchAction\",\"target\":{\"@type\":\"EntryPoint\",\"urlTemplate\":\"https:\/\/magdalenagrande.com\/blog\/?s={search_term_string}\"},\"query-input\":\"required name=search_term_string\"}],\"inLanguage\":\"es\"},{\"@type\":\"ImageObject\",\"@id\":\"https:\/\/magdalenagrande.com\/blog\/que-momento-querrias-retener-para-siempre\/#primaryimage\",\"inLanguage\":\"es\",\"url\":\"https:\/\/magdalenagrande.com\/blog\/wp-content\/uploads\/2021\/09\/image_editor_output_image1566204120-1631044612120.jpg\",\"contentUrl\":\"https:\/\/magdalenagrande.com\/blog\/wp-content\/uploads\/2021\/09\/image_editor_output_image1566204120-1631044612120.jpg\",\"width\":1078,\"height\":1236},{\"@type\":\"WebPage\",\"@id\":\"https:\/\/magdalenagrande.com\/blog\/que-momento-querrias-retener-para-siempre\/#webpage\",\"url\":\"https:\/\/magdalenagrande.com\/blog\/que-momento-querrias-retener-para-siempre\/\",\"name\":\"\\u00bfQu\\u00e9 momento querr\\u00edas retener para siempre? - Blog de Magdalena Grande\",\"isPartOf\":{\"@id\":\"https:\/\/magdalenagrande.com\/blog\/#website\"},\"primaryImageOfPage\":{\"@id\":\"https:\/\/magdalenagrande.com\/blog\/que-momento-querrias-retener-para-siempre\/#primaryimage\"},\"datePublished\":\"2021-09-07T19:57:21+00:00\",\"dateModified\":\"2021-09-07T19:57:38+00:00\",\"author\":{\"@id\":\"https:\/\/magdalenagrande.com\/blog\/#\/schema\/person\/f8460fd9e22f0d0d09ef55ae7a4f6791\"},\"breadcrumb\":{\"@id\":\"https:\/\/magdalenagrande.com\/blog\/que-momento-querrias-retener-para-siempre\/#breadcrumb\"},\"inLanguage\":\"es\",\"potentialAction\":[{\"@type\":\"ReadAction\",\"target\":[\"https:\/\/magdalenagrande.com\/blog\/que-momento-querrias-retener-para-siempre\/\"]}]},{\"@type\":\"BreadcrumbList\",\"@id\":\"https:\/\/magdalenagrande.com\/blog\/que-momento-querrias-retener-para-siempre\/#breadcrumb\",\"itemListElement\":[{\"@type\":\"ListItem\",\"position\":1,\"name\":\"Portada\",\"item\":\"https:\/\/magdalenagrande.com\/blog\/\"},{\"@type\":\"ListItem\",\"position\":2,\"name\":\"\\u00bfQu\\u00e9 momento querr\\u00edas retener para siempre?\"}]},{\"@type\":\"Person\",\"@id\":\"https:\/\/magdalenagrande.com\/blog\/#\/schema\/person\/f8460fd9e22f0d0d09ef55ae7a4f6791\",\"name\":\"magdalena_grande\"}]}<\/script>\n<!-- \/ Yoast SEO plugin. -->","yoast_head_json":{"title":"\u00bfQu\u00e9 momento querr\u00edas retener para siempre? - Blog de Magdalena Grande","robots":{"index":"index","follow":"follow","max-snippet":"max-snippet:-1","max-image-preview":"max-image-preview:large","max-video-preview":"max-video-preview:-1"},"canonical":"https:\/\/magdalenagrande.com\/blog\/que-momento-querrias-retener-para-siempre\/","og_locale":"es_ES","og_type":"article","og_title":"\u00bfQu\u00e9 momento querr\u00edas retener para siempre? - Blog de Magdalena Grande","og_description":"Ojal\u00e1 poder atrapar esto en mi memoria para siempre&#8230; \u00bfLo has pensado alguna vez? Quiz\u00e1 un segundo, una sensaci\u00f3n, un instante. El momento exacto en que te has metido en la cama para hacer una siesta y sabes que el tiempo va a detenerse (y no importa). La primera vez que te vi, un segundo, [&hellip;]","og_url":"https:\/\/magdalenagrande.com\/blog\/que-momento-querrias-retener-para-siempre\/","og_site_name":"Blog de Magdalena Grande","article_published_time":"2021-09-07T19:57:21+00:00","article_modified_time":"2021-09-07T19:57:38+00:00","og_image":[{"url":"https:\/\/magdalenagrande.com\/blog\/wp-content\/uploads\/2021\/09\/image_editor_output_image1566204120-1631044612120-893x1024.jpg"}],"twitter_card":"summary","twitter_misc":{"Escrito por":"magdalena_grande","Tiempo de lectura":"1 minuto"},"schema":{"@context":"https:\/\/schema.org","@graph":[{"@type":"WebSite","@id":"https:\/\/magdalenagrande.com\/blog\/#website","url":"https:\/\/magdalenagrande.com\/blog\/","name":"Blog de Magdalena Grande","description":"Crecimiento personal, alta sensibilidad y educaci\u00f3n emocional","potentialAction":[{"@type":"SearchAction","target":{"@type":"EntryPoint","urlTemplate":"https:\/\/magdalenagrande.com\/blog\/?s={search_term_string}"},"query-input":"required name=search_term_string"}],"inLanguage":"es"},{"@type":"ImageObject","@id":"https:\/\/magdalenagrande.com\/blog\/que-momento-querrias-retener-para-siempre\/#primaryimage","inLanguage":"es","url":"https:\/\/magdalenagrande.com\/blog\/wp-content\/uploads\/2021\/09\/image_editor_output_image1566204120-1631044612120.jpg","contentUrl":"https:\/\/magdalenagrande.com\/blog\/wp-content\/uploads\/2021\/09\/image_editor_output_image1566204120-1631044612120.jpg","width":1078,"height":1236},{"@type":"WebPage","@id":"https:\/\/magdalenagrande.com\/blog\/que-momento-querrias-retener-para-siempre\/#webpage","url":"https:\/\/magdalenagrande.com\/blog\/que-momento-querrias-retener-para-siempre\/","name":"\u00bfQu\u00e9 momento querr\u00edas retener para siempre? - Blog de Magdalena Grande","isPartOf":{"@id":"https:\/\/magdalenagrande.com\/blog\/#website"},"primaryImageOfPage":{"@id":"https:\/\/magdalenagrande.com\/blog\/que-momento-querrias-retener-para-siempre\/#primaryimage"},"datePublished":"2021-09-07T19:57:21+00:00","dateModified":"2021-09-07T19:57:38+00:00","author":{"@id":"https:\/\/magdalenagrande.com\/blog\/#\/schema\/person\/f8460fd9e22f0d0d09ef55ae7a4f6791"},"breadcrumb":{"@id":"https:\/\/magdalenagrande.com\/blog\/que-momento-querrias-retener-para-siempre\/#breadcrumb"},"inLanguage":"es","potentialAction":[{"@type":"ReadAction","target":["https:\/\/magdalenagrande.com\/blog\/que-momento-querrias-retener-para-siempre\/"]}]},{"@type":"BreadcrumbList","@id":"https:\/\/magdalenagrande.com\/blog\/que-momento-querrias-retener-para-siempre\/#breadcrumb","itemListElement":[{"@type":"ListItem","position":1,"name":"Portada","item":"https:\/\/magdalenagrande.com\/blog\/"},{"@type":"ListItem","position":2,"name":"\u00bfQu\u00e9 momento querr\u00edas retener para siempre?"}]},{"@type":"Person","@id":"https:\/\/magdalenagrande.com\/blog\/#\/schema\/person\/f8460fd9e22f0d0d09ef55ae7a4f6791","name":"magdalena_grande"}]}},"_links":{"self":[{"href":"https:\/\/magdalenagrande.com\/blog\/wp-json\/wp\/v2\/posts\/363","targetHints":{"allow":["GET"]}}],"collection":[{"href":"https:\/\/magdalenagrande.com\/blog\/wp-json\/wp\/v2\/posts"}],"about":[{"href":"https:\/\/magdalenagrande.com\/blog\/wp-json\/wp\/v2\/types\/post"}],"author":[{"embeddable":true,"href":"https:\/\/magdalenagrande.com\/blog\/wp-json\/wp\/v2\/users\/1"}],"replies":[{"embeddable":true,"href":"https:\/\/magdalenagrande.com\/blog\/wp-json\/wp\/v2\/comments?post=363"}],"version-history":[{"count":1,"href":"https:\/\/magdalenagrande.com\/blog\/wp-json\/wp\/v2\/posts\/363\/revisions"}],"predecessor-version":[{"id":364,"href":"https:\/\/magdalenagrande.com\/blog\/wp-json\/wp\/v2\/posts\/363\/revisions\/364"}],"wp:attachment":[{"href":"https:\/\/magdalenagrande.com\/blog\/wp-json\/wp\/v2\/media?parent=363"}],"wp:term":[{"taxonomy":"category","embeddable":true,"href":"https:\/\/magdalenagrande.com\/blog\/wp-json\/wp\/v2\/categories?post=363"},{"taxonomy":"post_tag","embeddable":true,"href":"https:\/\/magdalenagrande.com\/blog\/wp-json\/wp\/v2\/tags?post=363"}],"curies":[{"name":"wp","href":"https:\/\/api.w.org\/{rel}","templated":true}]}}