{"id":384,"date":"2021-09-08T21:08:14","date_gmt":"2021-09-08T21:08:14","guid":{"rendered":"https:\/\/magdalenagrande.com\/blog\/?p=384"},"modified":"2021-09-08T21:08:24","modified_gmt":"2021-09-08T21:08:24","slug":"por-los-sies-que-nos-quedan-por-vivir","status":"publish","type":"post","link":"https:\/\/magdalenagrande.com\/blog\/por-los-sies-que-nos-quedan-por-vivir\/","title":{"rendered":"Por los s\u00edes que nos quedan por vivir"},"content":{"rendered":"\n<p>S\u00ed a conocer gente nueva que sume<\/p>\n\n\n\n<p>S\u00ed a hacer cosas por y para nosotros<\/p>\n\n\n\n<p>S\u00ed a vivir aventuras<\/p>\n\n\n\n<p>S\u00ed a los viajes<\/p>\n\n\n\n<p>S\u00ed a hacer aquello que te hace sentir bien<\/p>\n\n\n\n<p>S\u00ed a alguna(s) fiesta loca<\/p>\n\n\n\n<p>S\u00ed a juntarnos<\/p>\n\n\n\n<p>S\u00ed a invitar a alguien a salir<\/p>\n\n\n\n<p>S\u00ed a los retos<\/p>\n\n\n\n<p>S\u00ed a las siestas<\/p>\n\n\n\n<p>S\u00ed a valorar los detalles<\/p>\n\n\n\n<p>S\u00ed al veranito maravilloso que llega<\/p>\n\n\n\n<p>S\u00ed a las emociones intensas<\/p>\n\n\n\n<p>S\u00ed a las comidas con amigos que no terminan<\/p>\n\n\n\n<p>S\u00ed a seguir a tu coraz\u00f3n sin darle mucha bola a la cabeza<\/p>\n\n\n\n<p>S\u00ed a la vida<\/p>\n\n\n\n<p>Suma tus s\u00edes&#8230;&#8230;&#8230;&#8230;.. \u2764\ufe0f<\/p>\n\n\n\n<p>#porsupuestoques\u00ed #vivirlavida #vidaconsciente #sensibilidadconsciente #altasensibilidad #s\u00edquiero #personasaltamentesensibles #cursoaltasensibilidad #cursoparapas #consultaonline #terapiaonline #magdalenagrande<\/p>\n\n\n\n<p>@personas_altamente_sensibles<\/p>\n\n\n\n<p>Www.magdalenagrande.com <\/p>\n\n\n\n<figure class=\"wp-block-image size-large\"><img loading=\"lazy\" decoding=\"async\" width=\"867\" height=\"1024\" src=\"https:\/\/magdalenagrande.com\/blog\/wp-content\/uploads\/2021\/09\/image_editor_output_image-110413696-1631135281603-867x1024.jpg\" alt=\"\" class=\"wp-image-383\" srcset=\"https:\/\/magdalenagrande.com\/blog\/wp-content\/uploads\/2021\/09\/image_editor_output_image-110413696-1631135281603-867x1024.jpg 867w, https:\/\/magdalenagrande.com\/blog\/wp-content\/uploads\/2021\/09\/image_editor_output_image-110413696-1631135281603-254x300.jpg 254w, https:\/\/magdalenagrande.com\/blog\/wp-content\/uploads\/2021\/09\/image_editor_output_image-110413696-1631135281603-768x907.jpg 768w, https:\/\/magdalenagrande.com\/blog\/wp-content\/uploads\/2021\/09\/image_editor_output_image-110413696-1631135281603.jpg 1076w\" sizes=\"auto, (max-width: 867px) 100vw, 867px\" \/><\/figure>\n","protected":false},"excerpt":{"rendered":"<p>S\u00ed a conocer gente nueva que sume S\u00ed a hacer cosas por y para nosotros S\u00ed a vivir aventuras S\u00ed a los viajes S\u00ed a hacer aquello que te hace sentir bien S\u00ed a alguna(s) fiesta loca S\u00ed a juntarnos S\u00ed a invitar a alguien a salir S\u00ed a los retos S\u00ed a las siestas [&hellip;]<\/p>\n","protected":false},"author":1,"featured_media":0,"comment_status":"closed","ping_status":"closed","sticky":false,"template":"","format":"standard","meta":{"sfsi_plus_gutenberg_text_before_share":"","sfsi_plus_gutenberg_show_text_before_share":"","sfsi_plus_gutenberg_icon_type":"","sfsi_plus_gutenberg_icon_alignemt":"","sfsi_plus_gutenburg_max_per_row":"","footnotes":""},"categories":[18,14],"tags":[],"class_list":["post-384","post","type-post","status-publish","format-standard","hentry","category-aqui-y-ahora","category-personal"],"yoast_head":"<!-- This site is optimized with the Yoast SEO plugin v17.0 - https:\/\/yoast.com\/wordpress\/plugins\/seo\/ -->\n<title>Por los s\u00edes que nos quedan por vivir - Blog de Magdalena Grande<\/title>\n<meta name=\"robots\" content=\"index, follow, max-snippet:-1, max-image-preview:large, max-video-preview:-1\" \/>\n<link rel=\"canonical\" href=\"https:\/\/magdalenagrande.com\/blog\/por-los-sies-que-nos-quedan-por-vivir\/\" \/>\n<meta property=\"og:locale\" content=\"es_ES\" \/>\n<meta property=\"og:type\" content=\"article\" \/>\n<meta property=\"og:title\" content=\"Por los s\u00edes que nos quedan por vivir - Blog de Magdalena Grande\" \/>\n<meta property=\"og:description\" content=\"S\u00ed a conocer gente nueva que sume S\u00ed a hacer cosas por y para nosotros S\u00ed a vivir aventuras S\u00ed a los viajes S\u00ed a hacer aquello que te hace sentir bien S\u00ed a alguna(s) fiesta loca S\u00ed a juntarnos S\u00ed a invitar a alguien a salir S\u00ed a los retos S\u00ed a las siestas [&hellip;]\" \/>\n<meta property=\"og:url\" content=\"https:\/\/magdalenagrande.com\/blog\/por-los-sies-que-nos-quedan-por-vivir\/\" \/>\n<meta property=\"og:site_name\" content=\"Blog de Magdalena Grande\" \/>\n<meta property=\"article:published_time\" content=\"2021-09-08T21:08:14+00:00\" \/>\n<meta property=\"article:modified_time\" content=\"2021-09-08T21:08:24+00:00\" \/>\n<meta property=\"og:image\" content=\"https:\/\/magdalenagrande.com\/blog\/wp-content\/uploads\/2021\/09\/image_editor_output_image-110413696-1631135281603-867x1024.jpg\" \/>\n<meta name=\"twitter:card\" content=\"summary\" \/>\n<meta name=\"twitter:label1\" content=\"Escrito por\" \/>\n\t<meta name=\"twitter:data1\" content=\"magdalena_grande\" \/>\n\t<meta name=\"twitter:label2\" content=\"Tiempo de lectura\" \/>\n\t<meta name=\"twitter:data2\" content=\"1 minuto\" \/>\n<script type=\"application\/ld+json\" class=\"yoast-schema-graph\">{\"@context\":\"https:\/\/schema.org\",\"@graph\":[{\"@type\":\"WebSite\",\"@id\":\"https:\/\/magdalenagrande.com\/blog\/#website\",\"url\":\"https:\/\/magdalenagrande.com\/blog\/\",\"name\":\"Blog de Magdalena Grande\",\"description\":\"Crecimiento personal, alta sensibilidad y educaci\\u00f3n emocional\",\"potentialAction\":[{\"@type\":\"SearchAction\",\"target\":{\"@type\":\"EntryPoint\",\"urlTemplate\":\"https:\/\/magdalenagrande.com\/blog\/?s={search_term_string}\"},\"query-input\":\"required name=search_term_string\"}],\"inLanguage\":\"es\"},{\"@type\":\"ImageObject\",\"@id\":\"https:\/\/magdalenagrande.com\/blog\/por-los-sies-que-nos-quedan-por-vivir\/#primaryimage\",\"inLanguage\":\"es\",\"url\":\"https:\/\/magdalenagrande.com\/blog\/wp-content\/uploads\/2021\/09\/image_editor_output_image-110413696-1631135281603.jpg\",\"contentUrl\":\"https:\/\/magdalenagrande.com\/blog\/wp-content\/uploads\/2021\/09\/image_editor_output_image-110413696-1631135281603.jpg\",\"width\":1076,\"height\":1271},{\"@type\":\"WebPage\",\"@id\":\"https:\/\/magdalenagrande.com\/blog\/por-los-sies-que-nos-quedan-por-vivir\/#webpage\",\"url\":\"https:\/\/magdalenagrande.com\/blog\/por-los-sies-que-nos-quedan-por-vivir\/\",\"name\":\"Por los s\\u00edes que nos quedan por vivir - Blog de Magdalena Grande\",\"isPartOf\":{\"@id\":\"https:\/\/magdalenagrande.com\/blog\/#website\"},\"primaryImageOfPage\":{\"@id\":\"https:\/\/magdalenagrande.com\/blog\/por-los-sies-que-nos-quedan-por-vivir\/#primaryimage\"},\"datePublished\":\"2021-09-08T21:08:14+00:00\",\"dateModified\":\"2021-09-08T21:08:24+00:00\",\"author\":{\"@id\":\"https:\/\/magdalenagrande.com\/blog\/#\/schema\/person\/f8460fd9e22f0d0d09ef55ae7a4f6791\"},\"breadcrumb\":{\"@id\":\"https:\/\/magdalenagrande.com\/blog\/por-los-sies-que-nos-quedan-por-vivir\/#breadcrumb\"},\"inLanguage\":\"es\",\"potentialAction\":[{\"@type\":\"ReadAction\",\"target\":[\"https:\/\/magdalenagrande.com\/blog\/por-los-sies-que-nos-quedan-por-vivir\/\"]}]},{\"@type\":\"BreadcrumbList\",\"@id\":\"https:\/\/magdalenagrande.com\/blog\/por-los-sies-que-nos-quedan-por-vivir\/#breadcrumb\",\"itemListElement\":[{\"@type\":\"ListItem\",\"position\":1,\"name\":\"Portada\",\"item\":\"https:\/\/magdalenagrande.com\/blog\/\"},{\"@type\":\"ListItem\",\"position\":2,\"name\":\"Por los s\\u00edes que nos quedan por vivir\"}]},{\"@type\":\"Person\",\"@id\":\"https:\/\/magdalenagrande.com\/blog\/#\/schema\/person\/f8460fd9e22f0d0d09ef55ae7a4f6791\",\"name\":\"magdalena_grande\"}]}<\/script>\n<!-- \/ Yoast SEO plugin. -->","yoast_head_json":{"title":"Por los s\u00edes que nos quedan por vivir - Blog de Magdalena Grande","robots":{"index":"index","follow":"follow","max-snippet":"max-snippet:-1","max-image-preview":"max-image-preview:large","max-video-preview":"max-video-preview:-1"},"canonical":"https:\/\/magdalenagrande.com\/blog\/por-los-sies-que-nos-quedan-por-vivir\/","og_locale":"es_ES","og_type":"article","og_title":"Por los s\u00edes que nos quedan por vivir - Blog de Magdalena Grande","og_description":"S\u00ed a conocer gente nueva que sume S\u00ed a hacer cosas por y para nosotros S\u00ed a vivir aventuras S\u00ed a los viajes S\u00ed a hacer aquello que te hace sentir bien S\u00ed a alguna(s) fiesta loca S\u00ed a juntarnos S\u00ed a invitar a alguien a salir S\u00ed a los retos S\u00ed a las siestas [&hellip;]","og_url":"https:\/\/magdalenagrande.com\/blog\/por-los-sies-que-nos-quedan-por-vivir\/","og_site_name":"Blog de Magdalena Grande","article_published_time":"2021-09-08T21:08:14+00:00","article_modified_time":"2021-09-08T21:08:24+00:00","og_image":[{"url":"https:\/\/magdalenagrande.com\/blog\/wp-content\/uploads\/2021\/09\/image_editor_output_image-110413696-1631135281603-867x1024.jpg"}],"twitter_card":"summary","twitter_misc":{"Escrito por":"magdalena_grande","Tiempo de lectura":"1 minuto"},"schema":{"@context":"https:\/\/schema.org","@graph":[{"@type":"WebSite","@id":"https:\/\/magdalenagrande.com\/blog\/#website","url":"https:\/\/magdalenagrande.com\/blog\/","name":"Blog de Magdalena Grande","description":"Crecimiento personal, alta sensibilidad y educaci\u00f3n emocional","potentialAction":[{"@type":"SearchAction","target":{"@type":"EntryPoint","urlTemplate":"https:\/\/magdalenagrande.com\/blog\/?s={search_term_string}"},"query-input":"required name=search_term_string"}],"inLanguage":"es"},{"@type":"ImageObject","@id":"https:\/\/magdalenagrande.com\/blog\/por-los-sies-que-nos-quedan-por-vivir\/#primaryimage","inLanguage":"es","url":"https:\/\/magdalenagrande.com\/blog\/wp-content\/uploads\/2021\/09\/image_editor_output_image-110413696-1631135281603.jpg","contentUrl":"https:\/\/magdalenagrande.com\/blog\/wp-content\/uploads\/2021\/09\/image_editor_output_image-110413696-1631135281603.jpg","width":1076,"height":1271},{"@type":"WebPage","@id":"https:\/\/magdalenagrande.com\/blog\/por-los-sies-que-nos-quedan-por-vivir\/#webpage","url":"https:\/\/magdalenagrande.com\/blog\/por-los-sies-que-nos-quedan-por-vivir\/","name":"Por los s\u00edes que nos quedan por vivir - Blog de Magdalena Grande","isPartOf":{"@id":"https:\/\/magdalenagrande.com\/blog\/#website"},"primaryImageOfPage":{"@id":"https:\/\/magdalenagrande.com\/blog\/por-los-sies-que-nos-quedan-por-vivir\/#primaryimage"},"datePublished":"2021-09-08T21:08:14+00:00","dateModified":"2021-09-08T21:08:24+00:00","author":{"@id":"https:\/\/magdalenagrande.com\/blog\/#\/schema\/person\/f8460fd9e22f0d0d09ef55ae7a4f6791"},"breadcrumb":{"@id":"https:\/\/magdalenagrande.com\/blog\/por-los-sies-que-nos-quedan-por-vivir\/#breadcrumb"},"inLanguage":"es","potentialAction":[{"@type":"ReadAction","target":["https:\/\/magdalenagrande.com\/blog\/por-los-sies-que-nos-quedan-por-vivir\/"]}]},{"@type":"BreadcrumbList","@id":"https:\/\/magdalenagrande.com\/blog\/por-los-sies-que-nos-quedan-por-vivir\/#breadcrumb","itemListElement":[{"@type":"ListItem","position":1,"name":"Portada","item":"https:\/\/magdalenagrande.com\/blog\/"},{"@type":"ListItem","position":2,"name":"Por los s\u00edes que nos quedan por vivir"}]},{"@type":"Person","@id":"https:\/\/magdalenagrande.com\/blog\/#\/schema\/person\/f8460fd9e22f0d0d09ef55ae7a4f6791","name":"magdalena_grande"}]}},"_links":{"self":[{"href":"https:\/\/magdalenagrande.com\/blog\/wp-json\/wp\/v2\/posts\/384","targetHints":{"allow":["GET"]}}],"collection":[{"href":"https:\/\/magdalenagrande.com\/blog\/wp-json\/wp\/v2\/posts"}],"about":[{"href":"https:\/\/magdalenagrande.com\/blog\/wp-json\/wp\/v2\/types\/post"}],"author":[{"embeddable":true,"href":"https:\/\/magdalenagrande.com\/blog\/wp-json\/wp\/v2\/users\/1"}],"replies":[{"embeddable":true,"href":"https:\/\/magdalenagrande.com\/blog\/wp-json\/wp\/v2\/comments?post=384"}],"version-history":[{"count":1,"href":"https:\/\/magdalenagrande.com\/blog\/wp-json\/wp\/v2\/posts\/384\/revisions"}],"predecessor-version":[{"id":385,"href":"https:\/\/magdalenagrande.com\/blog\/wp-json\/wp\/v2\/posts\/384\/revisions\/385"}],"wp:attachment":[{"href":"https:\/\/magdalenagrande.com\/blog\/wp-json\/wp\/v2\/media?parent=384"}],"wp:term":[{"taxonomy":"category","embeddable":true,"href":"https:\/\/magdalenagrande.com\/blog\/wp-json\/wp\/v2\/categories?post=384"},{"taxonomy":"post_tag","embeddable":true,"href":"https:\/\/magdalenagrande.com\/blog\/wp-json\/wp\/v2\/tags?post=384"}],"curies":[{"name":"wp","href":"https:\/\/api.w.org\/{rel}","templated":true}]}}