{"id":414,"date":"2021-09-08T21:26:08","date_gmt":"2021-09-08T21:26:08","guid":{"rendered":"https:\/\/magdalenagrande.com\/blog\/?p=414"},"modified":"2021-09-08T21:26:25","modified_gmt":"2021-09-08T21:26:25","slug":"educamos-como-queremos-o-como-podemos","status":"publish","type":"post","link":"https:\/\/magdalenagrande.com\/blog\/educamos-como-queremos-o-como-podemos\/","title":{"rendered":"\u00bfEducamos como queremos o como podemos?"},"content":{"rendered":"\n<p>La educaci\u00f3n de los hijos es un temazo&#8230; Adem\u00e1s, nunca est\u00e1 exento de pol\u00e9mica porque cada uno de nosotros fue educado y educa de una manera diferente pero todos tendemos a pensar que la nuestra es la mejor.<\/p>\n\n\n\n<p>El ego, que ya sab\u00e9is que es maravilloso.<\/p>\n\n\n\n<p>Lo cierto es que he estado pensando y creo que por m\u00e1s conscientes que creamos ser respecto a la educaci\u00f3n de nuestros hijos, algunos reconocemos sin temor que hacemos m\u00e1s lo que podemos que lo que queremos.<\/p>\n\n\n\n<p>Porque la teor\u00eda es fant\u00e1stica, pero siempre es teor\u00eda. Y porque la vida va por otros derroteros y no siempre uno puede tener todo planificado.<\/p>\n\n\n\n<p>Hay aspectos en los que nos educaron en los que estamos tan de acuerdo que decidimos repetir. Sin embargo, en su mayor\u00eda nos sucede al rev\u00e9s: queremos hacer lo contrario de lo que hicieron con nosotros. Si fueron demasiado estrictos, querremos darles libertad, si no fueron cari\u00f1osos tendemos a ser lapitas&#8230; Y as\u00ed&#8230;<\/p>\n\n\n\n<p>Lo peor sucede cuando uno lo hace y no es consciente de que lo hace.<\/p>\n\n\n\n<p>Si lo hacemos de manera consciente habr\u00e1 que ir con ojo porque tampoco ser\u00e1 del todo adecuado pasarse al extremo contrario de aquello que vivimos nosotros porque la gracia est\u00e1 normalmente en el t\u00e9rmino medio y en el sentido com\u00fan.<\/p>\n\n\n\n<p>En el caso de ni\u00f1os altamente sensibles siento que hay que tener un plus de paciencia, cari\u00f1o y consciencia para afrontar las necesidades que tienen (y tenemos).<\/p>\n\n\n\n<p>Al final, hagas lo que hagas, asume que habr\u00e1 veces en que te equivocar\u00e1s y si lo sabes siempre puedes pedir perd\u00f3n y retroceder. Y si te equivocas y no lo sabes, no pasar\u00e1 nada porque de esto tambi\u00e9n va vivir.<\/p>\n\n\n\n<p>Lo har\u00e1s lo mejor que sepas, no me cabe duda.<\/p>\n\n\n\n<p>Adem\u00e1s, si est\u00e1s leyendo esta parrafada seguro que es porque lo que est\u00e1s haciendo muy bien.<\/p>\n\n\n\n<p>Sonar\u00e1 reduccionista pero lo m\u00e1s esencial es el amor (cuando el amor es del bueno, claro).<\/p>\n\n\n\n<p>\u00bfC\u00f3mo lo llevas t\u00fa? \u00bfTen\u00edas unas ideas definidas de c\u00f3mo educar\u00edas y las est\u00e1s cumpliendo? \u00bfTe replanteas algunas de las cosas que pensabas? \u00bfO simplemente haces lo que puedes?<\/p>\n\n\n\n<p>#personasaltamentesensibles #educar #sensibilidadconsciente #PAS #educarni\u00f1osaltamentesensibles #altasensibilidad #cursoparapas #consultaonline #cursoaltasensibilidad #terapiaonline #magdalenagrande<\/p>\n\n\n\n<p>@personas_altamente_sensibles<\/p>\n\n\n\n<p>Www.magdalenagrande.com <\/p>\n\n\n\n<figure class=\"wp-block-image size-large\"><img loading=\"lazy\" decoding=\"async\" width=\"912\" height=\"1024\" src=\"https:\/\/magdalenagrande.com\/blog\/wp-content\/uploads\/2021\/09\/image_editor_output_image190876954-1631136346524-912x1024.jpg\" alt=\"\" class=\"wp-image-413\" srcset=\"https:\/\/magdalenagrande.com\/blog\/wp-content\/uploads\/2021\/09\/image_editor_output_image190876954-1631136346524-912x1024.jpg 912w, https:\/\/magdalenagrande.com\/blog\/wp-content\/uploads\/2021\/09\/image_editor_output_image190876954-1631136346524-267x300.jpg 267w, https:\/\/magdalenagrande.com\/blog\/wp-content\/uploads\/2021\/09\/image_editor_output_image190876954-1631136346524-768x862.jpg 768w, https:\/\/magdalenagrande.com\/blog\/wp-content\/uploads\/2021\/09\/image_editor_output_image190876954-1631136346524.jpg 1080w\" sizes=\"auto, (max-width: 912px) 100vw, 912px\" \/><\/figure>\n","protected":false},"excerpt":{"rendered":"<p>La educaci\u00f3n de los hijos es un temazo&#8230; Adem\u00e1s, nunca est\u00e1 exento de pol\u00e9mica porque cada uno de nosotros fue educado y educa de una manera diferente pero todos tendemos a pensar que la nuestra es la mejor. El ego, que ya sab\u00e9is que es maravilloso. Lo cierto es que he estado pensando y creo [&hellip;]<\/p>\n","protected":false},"author":1,"featured_media":0,"comment_status":"closed","ping_status":"closed","sticky":false,"template":"","format":"standard","meta":{"sfsi_plus_gutenberg_text_before_share":"","sfsi_plus_gutenberg_show_text_before_share":"","sfsi_plus_gutenberg_icon_type":"","sfsi_plus_gutenberg_icon_alignemt":"","sfsi_plus_gutenburg_max_per_row":"","footnotes":""},"categories":[10,65,77],"tags":[],"class_list":["post-414","post","type-post","status-publish","format-standard","hentry","category-emociones","category-personas-y-ninos-altamente-sensibles","category-preguntas-alta-sensibilidad"],"yoast_head":"<!-- This site is optimized with the Yoast SEO plugin v17.0 - https:\/\/yoast.com\/wordpress\/plugins\/seo\/ -->\n<title>\u00bfEducamos como queremos o como podemos? - Blog de Magdalena Grande<\/title>\n<meta name=\"robots\" content=\"index, follow, max-snippet:-1, max-image-preview:large, max-video-preview:-1\" \/>\n<link rel=\"canonical\" href=\"https:\/\/magdalenagrande.com\/blog\/educamos-como-queremos-o-como-podemos\/\" \/>\n<meta property=\"og:locale\" content=\"es_ES\" \/>\n<meta property=\"og:type\" content=\"article\" \/>\n<meta property=\"og:title\" content=\"\u00bfEducamos como queremos o como podemos? - Blog de Magdalena Grande\" \/>\n<meta property=\"og:description\" content=\"La educaci\u00f3n de los hijos es un temazo&#8230; Adem\u00e1s, nunca est\u00e1 exento de pol\u00e9mica porque cada uno de nosotros fue educado y educa de una manera diferente pero todos tendemos a pensar que la nuestra es la mejor. El ego, que ya sab\u00e9is que es maravilloso. Lo cierto es que he estado pensando y creo [&hellip;]\" \/>\n<meta property=\"og:url\" content=\"https:\/\/magdalenagrande.com\/blog\/educamos-como-queremos-o-como-podemos\/\" \/>\n<meta property=\"og:site_name\" content=\"Blog de Magdalena Grande\" \/>\n<meta property=\"article:published_time\" content=\"2021-09-08T21:26:08+00:00\" \/>\n<meta property=\"article:modified_time\" content=\"2021-09-08T21:26:25+00:00\" \/>\n<meta property=\"og:image\" content=\"https:\/\/magdalenagrande.com\/blog\/wp-content\/uploads\/2021\/09\/image_editor_output_image190876954-1631136346524-912x1024.jpg\" \/>\n<meta name=\"twitter:card\" content=\"summary\" \/>\n<meta name=\"twitter:label1\" content=\"Escrito por\" \/>\n\t<meta name=\"twitter:data1\" content=\"magdalena_grande\" \/>\n\t<meta name=\"twitter:label2\" content=\"Tiempo de lectura\" \/>\n\t<meta name=\"twitter:data2\" content=\"2 minutos\" \/>\n<script type=\"application\/ld+json\" class=\"yoast-schema-graph\">{\"@context\":\"https:\/\/schema.org\",\"@graph\":[{\"@type\":\"WebSite\",\"@id\":\"https:\/\/magdalenagrande.com\/blog\/#website\",\"url\":\"https:\/\/magdalenagrande.com\/blog\/\",\"name\":\"Blog de Magdalena Grande\",\"description\":\"Crecimiento personal, alta sensibilidad y educaci\\u00f3n emocional\",\"potentialAction\":[{\"@type\":\"SearchAction\",\"target\":{\"@type\":\"EntryPoint\",\"urlTemplate\":\"https:\/\/magdalenagrande.com\/blog\/?s={search_term_string}\"},\"query-input\":\"required name=search_term_string\"}],\"inLanguage\":\"es\"},{\"@type\":\"ImageObject\",\"@id\":\"https:\/\/magdalenagrande.com\/blog\/educamos-como-queremos-o-como-podemos\/#primaryimage\",\"inLanguage\":\"es\",\"url\":\"https:\/\/magdalenagrande.com\/blog\/wp-content\/uploads\/2021\/09\/image_editor_output_image190876954-1631136346524.jpg\",\"contentUrl\":\"https:\/\/magdalenagrande.com\/blog\/wp-content\/uploads\/2021\/09\/image_editor_output_image190876954-1631136346524.jpg\",\"width\":1080,\"height\":1212},{\"@type\":\"WebPage\",\"@id\":\"https:\/\/magdalenagrande.com\/blog\/educamos-como-queremos-o-como-podemos\/#webpage\",\"url\":\"https:\/\/magdalenagrande.com\/blog\/educamos-como-queremos-o-como-podemos\/\",\"name\":\"\\u00bfEducamos como queremos o como podemos? - Blog de Magdalena Grande\",\"isPartOf\":{\"@id\":\"https:\/\/magdalenagrande.com\/blog\/#website\"},\"primaryImageOfPage\":{\"@id\":\"https:\/\/magdalenagrande.com\/blog\/educamos-como-queremos-o-como-podemos\/#primaryimage\"},\"datePublished\":\"2021-09-08T21:26:08+00:00\",\"dateModified\":\"2021-09-08T21:26:25+00:00\",\"author\":{\"@id\":\"https:\/\/magdalenagrande.com\/blog\/#\/schema\/person\/f8460fd9e22f0d0d09ef55ae7a4f6791\"},\"breadcrumb\":{\"@id\":\"https:\/\/magdalenagrande.com\/blog\/educamos-como-queremos-o-como-podemos\/#breadcrumb\"},\"inLanguage\":\"es\",\"potentialAction\":[{\"@type\":\"ReadAction\",\"target\":[\"https:\/\/magdalenagrande.com\/blog\/educamos-como-queremos-o-como-podemos\/\"]}]},{\"@type\":\"BreadcrumbList\",\"@id\":\"https:\/\/magdalenagrande.com\/blog\/educamos-como-queremos-o-como-podemos\/#breadcrumb\",\"itemListElement\":[{\"@type\":\"ListItem\",\"position\":1,\"name\":\"Portada\",\"item\":\"https:\/\/magdalenagrande.com\/blog\/\"},{\"@type\":\"ListItem\",\"position\":2,\"name\":\"\\u00bfEducamos como queremos o como podemos?\"}]},{\"@type\":\"Person\",\"@id\":\"https:\/\/magdalenagrande.com\/blog\/#\/schema\/person\/f8460fd9e22f0d0d09ef55ae7a4f6791\",\"name\":\"magdalena_grande\"}]}<\/script>\n<!-- \/ Yoast SEO plugin. -->","yoast_head_json":{"title":"\u00bfEducamos como queremos o como podemos? - Blog de Magdalena Grande","robots":{"index":"index","follow":"follow","max-snippet":"max-snippet:-1","max-image-preview":"max-image-preview:large","max-video-preview":"max-video-preview:-1"},"canonical":"https:\/\/magdalenagrande.com\/blog\/educamos-como-queremos-o-como-podemos\/","og_locale":"es_ES","og_type":"article","og_title":"\u00bfEducamos como queremos o como podemos? - Blog de Magdalena Grande","og_description":"La educaci\u00f3n de los hijos es un temazo&#8230; Adem\u00e1s, nunca est\u00e1 exento de pol\u00e9mica porque cada uno de nosotros fue educado y educa de una manera diferente pero todos tendemos a pensar que la nuestra es la mejor. El ego, que ya sab\u00e9is que es maravilloso. Lo cierto es que he estado pensando y creo [&hellip;]","og_url":"https:\/\/magdalenagrande.com\/blog\/educamos-como-queremos-o-como-podemos\/","og_site_name":"Blog de Magdalena Grande","article_published_time":"2021-09-08T21:26:08+00:00","article_modified_time":"2021-09-08T21:26:25+00:00","og_image":[{"url":"https:\/\/magdalenagrande.com\/blog\/wp-content\/uploads\/2021\/09\/image_editor_output_image190876954-1631136346524-912x1024.jpg"}],"twitter_card":"summary","twitter_misc":{"Escrito por":"magdalena_grande","Tiempo de lectura":"2 minutos"},"schema":{"@context":"https:\/\/schema.org","@graph":[{"@type":"WebSite","@id":"https:\/\/magdalenagrande.com\/blog\/#website","url":"https:\/\/magdalenagrande.com\/blog\/","name":"Blog de Magdalena Grande","description":"Crecimiento personal, alta sensibilidad y educaci\u00f3n emocional","potentialAction":[{"@type":"SearchAction","target":{"@type":"EntryPoint","urlTemplate":"https:\/\/magdalenagrande.com\/blog\/?s={search_term_string}"},"query-input":"required name=search_term_string"}],"inLanguage":"es"},{"@type":"ImageObject","@id":"https:\/\/magdalenagrande.com\/blog\/educamos-como-queremos-o-como-podemos\/#primaryimage","inLanguage":"es","url":"https:\/\/magdalenagrande.com\/blog\/wp-content\/uploads\/2021\/09\/image_editor_output_image190876954-1631136346524.jpg","contentUrl":"https:\/\/magdalenagrande.com\/blog\/wp-content\/uploads\/2021\/09\/image_editor_output_image190876954-1631136346524.jpg","width":1080,"height":1212},{"@type":"WebPage","@id":"https:\/\/magdalenagrande.com\/blog\/educamos-como-queremos-o-como-podemos\/#webpage","url":"https:\/\/magdalenagrande.com\/blog\/educamos-como-queremos-o-como-podemos\/","name":"\u00bfEducamos como queremos o como podemos? - Blog de Magdalena Grande","isPartOf":{"@id":"https:\/\/magdalenagrande.com\/blog\/#website"},"primaryImageOfPage":{"@id":"https:\/\/magdalenagrande.com\/blog\/educamos-como-queremos-o-como-podemos\/#primaryimage"},"datePublished":"2021-09-08T21:26:08+00:00","dateModified":"2021-09-08T21:26:25+00:00","author":{"@id":"https:\/\/magdalenagrande.com\/blog\/#\/schema\/person\/f8460fd9e22f0d0d09ef55ae7a4f6791"},"breadcrumb":{"@id":"https:\/\/magdalenagrande.com\/blog\/educamos-como-queremos-o-como-podemos\/#breadcrumb"},"inLanguage":"es","potentialAction":[{"@type":"ReadAction","target":["https:\/\/magdalenagrande.com\/blog\/educamos-como-queremos-o-como-podemos\/"]}]},{"@type":"BreadcrumbList","@id":"https:\/\/magdalenagrande.com\/blog\/educamos-como-queremos-o-como-podemos\/#breadcrumb","itemListElement":[{"@type":"ListItem","position":1,"name":"Portada","item":"https:\/\/magdalenagrande.com\/blog\/"},{"@type":"ListItem","position":2,"name":"\u00bfEducamos como queremos o como podemos?"}]},{"@type":"Person","@id":"https:\/\/magdalenagrande.com\/blog\/#\/schema\/person\/f8460fd9e22f0d0d09ef55ae7a4f6791","name":"magdalena_grande"}]}},"_links":{"self":[{"href":"https:\/\/magdalenagrande.com\/blog\/wp-json\/wp\/v2\/posts\/414","targetHints":{"allow":["GET"]}}],"collection":[{"href":"https:\/\/magdalenagrande.com\/blog\/wp-json\/wp\/v2\/posts"}],"about":[{"href":"https:\/\/magdalenagrande.com\/blog\/wp-json\/wp\/v2\/types\/post"}],"author":[{"embeddable":true,"href":"https:\/\/magdalenagrande.com\/blog\/wp-json\/wp\/v2\/users\/1"}],"replies":[{"embeddable":true,"href":"https:\/\/magdalenagrande.com\/blog\/wp-json\/wp\/v2\/comments?post=414"}],"version-history":[{"count":1,"href":"https:\/\/magdalenagrande.com\/blog\/wp-json\/wp\/v2\/posts\/414\/revisions"}],"predecessor-version":[{"id":415,"href":"https:\/\/magdalenagrande.com\/blog\/wp-json\/wp\/v2\/posts\/414\/revisions\/415"}],"wp:attachment":[{"href":"https:\/\/magdalenagrande.com\/blog\/wp-json\/wp\/v2\/media?parent=414"}],"wp:term":[{"taxonomy":"category","embeddable":true,"href":"https:\/\/magdalenagrande.com\/blog\/wp-json\/wp\/v2\/categories?post=414"},{"taxonomy":"post_tag","embeddable":true,"href":"https:\/\/magdalenagrande.com\/blog\/wp-json\/wp\/v2\/tags?post=414"}],"curies":[{"name":"wp","href":"https:\/\/api.w.org\/{rel}","templated":true}]}}