{"id":417,"date":"2021-09-08T21:29:05","date_gmt":"2021-09-08T21:29:05","guid":{"rendered":"https:\/\/magdalenagrande.com\/blog\/?p=417"},"modified":"2021-09-08T21:29:15","modified_gmt":"2021-09-08T21:29:15","slug":"lisboa-es-rara-javier","status":"publish","type":"post","link":"https:\/\/magdalenagrande.com\/blog\/lisboa-es-rara-javier\/","title":{"rendered":"Lisboa es rara, Javier"},"content":{"rendered":"\n<p>&#8216;Lisboa es rara, Javier. Es una ciudad de la que tengo recuerdos de cosas que no he vivido, pero eso me hace ir despacito, m\u00e1s tranquila, con dos dedos, torpe, pero acertando las teclas que quiero dar. Estoy tranquila, por fin, al menos ya no siento que me muero por dentro, eso es bueno \u00bf no ?. Y tengo ganas, peque\u00f1as, pero ganas, de empezar otra vez y olvidarme de que esta y cualquier ciudad, a veces, esta tan triste como yo. Y notar que estoy cambiando, aunque solo sea un poco, bueno, si es mucho, mejor. \u00bfHas visto que ego\u00edstas nos volvemos cuando estamos solos? Espero que tu novio el m\u00e9dico tenga cura para el ego\u00edsmo. \u00bfTu crees que nos enamoramos solo para no estar solos? Yo creo que me he enamorado de un chico, bueno, de su cogote, me encanta el cogote de un conductor de tranv\u00eda que no conozco.<\/p>\n\n\n\n<p>Espero que lo que tienes ahora sea lo que siempre so\u00f1aste tener. \u00bfD\u00f3nde van los sue\u00f1os cuando no los conseguimos?, porque a alg\u00fan sitio tienen que ir. Aunque creo que al final, los sue\u00f1os, no son m\u00e1s que una excusa, pero una excusa muy gorda, son la excusa para vivir. Por eso a veces tambi\u00e9n se convierten en la mirada nost\u00e1lgica de lo que nunca fuimos. Que putada, Javier. Asumir que nunca ser\u00e1s lo que siempre deseaste, ni esperarlo siquiera, joder.<\/p>\n\n\n\n<p>Deseo deseo deseo&#8230;<\/p>\n\n\n\n<p>Quiero con todas mis fuerzas ser feliz, y con eso hacer un poquito felices tambi\u00e9n a los que me rodean. Eso es lo que siempre quise&#8230;<\/p>\n\n\n\n<p>Ay que bien, que bien Lisboa, Javier.\u00bb<\/p>\n\n\n\n<p>Pel\u00edcula Piedras<\/p>\n\n\n\n<p>#lisboaesrarajavier #deseo #sensibilidadconsciente #personasaltamentesensibles #PAS #piedras #altasensibilidad #cursoparapas #consultaonline #terapiaonline #magdalenagrande #cursoaltasensibilidad<\/p>\n\n\n\n<p>@personas_altamente_sensibles<\/p>\n\n\n\n<p>Www.magdalenagrande.com <\/p>\n\n\n\n<figure class=\"wp-block-image size-large\"><img loading=\"lazy\" decoding=\"async\" width=\"865\" height=\"1024\" src=\"https:\/\/magdalenagrande.com\/blog\/wp-content\/uploads\/2021\/09\/image_editor_output_image1760708955-1631136537661-865x1024.jpg\" alt=\"\" class=\"wp-image-416\" srcset=\"https:\/\/magdalenagrande.com\/blog\/wp-content\/uploads\/2021\/09\/image_editor_output_image1760708955-1631136537661-865x1024.jpg 865w, https:\/\/magdalenagrande.com\/blog\/wp-content\/uploads\/2021\/09\/image_editor_output_image1760708955-1631136537661-253x300.jpg 253w, https:\/\/magdalenagrande.com\/blog\/wp-content\/uploads\/2021\/09\/image_editor_output_image1760708955-1631136537661-768x909.jpg 768w, https:\/\/magdalenagrande.com\/blog\/wp-content\/uploads\/2021\/09\/image_editor_output_image1760708955-1631136537661.jpg 1075w\" sizes=\"auto, (max-width: 865px) 100vw, 865px\" \/><\/figure>\n","protected":false},"excerpt":{"rendered":"<p>&#8216;Lisboa es rara, Javier. Es una ciudad de la que tengo recuerdos de cosas que no he vivido, pero eso me hace ir despacito, m\u00e1s tranquila, con dos dedos, torpe, pero acertando las teclas que quiero dar. Estoy tranquila, por fin, al menos ya no siento que me muero por dentro, eso es bueno \u00bf [&hellip;]<\/p>\n","protected":false},"author":1,"featured_media":0,"comment_status":"closed","ping_status":"closed","sticky":false,"template":"","format":"standard","meta":{"sfsi_plus_gutenberg_text_before_share":"","sfsi_plus_gutenberg_show_text_before_share":"","sfsi_plus_gutenberg_icon_type":"","sfsi_plus_gutenberg_icon_alignemt":"","sfsi_plus_gutenburg_max_per_row":"","footnotes":""},"categories":[76],"tags":[],"class_list":["post-417","post","type-post","status-publish","format-standard","hentry","category-palabras-consciencia"],"yoast_head":"<!-- This site is optimized with the Yoast SEO plugin v17.0 - https:\/\/yoast.com\/wordpress\/plugins\/seo\/ -->\n<title>Lisboa es rara, Javier - Blog de Magdalena Grande<\/title>\n<meta name=\"robots\" content=\"index, follow, max-snippet:-1, max-image-preview:large, max-video-preview:-1\" \/>\n<link rel=\"canonical\" href=\"https:\/\/magdalenagrande.com\/blog\/lisboa-es-rara-javier\/\" \/>\n<meta property=\"og:locale\" content=\"es_ES\" \/>\n<meta property=\"og:type\" content=\"article\" \/>\n<meta property=\"og:title\" content=\"Lisboa es rara, Javier - Blog de Magdalena Grande\" \/>\n<meta property=\"og:description\" content=\"&#8216;Lisboa es rara, Javier. Es una ciudad de la que tengo recuerdos de cosas que no he vivido, pero eso me hace ir despacito, m\u00e1s tranquila, con dos dedos, torpe, pero acertando las teclas que quiero dar. Estoy tranquila, por fin, al menos ya no siento que me muero por dentro, eso es bueno \u00bf [&hellip;]\" \/>\n<meta property=\"og:url\" content=\"https:\/\/magdalenagrande.com\/blog\/lisboa-es-rara-javier\/\" \/>\n<meta property=\"og:site_name\" content=\"Blog de Magdalena Grande\" \/>\n<meta property=\"article:published_time\" content=\"2021-09-08T21:29:05+00:00\" \/>\n<meta property=\"article:modified_time\" content=\"2021-09-08T21:29:15+00:00\" \/>\n<meta property=\"og:image\" content=\"https:\/\/magdalenagrande.com\/blog\/wp-content\/uploads\/2021\/09\/image_editor_output_image1760708955-1631136537661-865x1024.jpg\" \/>\n<meta name=\"twitter:card\" content=\"summary\" \/>\n<meta name=\"twitter:label1\" content=\"Escrito por\" \/>\n\t<meta name=\"twitter:data1\" content=\"magdalena_grande\" \/>\n\t<meta name=\"twitter:label2\" content=\"Tiempo de lectura\" \/>\n\t<meta name=\"twitter:data2\" content=\"2 minutos\" \/>\n<script type=\"application\/ld+json\" class=\"yoast-schema-graph\">{\"@context\":\"https:\/\/schema.org\",\"@graph\":[{\"@type\":\"WebSite\",\"@id\":\"https:\/\/magdalenagrande.com\/blog\/#website\",\"url\":\"https:\/\/magdalenagrande.com\/blog\/\",\"name\":\"Blog de Magdalena Grande\",\"description\":\"Crecimiento personal, alta sensibilidad y educaci\\u00f3n emocional\",\"potentialAction\":[{\"@type\":\"SearchAction\",\"target\":{\"@type\":\"EntryPoint\",\"urlTemplate\":\"https:\/\/magdalenagrande.com\/blog\/?s={search_term_string}\"},\"query-input\":\"required name=search_term_string\"}],\"inLanguage\":\"es\"},{\"@type\":\"ImageObject\",\"@id\":\"https:\/\/magdalenagrande.com\/blog\/lisboa-es-rara-javier\/#primaryimage\",\"inLanguage\":\"es\",\"url\":\"https:\/\/magdalenagrande.com\/blog\/wp-content\/uploads\/2021\/09\/image_editor_output_image1760708955-1631136537661.jpg\",\"contentUrl\":\"https:\/\/magdalenagrande.com\/blog\/wp-content\/uploads\/2021\/09\/image_editor_output_image1760708955-1631136537661.jpg\",\"width\":1075,\"height\":1273},{\"@type\":\"WebPage\",\"@id\":\"https:\/\/magdalenagrande.com\/blog\/lisboa-es-rara-javier\/#webpage\",\"url\":\"https:\/\/magdalenagrande.com\/blog\/lisboa-es-rara-javier\/\",\"name\":\"Lisboa es rara, Javier - Blog de Magdalena Grande\",\"isPartOf\":{\"@id\":\"https:\/\/magdalenagrande.com\/blog\/#website\"},\"primaryImageOfPage\":{\"@id\":\"https:\/\/magdalenagrande.com\/blog\/lisboa-es-rara-javier\/#primaryimage\"},\"datePublished\":\"2021-09-08T21:29:05+00:00\",\"dateModified\":\"2021-09-08T21:29:15+00:00\",\"author\":{\"@id\":\"https:\/\/magdalenagrande.com\/blog\/#\/schema\/person\/f8460fd9e22f0d0d09ef55ae7a4f6791\"},\"breadcrumb\":{\"@id\":\"https:\/\/magdalenagrande.com\/blog\/lisboa-es-rara-javier\/#breadcrumb\"},\"inLanguage\":\"es\",\"potentialAction\":[{\"@type\":\"ReadAction\",\"target\":[\"https:\/\/magdalenagrande.com\/blog\/lisboa-es-rara-javier\/\"]}]},{\"@type\":\"BreadcrumbList\",\"@id\":\"https:\/\/magdalenagrande.com\/blog\/lisboa-es-rara-javier\/#breadcrumb\",\"itemListElement\":[{\"@type\":\"ListItem\",\"position\":1,\"name\":\"Portada\",\"item\":\"https:\/\/magdalenagrande.com\/blog\/\"},{\"@type\":\"ListItem\",\"position\":2,\"name\":\"Lisboa es rara, Javier\"}]},{\"@type\":\"Person\",\"@id\":\"https:\/\/magdalenagrande.com\/blog\/#\/schema\/person\/f8460fd9e22f0d0d09ef55ae7a4f6791\",\"name\":\"magdalena_grande\"}]}<\/script>\n<!-- \/ Yoast SEO plugin. -->","yoast_head_json":{"title":"Lisboa es rara, Javier - Blog de Magdalena Grande","robots":{"index":"index","follow":"follow","max-snippet":"max-snippet:-1","max-image-preview":"max-image-preview:large","max-video-preview":"max-video-preview:-1"},"canonical":"https:\/\/magdalenagrande.com\/blog\/lisboa-es-rara-javier\/","og_locale":"es_ES","og_type":"article","og_title":"Lisboa es rara, Javier - Blog de Magdalena Grande","og_description":"&#8216;Lisboa es rara, Javier. Es una ciudad de la que tengo recuerdos de cosas que no he vivido, pero eso me hace ir despacito, m\u00e1s tranquila, con dos dedos, torpe, pero acertando las teclas que quiero dar. Estoy tranquila, por fin, al menos ya no siento que me muero por dentro, eso es bueno \u00bf [&hellip;]","og_url":"https:\/\/magdalenagrande.com\/blog\/lisboa-es-rara-javier\/","og_site_name":"Blog de Magdalena Grande","article_published_time":"2021-09-08T21:29:05+00:00","article_modified_time":"2021-09-08T21:29:15+00:00","og_image":[{"url":"https:\/\/magdalenagrande.com\/blog\/wp-content\/uploads\/2021\/09\/image_editor_output_image1760708955-1631136537661-865x1024.jpg"}],"twitter_card":"summary","twitter_misc":{"Escrito por":"magdalena_grande","Tiempo de lectura":"2 minutos"},"schema":{"@context":"https:\/\/schema.org","@graph":[{"@type":"WebSite","@id":"https:\/\/magdalenagrande.com\/blog\/#website","url":"https:\/\/magdalenagrande.com\/blog\/","name":"Blog de Magdalena Grande","description":"Crecimiento personal, alta sensibilidad y educaci\u00f3n emocional","potentialAction":[{"@type":"SearchAction","target":{"@type":"EntryPoint","urlTemplate":"https:\/\/magdalenagrande.com\/blog\/?s={search_term_string}"},"query-input":"required name=search_term_string"}],"inLanguage":"es"},{"@type":"ImageObject","@id":"https:\/\/magdalenagrande.com\/blog\/lisboa-es-rara-javier\/#primaryimage","inLanguage":"es","url":"https:\/\/magdalenagrande.com\/blog\/wp-content\/uploads\/2021\/09\/image_editor_output_image1760708955-1631136537661.jpg","contentUrl":"https:\/\/magdalenagrande.com\/blog\/wp-content\/uploads\/2021\/09\/image_editor_output_image1760708955-1631136537661.jpg","width":1075,"height":1273},{"@type":"WebPage","@id":"https:\/\/magdalenagrande.com\/blog\/lisboa-es-rara-javier\/#webpage","url":"https:\/\/magdalenagrande.com\/blog\/lisboa-es-rara-javier\/","name":"Lisboa es rara, Javier - Blog de Magdalena Grande","isPartOf":{"@id":"https:\/\/magdalenagrande.com\/blog\/#website"},"primaryImageOfPage":{"@id":"https:\/\/magdalenagrande.com\/blog\/lisboa-es-rara-javier\/#primaryimage"},"datePublished":"2021-09-08T21:29:05+00:00","dateModified":"2021-09-08T21:29:15+00:00","author":{"@id":"https:\/\/magdalenagrande.com\/blog\/#\/schema\/person\/f8460fd9e22f0d0d09ef55ae7a4f6791"},"breadcrumb":{"@id":"https:\/\/magdalenagrande.com\/blog\/lisboa-es-rara-javier\/#breadcrumb"},"inLanguage":"es","potentialAction":[{"@type":"ReadAction","target":["https:\/\/magdalenagrande.com\/blog\/lisboa-es-rara-javier\/"]}]},{"@type":"BreadcrumbList","@id":"https:\/\/magdalenagrande.com\/blog\/lisboa-es-rara-javier\/#breadcrumb","itemListElement":[{"@type":"ListItem","position":1,"name":"Portada","item":"https:\/\/magdalenagrande.com\/blog\/"},{"@type":"ListItem","position":2,"name":"Lisboa es rara, Javier"}]},{"@type":"Person","@id":"https:\/\/magdalenagrande.com\/blog\/#\/schema\/person\/f8460fd9e22f0d0d09ef55ae7a4f6791","name":"magdalena_grande"}]}},"_links":{"self":[{"href":"https:\/\/magdalenagrande.com\/blog\/wp-json\/wp\/v2\/posts\/417","targetHints":{"allow":["GET"]}}],"collection":[{"href":"https:\/\/magdalenagrande.com\/blog\/wp-json\/wp\/v2\/posts"}],"about":[{"href":"https:\/\/magdalenagrande.com\/blog\/wp-json\/wp\/v2\/types\/post"}],"author":[{"embeddable":true,"href":"https:\/\/magdalenagrande.com\/blog\/wp-json\/wp\/v2\/users\/1"}],"replies":[{"embeddable":true,"href":"https:\/\/magdalenagrande.com\/blog\/wp-json\/wp\/v2\/comments?post=417"}],"version-history":[{"count":1,"href":"https:\/\/magdalenagrande.com\/blog\/wp-json\/wp\/v2\/posts\/417\/revisions"}],"predecessor-version":[{"id":418,"href":"https:\/\/magdalenagrande.com\/blog\/wp-json\/wp\/v2\/posts\/417\/revisions\/418"}],"wp:attachment":[{"href":"https:\/\/magdalenagrande.com\/blog\/wp-json\/wp\/v2\/media?parent=417"}],"wp:term":[{"taxonomy":"category","embeddable":true,"href":"https:\/\/magdalenagrande.com\/blog\/wp-json\/wp\/v2\/categories?post=417"},{"taxonomy":"post_tag","embeddable":true,"href":"https:\/\/magdalenagrande.com\/blog\/wp-json\/wp\/v2\/tags?post=417"}],"curies":[{"name":"wp","href":"https:\/\/api.w.org\/{rel}","templated":true}]}}