{"id":428,"date":"2021-09-12T21:04:12","date_gmt":"2021-09-12T21:04:12","guid":{"rendered":"https:\/\/magdalenagrande.com\/blog\/?p=428"},"modified":"2021-09-12T21:04:26","modified_gmt":"2021-09-12T21:04:26","slug":"yo-soy-confusion","status":"publish","type":"post","link":"https:\/\/magdalenagrande.com\/blog\/yo-soy-confusion\/","title":{"rendered":"Yo soy confusi\u00f3n"},"content":{"rendered":"\n<p>Ya estoy por aqu\u00ed otra vez para dejaros tres consejillos de espiritualidad pr\u00e1ctica para trabajar la confusi\u00f3n.<\/p>\n\n\n\n<p>Vivimos en una sociedad en la que se ensalza la certeza y se condena la confusi\u00f3n. Pasa lo mismo con el error. Ambos tienen muy mala fama&#8230; Pero, \u00bfqu\u00e9 quieres que te diga? Que a mi estar confundido me parece muy humano y muy saludable&#8230;<\/p>\n\n\n\n<p>Adem\u00e1s debemos tener en cuenta que si tenemos una mayor sensibilidad estaremos percibiendo una mayor cantidad de est\u00edmulos e informaci\u00f3n por lo que es relativamente sencillo llegar a este estade de confusi\u00f3n.<\/p>\n\n\n\n<p>Desde esta perspectiva, all\u00e1 vamos con la pr\u00e1ctica:<\/p>\n\n\n\n<p>&#8211; Si tu coraz\u00f3n se siente confuso necesitas parar. Parar aqu\u00ed y ahora y dedicarte un tiempo para ti. Lo ideal ser\u00eda que pudieras meditar porque aportar\u00eda paz a la niebla que genera la confusi\u00f3n en el coraz\u00f3n. Cierra los ojos y trae una luz blanca a la altura del coraz\u00f3n. Trata de cogerla con las manos y ll\u00e9vala hasta ti. In\u00fandate con amor y pide paz y claridad. Te ser\u00e1 dada.<\/p>\n\n\n\n<p>&#8211; Si la que est\u00e1 confusa es la mente y es respecto a una situaci\u00f3n concreta, es decir, si tienes muchas dudas sobre qu\u00e9 hacer o qu\u00e9 no, tira de la lista de pros y contras. Que s\u00ed, que es un cl\u00e1sico y funciona. SIN EMBARGO, si arrastras esta confusi\u00f3n desde hace tiempo, ya da igual si tomas una opci\u00f3n o la otra pero llega un momento en que tienes que decidirte. Hagas lo que hagas, ya dar\u00e1 igual porque al hacerlo sentir\u00e1s un inmenso alivio de haber tomado la decisi\u00f3n. Act\u00faa y despu\u00e9s reeval\u00faa.<\/p>\n\n\n\n<p>&#8211; Replantea la confusi\u00f3n como una oportunidad para saber m\u00e1s sobre ti. \u00bfQu\u00e9 te est\u00e1 ense\u00f1ando la confusi\u00f3n en este momento m\u00e1s all\u00e1 de lo evidente a simple vista? Quiz\u00e1 aparecen resistencias, hay cambios que sabemos pero nos negamos a ver&#8230; Dale la vuelta y extrae el aprendizaje.<\/p>\n\n\n\n<p>Gracias, gracias, gracias<\/p>\n\n\n\n<p>#confusi\u00f3n #sensibilidadconsciente #estarconfusos #altasensibilidad #personasaltamentesensibles #PAS #magdalenagrande #consultaonline #terapiaonline #cursoaltasensibilidad #cursoparapas<\/p>\n\n\n\n<p>@personas_altamente_sensibles<\/p>\n\n\n\n<p>Www.magdalenagrande.com <\/p>\n\n\n\n<figure class=\"wp-block-image size-large\"><img loading=\"lazy\" decoding=\"async\" width=\"886\" height=\"1024\" src=\"https:\/\/magdalenagrande.com\/blog\/wp-content\/uploads\/2021\/09\/image_editor_output_image-1605199040-1631480635983-886x1024.jpg\" alt=\"\" class=\"wp-image-427\" srcset=\"https:\/\/magdalenagrande.com\/blog\/wp-content\/uploads\/2021\/09\/image_editor_output_image-1605199040-1631480635983-886x1024.jpg 886w, https:\/\/magdalenagrande.com\/blog\/wp-content\/uploads\/2021\/09\/image_editor_output_image-1605199040-1631480635983-260x300.jpg 260w, https:\/\/magdalenagrande.com\/blog\/wp-content\/uploads\/2021\/09\/image_editor_output_image-1605199040-1631480635983-768x887.jpg 768w, https:\/\/magdalenagrande.com\/blog\/wp-content\/uploads\/2021\/09\/image_editor_output_image-1605199040-1631480635983.jpg 1068w\" sizes=\"auto, (max-width: 886px) 100vw, 886px\" \/><\/figure>\n","protected":false},"excerpt":{"rendered":"<p>Ya estoy por aqu\u00ed otra vez para dejaros tres consejillos de espiritualidad pr\u00e1ctica para trabajar la confusi\u00f3n. Vivimos en una sociedad en la que se ensalza la certeza y se condena la confusi\u00f3n. Pasa lo mismo con el error. Ambos tienen muy mala fama&#8230; Pero, \u00bfqu\u00e9 quieres que te diga? Que a mi estar confundido [&hellip;]<\/p>\n","protected":false},"author":1,"featured_media":0,"comment_status":"closed","ping_status":"closed","sticky":false,"template":"","format":"standard","meta":{"sfsi_plus_gutenberg_text_before_share":"","sfsi_plus_gutenberg_show_text_before_share":"","sfsi_plus_gutenberg_icon_type":"","sfsi_plus_gutenberg_icon_alignemt":"","sfsi_plus_gutenburg_max_per_row":"","footnotes":""},"categories":[79],"tags":[],"class_list":["post-428","post","type-post","status-publish","format-standard","hentry","category-yo-soy"],"yoast_head":"<!-- This site is optimized with the Yoast SEO plugin v17.0 - https:\/\/yoast.com\/wordpress\/plugins\/seo\/ -->\n<title>Yo soy confusi\u00f3n - Blog de Magdalena Grande<\/title>\n<meta name=\"robots\" content=\"index, follow, max-snippet:-1, max-image-preview:large, max-video-preview:-1\" \/>\n<link rel=\"canonical\" href=\"https:\/\/magdalenagrande.com\/blog\/yo-soy-confusion\/\" \/>\n<meta property=\"og:locale\" content=\"es_ES\" \/>\n<meta property=\"og:type\" content=\"article\" \/>\n<meta property=\"og:title\" content=\"Yo soy confusi\u00f3n - Blog de Magdalena Grande\" \/>\n<meta property=\"og:description\" content=\"Ya estoy por aqu\u00ed otra vez para dejaros tres consejillos de espiritualidad pr\u00e1ctica para trabajar la confusi\u00f3n. Vivimos en una sociedad en la que se ensalza la certeza y se condena la confusi\u00f3n. Pasa lo mismo con el error. Ambos tienen muy mala fama&#8230; Pero, \u00bfqu\u00e9 quieres que te diga? Que a mi estar confundido [&hellip;]\" \/>\n<meta property=\"og:url\" content=\"https:\/\/magdalenagrande.com\/blog\/yo-soy-confusion\/\" \/>\n<meta property=\"og:site_name\" content=\"Blog de Magdalena Grande\" \/>\n<meta property=\"article:published_time\" content=\"2021-09-12T21:04:12+00:00\" \/>\n<meta property=\"article:modified_time\" content=\"2021-09-12T21:04:26+00:00\" \/>\n<meta property=\"og:image\" content=\"https:\/\/magdalenagrande.com\/blog\/wp-content\/uploads\/2021\/09\/image_editor_output_image-1605199040-1631480635983-886x1024.jpg\" \/>\n<meta name=\"twitter:card\" content=\"summary\" \/>\n<meta name=\"twitter:label1\" content=\"Escrito por\" \/>\n\t<meta name=\"twitter:data1\" content=\"magdalena_grande\" \/>\n\t<meta name=\"twitter:label2\" content=\"Tiempo de lectura\" \/>\n\t<meta name=\"twitter:data2\" content=\"2 minutos\" \/>\n<script type=\"application\/ld+json\" class=\"yoast-schema-graph\">{\"@context\":\"https:\/\/schema.org\",\"@graph\":[{\"@type\":\"WebSite\",\"@id\":\"https:\/\/magdalenagrande.com\/blog\/#website\",\"url\":\"https:\/\/magdalenagrande.com\/blog\/\",\"name\":\"Blog de Magdalena Grande\",\"description\":\"Crecimiento personal, alta sensibilidad y educaci\\u00f3n emocional\",\"potentialAction\":[{\"@type\":\"SearchAction\",\"target\":{\"@type\":\"EntryPoint\",\"urlTemplate\":\"https:\/\/magdalenagrande.com\/blog\/?s={search_term_string}\"},\"query-input\":\"required name=search_term_string\"}],\"inLanguage\":\"es\"},{\"@type\":\"ImageObject\",\"@id\":\"https:\/\/magdalenagrande.com\/blog\/yo-soy-confusion\/#primaryimage\",\"inLanguage\":\"es\",\"url\":\"https:\/\/magdalenagrande.com\/blog\/wp-content\/uploads\/2021\/09\/image_editor_output_image-1605199040-1631480635983.jpg\",\"contentUrl\":\"https:\/\/magdalenagrande.com\/blog\/wp-content\/uploads\/2021\/09\/image_editor_output_image-1605199040-1631480635983.jpg\",\"width\":1068,\"height\":1234},{\"@type\":\"WebPage\",\"@id\":\"https:\/\/magdalenagrande.com\/blog\/yo-soy-confusion\/#webpage\",\"url\":\"https:\/\/magdalenagrande.com\/blog\/yo-soy-confusion\/\",\"name\":\"Yo soy confusi\\u00f3n - Blog de Magdalena Grande\",\"isPartOf\":{\"@id\":\"https:\/\/magdalenagrande.com\/blog\/#website\"},\"primaryImageOfPage\":{\"@id\":\"https:\/\/magdalenagrande.com\/blog\/yo-soy-confusion\/#primaryimage\"},\"datePublished\":\"2021-09-12T21:04:12+00:00\",\"dateModified\":\"2021-09-12T21:04:26+00:00\",\"author\":{\"@id\":\"https:\/\/magdalenagrande.com\/blog\/#\/schema\/person\/f8460fd9e22f0d0d09ef55ae7a4f6791\"},\"breadcrumb\":{\"@id\":\"https:\/\/magdalenagrande.com\/blog\/yo-soy-confusion\/#breadcrumb\"},\"inLanguage\":\"es\",\"potentialAction\":[{\"@type\":\"ReadAction\",\"target\":[\"https:\/\/magdalenagrande.com\/blog\/yo-soy-confusion\/\"]}]},{\"@type\":\"BreadcrumbList\",\"@id\":\"https:\/\/magdalenagrande.com\/blog\/yo-soy-confusion\/#breadcrumb\",\"itemListElement\":[{\"@type\":\"ListItem\",\"position\":1,\"name\":\"Portada\",\"item\":\"https:\/\/magdalenagrande.com\/blog\/\"},{\"@type\":\"ListItem\",\"position\":2,\"name\":\"Yo soy confusi\\u00f3n\"}]},{\"@type\":\"Person\",\"@id\":\"https:\/\/magdalenagrande.com\/blog\/#\/schema\/person\/f8460fd9e22f0d0d09ef55ae7a4f6791\",\"name\":\"magdalena_grande\"}]}<\/script>\n<!-- \/ Yoast SEO plugin. -->","yoast_head_json":{"title":"Yo soy confusi\u00f3n - Blog de Magdalena Grande","robots":{"index":"index","follow":"follow","max-snippet":"max-snippet:-1","max-image-preview":"max-image-preview:large","max-video-preview":"max-video-preview:-1"},"canonical":"https:\/\/magdalenagrande.com\/blog\/yo-soy-confusion\/","og_locale":"es_ES","og_type":"article","og_title":"Yo soy confusi\u00f3n - Blog de Magdalena Grande","og_description":"Ya estoy por aqu\u00ed otra vez para dejaros tres consejillos de espiritualidad pr\u00e1ctica para trabajar la confusi\u00f3n. Vivimos en una sociedad en la que se ensalza la certeza y se condena la confusi\u00f3n. Pasa lo mismo con el error. Ambos tienen muy mala fama&#8230; Pero, \u00bfqu\u00e9 quieres que te diga? Que a mi estar confundido [&hellip;]","og_url":"https:\/\/magdalenagrande.com\/blog\/yo-soy-confusion\/","og_site_name":"Blog de Magdalena Grande","article_published_time":"2021-09-12T21:04:12+00:00","article_modified_time":"2021-09-12T21:04:26+00:00","og_image":[{"url":"https:\/\/magdalenagrande.com\/blog\/wp-content\/uploads\/2021\/09\/image_editor_output_image-1605199040-1631480635983-886x1024.jpg"}],"twitter_card":"summary","twitter_misc":{"Escrito por":"magdalena_grande","Tiempo de lectura":"2 minutos"},"schema":{"@context":"https:\/\/schema.org","@graph":[{"@type":"WebSite","@id":"https:\/\/magdalenagrande.com\/blog\/#website","url":"https:\/\/magdalenagrande.com\/blog\/","name":"Blog de Magdalena Grande","description":"Crecimiento personal, alta sensibilidad y educaci\u00f3n emocional","potentialAction":[{"@type":"SearchAction","target":{"@type":"EntryPoint","urlTemplate":"https:\/\/magdalenagrande.com\/blog\/?s={search_term_string}"},"query-input":"required name=search_term_string"}],"inLanguage":"es"},{"@type":"ImageObject","@id":"https:\/\/magdalenagrande.com\/blog\/yo-soy-confusion\/#primaryimage","inLanguage":"es","url":"https:\/\/magdalenagrande.com\/blog\/wp-content\/uploads\/2021\/09\/image_editor_output_image-1605199040-1631480635983.jpg","contentUrl":"https:\/\/magdalenagrande.com\/blog\/wp-content\/uploads\/2021\/09\/image_editor_output_image-1605199040-1631480635983.jpg","width":1068,"height":1234},{"@type":"WebPage","@id":"https:\/\/magdalenagrande.com\/blog\/yo-soy-confusion\/#webpage","url":"https:\/\/magdalenagrande.com\/blog\/yo-soy-confusion\/","name":"Yo soy confusi\u00f3n - Blog de Magdalena Grande","isPartOf":{"@id":"https:\/\/magdalenagrande.com\/blog\/#website"},"primaryImageOfPage":{"@id":"https:\/\/magdalenagrande.com\/blog\/yo-soy-confusion\/#primaryimage"},"datePublished":"2021-09-12T21:04:12+00:00","dateModified":"2021-09-12T21:04:26+00:00","author":{"@id":"https:\/\/magdalenagrande.com\/blog\/#\/schema\/person\/f8460fd9e22f0d0d09ef55ae7a4f6791"},"breadcrumb":{"@id":"https:\/\/magdalenagrande.com\/blog\/yo-soy-confusion\/#breadcrumb"},"inLanguage":"es","potentialAction":[{"@type":"ReadAction","target":["https:\/\/magdalenagrande.com\/blog\/yo-soy-confusion\/"]}]},{"@type":"BreadcrumbList","@id":"https:\/\/magdalenagrande.com\/blog\/yo-soy-confusion\/#breadcrumb","itemListElement":[{"@type":"ListItem","position":1,"name":"Portada","item":"https:\/\/magdalenagrande.com\/blog\/"},{"@type":"ListItem","position":2,"name":"Yo soy confusi\u00f3n"}]},{"@type":"Person","@id":"https:\/\/magdalenagrande.com\/blog\/#\/schema\/person\/f8460fd9e22f0d0d09ef55ae7a4f6791","name":"magdalena_grande"}]}},"_links":{"self":[{"href":"https:\/\/magdalenagrande.com\/blog\/wp-json\/wp\/v2\/posts\/428","targetHints":{"allow":["GET"]}}],"collection":[{"href":"https:\/\/magdalenagrande.com\/blog\/wp-json\/wp\/v2\/posts"}],"about":[{"href":"https:\/\/magdalenagrande.com\/blog\/wp-json\/wp\/v2\/types\/post"}],"author":[{"embeddable":true,"href":"https:\/\/magdalenagrande.com\/blog\/wp-json\/wp\/v2\/users\/1"}],"replies":[{"embeddable":true,"href":"https:\/\/magdalenagrande.com\/blog\/wp-json\/wp\/v2\/comments?post=428"}],"version-history":[{"count":1,"href":"https:\/\/magdalenagrande.com\/blog\/wp-json\/wp\/v2\/posts\/428\/revisions"}],"predecessor-version":[{"id":429,"href":"https:\/\/magdalenagrande.com\/blog\/wp-json\/wp\/v2\/posts\/428\/revisions\/429"}],"wp:attachment":[{"href":"https:\/\/magdalenagrande.com\/blog\/wp-json\/wp\/v2\/media?parent=428"}],"wp:term":[{"taxonomy":"category","embeddable":true,"href":"https:\/\/magdalenagrande.com\/blog\/wp-json\/wp\/v2\/categories?post=428"},{"taxonomy":"post_tag","embeddable":true,"href":"https:\/\/magdalenagrande.com\/blog\/wp-json\/wp\/v2\/tags?post=428"}],"curies":[{"name":"wp","href":"https:\/\/api.w.org\/{rel}","templated":true}]}}