{"id":446,"date":"2021-09-13T17:07:27","date_gmt":"2021-09-13T17:07:27","guid":{"rendered":"https:\/\/magdalenagrande.com\/blog\/?p=446"},"modified":"2021-09-13T17:07:33","modified_gmt":"2021-09-13T17:07:33","slug":"se-puede-ser-mas-feliz","status":"publish","type":"post","link":"https:\/\/magdalenagrande.com\/blog\/se-puede-ser-mas-feliz\/","title":{"rendered":"\u00bfSe puede ser m\u00e1s feliz?"},"content":{"rendered":"\n<p>Hago estas cosas y hablo conmigo misma.<\/p>\n\n\n\n<p>Los momentos de la siesta de verano son tan incre\u00edbles que tengo estas conversaciones breves conmigo misma.<\/p>\n\n\n\n<p>Y m\u00e1s all\u00e1 de la an\u00e9cdota, cuando me descubro en muchas ocasiones agradecida y dando gracias por todo lo que me rodea, me siento muy plena.<\/p>\n\n\n\n<p>Hubo un tiempo en que me costaba demasiado ver lo positivo que hab\u00eda en mi vida, todos atravesamos momentos oscuros. He cambiado desde ya hace a\u00f1os y ahora mi atenci\u00f3n se centra en lo que s\u00ed.<\/p>\n\n\n\n<p>Porque lo que s\u00ed es tan infinito que de verdad que no necesitamos m\u00e1s. Me gusta esa frase de: &#8216;Si no eres feliz con lo que tienes, no vas a serlo con lo que te falta&#8217;.<\/p>\n\n\n\n<p>No se trata de tener, se trata de ser, disfrutar y vivir. Tambi\u00e9n de agradecer.<\/p>\n\n\n\n<p>La gratitud, de verdad, es magia.<\/p>\n\n\n\n<p>\u00bfTe sientes agradecido con lo que te rodea?<\/p>\n\n\n\n<p>#personasaltamentesensibles #gratitud #PAS #sensibilidadconsciente #altasensibilidad #magdalenagrande #consultaonline #terapiaonline #cursoaltasensibilidad #cursoparapas<\/p>\n\n\n\n<p>@personas_altamente_sensibles<\/p>\n\n\n\n<p>Www.magdalenagrande.com <\/p>\n\n\n\n<figure class=\"wp-block-image size-large\"><img loading=\"lazy\" decoding=\"async\" width=\"879\" height=\"1024\" src=\"https:\/\/magdalenagrande.com\/blog\/wp-content\/uploads\/2021\/09\/image_editor_output_image598880970-1631552838703-879x1024.jpg\" alt=\"\" class=\"wp-image-445\" srcset=\"https:\/\/magdalenagrande.com\/blog\/wp-content\/uploads\/2021\/09\/image_editor_output_image598880970-1631552838703-879x1024.jpg 879w, https:\/\/magdalenagrande.com\/blog\/wp-content\/uploads\/2021\/09\/image_editor_output_image598880970-1631552838703-257x300.jpg 257w, https:\/\/magdalenagrande.com\/blog\/wp-content\/uploads\/2021\/09\/image_editor_output_image598880970-1631552838703-768x895.jpg 768w, https:\/\/magdalenagrande.com\/blog\/wp-content\/uploads\/2021\/09\/image_editor_output_image598880970-1631552838703.jpg 1077w\" sizes=\"auto, (max-width: 879px) 100vw, 879px\" \/><\/figure>\n","protected":false},"excerpt":{"rendered":"<p>Hago estas cosas y hablo conmigo misma. Los momentos de la siesta de verano son tan incre\u00edbles que tengo estas conversaciones breves conmigo misma. Y m\u00e1s all\u00e1 de la an\u00e9cdota, cuando me descubro en muchas ocasiones agradecida y dando gracias por todo lo que me rodea, me siento muy plena. Hubo un tiempo en que [&hellip;]<\/p>\n","protected":false},"author":1,"featured_media":0,"comment_status":"closed","ping_status":"closed","sticky":false,"template":"","format":"standard","meta":{"sfsi_plus_gutenberg_text_before_share":"","sfsi_plus_gutenberg_show_text_before_share":"","sfsi_plus_gutenberg_icon_type":"","sfsi_plus_gutenberg_icon_alignemt":"","sfsi_plus_gutenburg_max_per_row":"","footnotes":""},"categories":[14],"tags":[],"class_list":["post-446","post","type-post","status-publish","format-standard","hentry","category-personal"],"yoast_head":"<!-- This site is optimized with the Yoast SEO plugin v17.0 - https:\/\/yoast.com\/wordpress\/plugins\/seo\/ -->\n<title>\u00bfSe puede ser m\u00e1s feliz? - Blog de Magdalena Grande<\/title>\n<meta name=\"robots\" content=\"index, follow, max-snippet:-1, max-image-preview:large, max-video-preview:-1\" \/>\n<link rel=\"canonical\" href=\"https:\/\/magdalenagrande.com\/blog\/se-puede-ser-mas-feliz\/\" \/>\n<meta property=\"og:locale\" content=\"es_ES\" \/>\n<meta property=\"og:type\" content=\"article\" \/>\n<meta property=\"og:title\" content=\"\u00bfSe puede ser m\u00e1s feliz? - Blog de Magdalena Grande\" \/>\n<meta property=\"og:description\" content=\"Hago estas cosas y hablo conmigo misma. Los momentos de la siesta de verano son tan incre\u00edbles que tengo estas conversaciones breves conmigo misma. Y m\u00e1s all\u00e1 de la an\u00e9cdota, cuando me descubro en muchas ocasiones agradecida y dando gracias por todo lo que me rodea, me siento muy plena. Hubo un tiempo en que [&hellip;]\" \/>\n<meta property=\"og:url\" content=\"https:\/\/magdalenagrande.com\/blog\/se-puede-ser-mas-feliz\/\" \/>\n<meta property=\"og:site_name\" content=\"Blog de Magdalena Grande\" \/>\n<meta property=\"article:published_time\" content=\"2021-09-13T17:07:27+00:00\" \/>\n<meta property=\"article:modified_time\" content=\"2021-09-13T17:07:33+00:00\" \/>\n<meta property=\"og:image\" content=\"https:\/\/magdalenagrande.com\/blog\/wp-content\/uploads\/2021\/09\/image_editor_output_image598880970-1631552838703-879x1024.jpg\" \/>\n<meta name=\"twitter:card\" content=\"summary\" \/>\n<meta name=\"twitter:label1\" content=\"Escrito por\" \/>\n\t<meta name=\"twitter:data1\" content=\"magdalena_grande\" \/>\n\t<meta name=\"twitter:label2\" content=\"Tiempo de lectura\" \/>\n\t<meta name=\"twitter:data2\" content=\"1 minuto\" \/>\n<script type=\"application\/ld+json\" class=\"yoast-schema-graph\">{\"@context\":\"https:\/\/schema.org\",\"@graph\":[{\"@type\":\"WebSite\",\"@id\":\"https:\/\/magdalenagrande.com\/blog\/#website\",\"url\":\"https:\/\/magdalenagrande.com\/blog\/\",\"name\":\"Blog de Magdalena Grande\",\"description\":\"Crecimiento personal, alta sensibilidad y educaci\\u00f3n emocional\",\"potentialAction\":[{\"@type\":\"SearchAction\",\"target\":{\"@type\":\"EntryPoint\",\"urlTemplate\":\"https:\/\/magdalenagrande.com\/blog\/?s={search_term_string}\"},\"query-input\":\"required name=search_term_string\"}],\"inLanguage\":\"es\"},{\"@type\":\"ImageObject\",\"@id\":\"https:\/\/magdalenagrande.com\/blog\/se-puede-ser-mas-feliz\/#primaryimage\",\"inLanguage\":\"es\",\"url\":\"https:\/\/magdalenagrande.com\/blog\/wp-content\/uploads\/2021\/09\/image_editor_output_image598880970-1631552838703.jpg\",\"contentUrl\":\"https:\/\/magdalenagrande.com\/blog\/wp-content\/uploads\/2021\/09\/image_editor_output_image598880970-1631552838703.jpg\",\"width\":1077,\"height\":1255},{\"@type\":\"WebPage\",\"@id\":\"https:\/\/magdalenagrande.com\/blog\/se-puede-ser-mas-feliz\/#webpage\",\"url\":\"https:\/\/magdalenagrande.com\/blog\/se-puede-ser-mas-feliz\/\",\"name\":\"\\u00bfSe puede ser m\\u00e1s feliz? - Blog de Magdalena Grande\",\"isPartOf\":{\"@id\":\"https:\/\/magdalenagrande.com\/blog\/#website\"},\"primaryImageOfPage\":{\"@id\":\"https:\/\/magdalenagrande.com\/blog\/se-puede-ser-mas-feliz\/#primaryimage\"},\"datePublished\":\"2021-09-13T17:07:27+00:00\",\"dateModified\":\"2021-09-13T17:07:33+00:00\",\"author\":{\"@id\":\"https:\/\/magdalenagrande.com\/blog\/#\/schema\/person\/f8460fd9e22f0d0d09ef55ae7a4f6791\"},\"breadcrumb\":{\"@id\":\"https:\/\/magdalenagrande.com\/blog\/se-puede-ser-mas-feliz\/#breadcrumb\"},\"inLanguage\":\"es\",\"potentialAction\":[{\"@type\":\"ReadAction\",\"target\":[\"https:\/\/magdalenagrande.com\/blog\/se-puede-ser-mas-feliz\/\"]}]},{\"@type\":\"BreadcrumbList\",\"@id\":\"https:\/\/magdalenagrande.com\/blog\/se-puede-ser-mas-feliz\/#breadcrumb\",\"itemListElement\":[{\"@type\":\"ListItem\",\"position\":1,\"name\":\"Portada\",\"item\":\"https:\/\/magdalenagrande.com\/blog\/\"},{\"@type\":\"ListItem\",\"position\":2,\"name\":\"\\u00bfSe puede ser m\\u00e1s feliz?\"}]},{\"@type\":\"Person\",\"@id\":\"https:\/\/magdalenagrande.com\/blog\/#\/schema\/person\/f8460fd9e22f0d0d09ef55ae7a4f6791\",\"name\":\"magdalena_grande\"}]}<\/script>\n<!-- \/ Yoast SEO plugin. -->","yoast_head_json":{"title":"\u00bfSe puede ser m\u00e1s feliz? - Blog de Magdalena Grande","robots":{"index":"index","follow":"follow","max-snippet":"max-snippet:-1","max-image-preview":"max-image-preview:large","max-video-preview":"max-video-preview:-1"},"canonical":"https:\/\/magdalenagrande.com\/blog\/se-puede-ser-mas-feliz\/","og_locale":"es_ES","og_type":"article","og_title":"\u00bfSe puede ser m\u00e1s feliz? - Blog de Magdalena Grande","og_description":"Hago estas cosas y hablo conmigo misma. Los momentos de la siesta de verano son tan incre\u00edbles que tengo estas conversaciones breves conmigo misma. Y m\u00e1s all\u00e1 de la an\u00e9cdota, cuando me descubro en muchas ocasiones agradecida y dando gracias por todo lo que me rodea, me siento muy plena. Hubo un tiempo en que [&hellip;]","og_url":"https:\/\/magdalenagrande.com\/blog\/se-puede-ser-mas-feliz\/","og_site_name":"Blog de Magdalena Grande","article_published_time":"2021-09-13T17:07:27+00:00","article_modified_time":"2021-09-13T17:07:33+00:00","og_image":[{"url":"https:\/\/magdalenagrande.com\/blog\/wp-content\/uploads\/2021\/09\/image_editor_output_image598880970-1631552838703-879x1024.jpg"}],"twitter_card":"summary","twitter_misc":{"Escrito por":"magdalena_grande","Tiempo de lectura":"1 minuto"},"schema":{"@context":"https:\/\/schema.org","@graph":[{"@type":"WebSite","@id":"https:\/\/magdalenagrande.com\/blog\/#website","url":"https:\/\/magdalenagrande.com\/blog\/","name":"Blog de Magdalena Grande","description":"Crecimiento personal, alta sensibilidad y educaci\u00f3n emocional","potentialAction":[{"@type":"SearchAction","target":{"@type":"EntryPoint","urlTemplate":"https:\/\/magdalenagrande.com\/blog\/?s={search_term_string}"},"query-input":"required name=search_term_string"}],"inLanguage":"es"},{"@type":"ImageObject","@id":"https:\/\/magdalenagrande.com\/blog\/se-puede-ser-mas-feliz\/#primaryimage","inLanguage":"es","url":"https:\/\/magdalenagrande.com\/blog\/wp-content\/uploads\/2021\/09\/image_editor_output_image598880970-1631552838703.jpg","contentUrl":"https:\/\/magdalenagrande.com\/blog\/wp-content\/uploads\/2021\/09\/image_editor_output_image598880970-1631552838703.jpg","width":1077,"height":1255},{"@type":"WebPage","@id":"https:\/\/magdalenagrande.com\/blog\/se-puede-ser-mas-feliz\/#webpage","url":"https:\/\/magdalenagrande.com\/blog\/se-puede-ser-mas-feliz\/","name":"\u00bfSe puede ser m\u00e1s feliz? - Blog de Magdalena Grande","isPartOf":{"@id":"https:\/\/magdalenagrande.com\/blog\/#website"},"primaryImageOfPage":{"@id":"https:\/\/magdalenagrande.com\/blog\/se-puede-ser-mas-feliz\/#primaryimage"},"datePublished":"2021-09-13T17:07:27+00:00","dateModified":"2021-09-13T17:07:33+00:00","author":{"@id":"https:\/\/magdalenagrande.com\/blog\/#\/schema\/person\/f8460fd9e22f0d0d09ef55ae7a4f6791"},"breadcrumb":{"@id":"https:\/\/magdalenagrande.com\/blog\/se-puede-ser-mas-feliz\/#breadcrumb"},"inLanguage":"es","potentialAction":[{"@type":"ReadAction","target":["https:\/\/magdalenagrande.com\/blog\/se-puede-ser-mas-feliz\/"]}]},{"@type":"BreadcrumbList","@id":"https:\/\/magdalenagrande.com\/blog\/se-puede-ser-mas-feliz\/#breadcrumb","itemListElement":[{"@type":"ListItem","position":1,"name":"Portada","item":"https:\/\/magdalenagrande.com\/blog\/"},{"@type":"ListItem","position":2,"name":"\u00bfSe puede ser m\u00e1s feliz?"}]},{"@type":"Person","@id":"https:\/\/magdalenagrande.com\/blog\/#\/schema\/person\/f8460fd9e22f0d0d09ef55ae7a4f6791","name":"magdalena_grande"}]}},"_links":{"self":[{"href":"https:\/\/magdalenagrande.com\/blog\/wp-json\/wp\/v2\/posts\/446","targetHints":{"allow":["GET"]}}],"collection":[{"href":"https:\/\/magdalenagrande.com\/blog\/wp-json\/wp\/v2\/posts"}],"about":[{"href":"https:\/\/magdalenagrande.com\/blog\/wp-json\/wp\/v2\/types\/post"}],"author":[{"embeddable":true,"href":"https:\/\/magdalenagrande.com\/blog\/wp-json\/wp\/v2\/users\/1"}],"replies":[{"embeddable":true,"href":"https:\/\/magdalenagrande.com\/blog\/wp-json\/wp\/v2\/comments?post=446"}],"version-history":[{"count":1,"href":"https:\/\/magdalenagrande.com\/blog\/wp-json\/wp\/v2\/posts\/446\/revisions"}],"predecessor-version":[{"id":447,"href":"https:\/\/magdalenagrande.com\/blog\/wp-json\/wp\/v2\/posts\/446\/revisions\/447"}],"wp:attachment":[{"href":"https:\/\/magdalenagrande.com\/blog\/wp-json\/wp\/v2\/media?parent=446"}],"wp:term":[{"taxonomy":"category","embeddable":true,"href":"https:\/\/magdalenagrande.com\/blog\/wp-json\/wp\/v2\/categories?post=446"},{"taxonomy":"post_tag","embeddable":true,"href":"https:\/\/magdalenagrande.com\/blog\/wp-json\/wp\/v2\/tags?post=446"}],"curies":[{"name":"wp","href":"https:\/\/api.w.org\/{rel}","templated":true}]}}