{"id":449,"date":"2021-09-13T17:09:17","date_gmt":"2021-09-13T17:09:17","guid":{"rendered":"https:\/\/magdalenagrande.com\/blog\/?p=449"},"modified":"2021-09-13T17:09:23","modified_gmt":"2021-09-13T17:09:23","slug":"suenos","status":"publish","type":"post","link":"https:\/\/magdalenagrande.com\/blog\/suenos\/","title":{"rendered":"Sue\u00f1os"},"content":{"rendered":"\n<p>\u00bfCu\u00e1les son tus sue\u00f1os?<\/p>\n\n\n\n<p>Ayer habl\u00e1bamos sobre sentirse agradecidos &#8216;por lo que s\u00ed&#8217; y creo que es esencial no perder esa perspectiva hoy que vamos a hablar de sue\u00f1os. Este ser\u00eda el primer paso: ser conscientes y realistas respecto a nuestro punto de partida. Agradecer aquello que s\u00ed tenemos y somos.<\/p>\n\n\n\n<p>Tener sue\u00f1os y aspiraciones es una de las cosas m\u00e1s chulas que existen siempre que no se conviertan en un motivo para lamentarnos y autotortutarnos por lo que no conseguimos y tanto deseamos&#8230;<\/p>\n\n\n\n<p>So\u00f1ar tiene que ser divertido y deber\u00edamos poder darnos la licencia para hacerlo a lo grande. \u00bfQu\u00e9 sentido tendr\u00eda lo contrario? &#8216;No todo el mundo puede conseguirlo todo&#8217;. Es cierto, pero todo el mundo puede so\u00f1ar con lo que le d\u00e9 la gana. Luego ya nos encargaremos de marcarnos metas y objetivos que sean realistas e ir acerc\u00e1ndonos a lo que m\u00e1s deseamos pero tiene que haber esa ilusi\u00f3n del que quiere que se cumpla.<\/p>\n\n\n\n<p>A medida que nuestros sue\u00f1os se van cumpliendo, vamos construyendo algunos nuevos. \u00bfRecuerdas lo que so\u00f1abas como adolescente? \u00bfHas podido cumplir algunos sue\u00f1os de los que ten\u00edas entonces?<\/p>\n\n\n\n<p>Me encantar\u00eda que te pararas a analizar tus sue\u00f1os:<br \/>&#8211; Analiza qu\u00e9 sue\u00f1os ya cumpliste y d\u00e9jalo por escrito.<br \/>&#8211; Haz una lista de 3 sue\u00f1os que tengas en este momento<br \/>&#8211; Elije uno de ellos y dedica tiempo a pensar en ello. Dale algunas vueltas. \u00bfC\u00f3mo ser\u00eda conseguirlo? \u00bfQu\u00e9 sentir\u00edas? \u00bfQu\u00e9 suceder\u00eda? \u00bfQu\u00e9 har\u00edas? \u00bfCambiar\u00eda tu vida? \u00bfDe qu\u00e9 manera?<br \/>&#8211; Si quieres hacerlo realidad plant\u00e9ate, \u00bfqu\u00e9 probabilidad existe de que se pueda cumplir? (no es lo mismo desear un trabajo que una loter\u00eda), \u00bfen qu\u00e9 grado que se cumpla depende de ti?<br \/>&#8211; Finalmente, elabora una lista de los pasos realistas y objetivos que necesitas dar a corto y medio plazo para llegar a ese sue\u00f1o. Y, lo m\u00e1s importante, ves llev\u00e1ndolos a la realidad!!!<\/p>\n\n\n\n<p>\u00bfCompartes tu sue\u00f1o?<\/p>\n\n\n\n<p>#so\u00f1ar #sue\u00f1os #altasensibilidad #sensibilidadconsciente #PAS #compartetusue\u00f1o #personasaltamentesensibles #cursoaltasensibilidad #cursoparapas #consultaonline #terapiaonline #magdalenagrande<\/p>\n\n\n\n<p>@personas_altamente_sensibles<\/p>\n\n\n\n<p>Www.magdalenagrande.com <\/p>\n\n\n\n<figure class=\"wp-block-image size-large\"><img loading=\"lazy\" decoding=\"async\" width=\"860\" height=\"1024\" src=\"https:\/\/magdalenagrande.com\/blog\/wp-content\/uploads\/2021\/09\/image_editor_output_image273036487-1631552941032-860x1024.jpg\" alt=\"\" class=\"wp-image-448\" srcset=\"https:\/\/magdalenagrande.com\/blog\/wp-content\/uploads\/2021\/09\/image_editor_output_image273036487-1631552941032-860x1024.jpg 860w, https:\/\/magdalenagrande.com\/blog\/wp-content\/uploads\/2021\/09\/image_editor_output_image273036487-1631552941032-252x300.jpg 252w, https:\/\/magdalenagrande.com\/blog\/wp-content\/uploads\/2021\/09\/image_editor_output_image273036487-1631552941032-768x914.jpg 768w, https:\/\/magdalenagrande.com\/blog\/wp-content\/uploads\/2021\/09\/image_editor_output_image273036487-1631552941032.jpg 1080w\" sizes=\"auto, (max-width: 860px) 100vw, 860px\" \/><\/figure>\n","protected":false},"excerpt":{"rendered":"<p>\u00bfCu\u00e1les son tus sue\u00f1os? Ayer habl\u00e1bamos sobre sentirse agradecidos &#8216;por lo que s\u00ed&#8217; y creo que es esencial no perder esa perspectiva hoy que vamos a hablar de sue\u00f1os. Este ser\u00eda el primer paso: ser conscientes y realistas respecto a nuestro punto de partida. Agradecer aquello que s\u00ed tenemos y somos. Tener sue\u00f1os y aspiraciones [&hellip;]<\/p>\n","protected":false},"author":1,"featured_media":0,"comment_status":"closed","ping_status":"closed","sticky":false,"template":"","format":"standard","meta":{"sfsi_plus_gutenberg_text_before_share":"","sfsi_plus_gutenberg_show_text_before_share":"","sfsi_plus_gutenberg_icon_type":"","sfsi_plus_gutenberg_icon_alignemt":"","sfsi_plus_gutenburg_max_per_row":"","footnotes":""},"categories":[76],"tags":[],"class_list":["post-449","post","type-post","status-publish","format-standard","hentry","category-palabras-consciencia"],"yoast_head":"<!-- This site is optimized with the Yoast SEO plugin v17.0 - https:\/\/yoast.com\/wordpress\/plugins\/seo\/ -->\n<title>Sue\u00f1os - Blog de Magdalena Grande<\/title>\n<meta name=\"robots\" content=\"index, follow, max-snippet:-1, max-image-preview:large, max-video-preview:-1\" \/>\n<link rel=\"canonical\" href=\"https:\/\/magdalenagrande.com\/blog\/suenos\/\" \/>\n<meta property=\"og:locale\" content=\"es_ES\" \/>\n<meta property=\"og:type\" content=\"article\" \/>\n<meta property=\"og:title\" content=\"Sue\u00f1os - Blog de Magdalena Grande\" \/>\n<meta property=\"og:description\" content=\"\u00bfCu\u00e1les son tus sue\u00f1os? Ayer habl\u00e1bamos sobre sentirse agradecidos &#8216;por lo que s\u00ed&#8217; y creo que es esencial no perder esa perspectiva hoy que vamos a hablar de sue\u00f1os. Este ser\u00eda el primer paso: ser conscientes y realistas respecto a nuestro punto de partida. Agradecer aquello que s\u00ed tenemos y somos. Tener sue\u00f1os y aspiraciones [&hellip;]\" \/>\n<meta property=\"og:url\" content=\"https:\/\/magdalenagrande.com\/blog\/suenos\/\" \/>\n<meta property=\"og:site_name\" content=\"Blog de Magdalena Grande\" \/>\n<meta property=\"article:published_time\" content=\"2021-09-13T17:09:17+00:00\" \/>\n<meta property=\"article:modified_time\" content=\"2021-09-13T17:09:23+00:00\" \/>\n<meta property=\"og:image\" content=\"https:\/\/magdalenagrande.com\/blog\/wp-content\/uploads\/2021\/09\/image_editor_output_image273036487-1631552941032-860x1024.jpg\" \/>\n<meta name=\"twitter:card\" content=\"summary\" \/>\n<meta name=\"twitter:label1\" content=\"Escrito por\" \/>\n\t<meta name=\"twitter:data1\" content=\"magdalena_grande\" \/>\n\t<meta name=\"twitter:label2\" content=\"Tiempo de lectura\" \/>\n\t<meta name=\"twitter:data2\" content=\"2 minutos\" \/>\n<script type=\"application\/ld+json\" class=\"yoast-schema-graph\">{\"@context\":\"https:\/\/schema.org\",\"@graph\":[{\"@type\":\"WebSite\",\"@id\":\"https:\/\/magdalenagrande.com\/blog\/#website\",\"url\":\"https:\/\/magdalenagrande.com\/blog\/\",\"name\":\"Blog de Magdalena Grande\",\"description\":\"Crecimiento personal, alta sensibilidad y educaci\\u00f3n emocional\",\"potentialAction\":[{\"@type\":\"SearchAction\",\"target\":{\"@type\":\"EntryPoint\",\"urlTemplate\":\"https:\/\/magdalenagrande.com\/blog\/?s={search_term_string}\"},\"query-input\":\"required name=search_term_string\"}],\"inLanguage\":\"es\"},{\"@type\":\"ImageObject\",\"@id\":\"https:\/\/magdalenagrande.com\/blog\/suenos\/#primaryimage\",\"inLanguage\":\"es\",\"url\":\"https:\/\/magdalenagrande.com\/blog\/wp-content\/uploads\/2021\/09\/image_editor_output_image273036487-1631552941032.jpg\",\"contentUrl\":\"https:\/\/magdalenagrande.com\/blog\/wp-content\/uploads\/2021\/09\/image_editor_output_image273036487-1631552941032.jpg\",\"width\":1080,\"height\":1286},{\"@type\":\"WebPage\",\"@id\":\"https:\/\/magdalenagrande.com\/blog\/suenos\/#webpage\",\"url\":\"https:\/\/magdalenagrande.com\/blog\/suenos\/\",\"name\":\"Sue\\u00f1os - Blog de Magdalena Grande\",\"isPartOf\":{\"@id\":\"https:\/\/magdalenagrande.com\/blog\/#website\"},\"primaryImageOfPage\":{\"@id\":\"https:\/\/magdalenagrande.com\/blog\/suenos\/#primaryimage\"},\"datePublished\":\"2021-09-13T17:09:17+00:00\",\"dateModified\":\"2021-09-13T17:09:23+00:00\",\"author\":{\"@id\":\"https:\/\/magdalenagrande.com\/blog\/#\/schema\/person\/f8460fd9e22f0d0d09ef55ae7a4f6791\"},\"breadcrumb\":{\"@id\":\"https:\/\/magdalenagrande.com\/blog\/suenos\/#breadcrumb\"},\"inLanguage\":\"es\",\"potentialAction\":[{\"@type\":\"ReadAction\",\"target\":[\"https:\/\/magdalenagrande.com\/blog\/suenos\/\"]}]},{\"@type\":\"BreadcrumbList\",\"@id\":\"https:\/\/magdalenagrande.com\/blog\/suenos\/#breadcrumb\",\"itemListElement\":[{\"@type\":\"ListItem\",\"position\":1,\"name\":\"Portada\",\"item\":\"https:\/\/magdalenagrande.com\/blog\/\"},{\"@type\":\"ListItem\",\"position\":2,\"name\":\"Sue\\u00f1os\"}]},{\"@type\":\"Person\",\"@id\":\"https:\/\/magdalenagrande.com\/blog\/#\/schema\/person\/f8460fd9e22f0d0d09ef55ae7a4f6791\",\"name\":\"magdalena_grande\"}]}<\/script>\n<!-- \/ Yoast SEO plugin. -->","yoast_head_json":{"title":"Sue\u00f1os - Blog de Magdalena Grande","robots":{"index":"index","follow":"follow","max-snippet":"max-snippet:-1","max-image-preview":"max-image-preview:large","max-video-preview":"max-video-preview:-1"},"canonical":"https:\/\/magdalenagrande.com\/blog\/suenos\/","og_locale":"es_ES","og_type":"article","og_title":"Sue\u00f1os - Blog de Magdalena Grande","og_description":"\u00bfCu\u00e1les son tus sue\u00f1os? Ayer habl\u00e1bamos sobre sentirse agradecidos &#8216;por lo que s\u00ed&#8217; y creo que es esencial no perder esa perspectiva hoy que vamos a hablar de sue\u00f1os. Este ser\u00eda el primer paso: ser conscientes y realistas respecto a nuestro punto de partida. Agradecer aquello que s\u00ed tenemos y somos. Tener sue\u00f1os y aspiraciones [&hellip;]","og_url":"https:\/\/magdalenagrande.com\/blog\/suenos\/","og_site_name":"Blog de Magdalena Grande","article_published_time":"2021-09-13T17:09:17+00:00","article_modified_time":"2021-09-13T17:09:23+00:00","og_image":[{"url":"https:\/\/magdalenagrande.com\/blog\/wp-content\/uploads\/2021\/09\/image_editor_output_image273036487-1631552941032-860x1024.jpg"}],"twitter_card":"summary","twitter_misc":{"Escrito por":"magdalena_grande","Tiempo de lectura":"2 minutos"},"schema":{"@context":"https:\/\/schema.org","@graph":[{"@type":"WebSite","@id":"https:\/\/magdalenagrande.com\/blog\/#website","url":"https:\/\/magdalenagrande.com\/blog\/","name":"Blog de Magdalena Grande","description":"Crecimiento personal, alta sensibilidad y educaci\u00f3n emocional","potentialAction":[{"@type":"SearchAction","target":{"@type":"EntryPoint","urlTemplate":"https:\/\/magdalenagrande.com\/blog\/?s={search_term_string}"},"query-input":"required name=search_term_string"}],"inLanguage":"es"},{"@type":"ImageObject","@id":"https:\/\/magdalenagrande.com\/blog\/suenos\/#primaryimage","inLanguage":"es","url":"https:\/\/magdalenagrande.com\/blog\/wp-content\/uploads\/2021\/09\/image_editor_output_image273036487-1631552941032.jpg","contentUrl":"https:\/\/magdalenagrande.com\/blog\/wp-content\/uploads\/2021\/09\/image_editor_output_image273036487-1631552941032.jpg","width":1080,"height":1286},{"@type":"WebPage","@id":"https:\/\/magdalenagrande.com\/blog\/suenos\/#webpage","url":"https:\/\/magdalenagrande.com\/blog\/suenos\/","name":"Sue\u00f1os - Blog de Magdalena Grande","isPartOf":{"@id":"https:\/\/magdalenagrande.com\/blog\/#website"},"primaryImageOfPage":{"@id":"https:\/\/magdalenagrande.com\/blog\/suenos\/#primaryimage"},"datePublished":"2021-09-13T17:09:17+00:00","dateModified":"2021-09-13T17:09:23+00:00","author":{"@id":"https:\/\/magdalenagrande.com\/blog\/#\/schema\/person\/f8460fd9e22f0d0d09ef55ae7a4f6791"},"breadcrumb":{"@id":"https:\/\/magdalenagrande.com\/blog\/suenos\/#breadcrumb"},"inLanguage":"es","potentialAction":[{"@type":"ReadAction","target":["https:\/\/magdalenagrande.com\/blog\/suenos\/"]}]},{"@type":"BreadcrumbList","@id":"https:\/\/magdalenagrande.com\/blog\/suenos\/#breadcrumb","itemListElement":[{"@type":"ListItem","position":1,"name":"Portada","item":"https:\/\/magdalenagrande.com\/blog\/"},{"@type":"ListItem","position":2,"name":"Sue\u00f1os"}]},{"@type":"Person","@id":"https:\/\/magdalenagrande.com\/blog\/#\/schema\/person\/f8460fd9e22f0d0d09ef55ae7a4f6791","name":"magdalena_grande"}]}},"_links":{"self":[{"href":"https:\/\/magdalenagrande.com\/blog\/wp-json\/wp\/v2\/posts\/449","targetHints":{"allow":["GET"]}}],"collection":[{"href":"https:\/\/magdalenagrande.com\/blog\/wp-json\/wp\/v2\/posts"}],"about":[{"href":"https:\/\/magdalenagrande.com\/blog\/wp-json\/wp\/v2\/types\/post"}],"author":[{"embeddable":true,"href":"https:\/\/magdalenagrande.com\/blog\/wp-json\/wp\/v2\/users\/1"}],"replies":[{"embeddable":true,"href":"https:\/\/magdalenagrande.com\/blog\/wp-json\/wp\/v2\/comments?post=449"}],"version-history":[{"count":1,"href":"https:\/\/magdalenagrande.com\/blog\/wp-json\/wp\/v2\/posts\/449\/revisions"}],"predecessor-version":[{"id":450,"href":"https:\/\/magdalenagrande.com\/blog\/wp-json\/wp\/v2\/posts\/449\/revisions\/450"}],"wp:attachment":[{"href":"https:\/\/magdalenagrande.com\/blog\/wp-json\/wp\/v2\/media?parent=449"}],"wp:term":[{"taxonomy":"category","embeddable":true,"href":"https:\/\/magdalenagrande.com\/blog\/wp-json\/wp\/v2\/categories?post=449"},{"taxonomy":"post_tag","embeddable":true,"href":"https:\/\/magdalenagrande.com\/blog\/wp-json\/wp\/v2\/tags?post=449"}],"curies":[{"name":"wp","href":"https:\/\/api.w.org\/{rel}","templated":true}]}}