{"id":45,"date":"2016-11-16T10:23:03","date_gmt":"2016-11-16T10:23:03","guid":{"rendered":"http:\/\/magdalenagrande.com\/blog\/?p=45"},"modified":"2016-11-11T10:29:51","modified_gmt":"2016-11-11T10:29:51","slug":"la-terapia-del-silencio","status":"publish","type":"post","link":"https:\/\/magdalenagrande.com\/blog\/la-terapia-del-silencio\/","title":{"rendered":"La terapia del silencio"},"content":{"rendered":"<h3><strong>\u00bfOs dais cuenta de cu\u00e1nta falta os hace el silencio? <\/strong><\/h3>\n<p>Tal vez es una pregunta que no os hagan muy a menudo, pero pensadlo un segundo (si es en silencio mucho mejor).<\/p>\n<p>El otro d\u00eda le\u00ed un art\u00edculo que dec\u00eda que para aumentar nuestro bienestar y nuestra salud, en niveles cerebral y cardiovascular, necesitar\u00edamos dos horas de silencio al d\u00eda&#8230; \u00a1DOS HORAS! Imagino vuestra cara de congoja&#8230; \u00a1Imposible! S\u00f3lo viable si uno decide quitarle horas al sue\u00f1o (no m\u00e1s, por favor).<\/p>\n<p>Me gustar\u00eda que os pararais un segundo a escuchar a vuestro alrededor. Ahora mismo, s\u00ed, est\u00e9is donde est\u00e9is. Parad de leer y escuchad todo lo que hay a vuestro entorno. Quiz\u00e1 la voz de alguien que pasa por delante, el sonido de un tel\u00e9fono, las obras del vecino, los coches pasar (y pitar), gritos a lo lejos&#8230; Creo que no somos conscientes de cu\u00e1nto nos puede afectar toda esa contaminaci\u00f3n ac\u00fastica, a nuestra serenidad del d\u00eda a d\u00eda, a nuestra paz.<\/p>\n<p>En mi caso me cuesta ser consciente de esa necesidad y lo soy, sobre todo, cuando llevo un rato en puro modo off, trabajando o lo que sea, escuchando y oyendo \u00abnada\u00bb. Silencio total.<\/p>\n<p><strong>Mi mejor y peor momento: el cole<\/strong><\/p>\n<p>Por esta alta sensibilidad que me caracteriza, el peor y mejor momento del d\u00eda es cuando voy a recoger a los ni\u00f1os al colegio. Mejor por el reencuentro, verlos de nuevo, el abrazo y el \u00abme lo he pasado muy bien, voy a contarte qu\u00e9 he hecho\u00bb, las miradas, el saber que pasaremos la tarde juntos&#8230; La peor parte es la cantidad de ruido en el que nos vemos inmersos durante ese ratito de nada, los gritos, los llantos, los tirones, el \u00abvamos corriendo\u00bb, querer hacer caso a todo y a todos&#8230;<\/p>\n<p>Me agota, lo confieso.<\/p>\n<p>La realidad es que hasta que no llego al coche, cierro las puertas y me puedo concentrar de verdad es los peques no vuelvo a ser yo misma. Silencio, por fin. Silencio relativo, por supuesto!<\/p>\n<p>En esos momentos me ayuda tratar de centrarme en cosas muy concretas, en los pasos que voy dando, en el aqu\u00ed y ahora, para no dispersarme con facilidad. Y tratar de no correr, que eso s\u00f3lo a\u00f1ade tensi\u00f3n y malas caras al momento que tiene que ser para disfrutar.<\/p>\n<p>\u00bfA alguien le pasa igual? Me temo que es una caracter\u00edstica de la alta sensibilidad y si os sent\u00eds identificados seguramente tenga mucho que ver con ello. Somos PAS (personas altamente sensibles) con lo bueno y lo malo que eso implica.<\/p>\n<p><strong><br \/>\nMe ayuda&#8230;<\/strong><\/p>\n<p>Agradezco mucho los momentos de silencio y, confieso, muchas veces me escapo del mundo para encontrarlo. Me basta con un par de minutos, si no se puede m\u00e1s. Quiz\u00e1 un encierro en el ba\u00f1o, pestillo echado, y sentarse en el suelo a no pensar. Tambi\u00e9n trato de dedicarle formalmente algunos minutos antes de dormir, pero todav\u00eda no he conseguido convertirlo en un h\u00e1bito. Respira profundamente&#8230;<\/p>\n<p>Algunas ideas:<\/p>\n<p>&#8211; Procura escucharte a ti mismo y ver cu\u00e1ndo necesitas escapar.<\/p>\n<p>&#8211; Si vas en el coche no tienes por qu\u00e9 encender siempre la radio.\u00a0Tal vez\u00a0hoy no te apetece realmente escuchar nada.<\/p>\n<p>&#8211; Si tienes un rato de camino andando hacia alg\u00fan sitio, aprovecha esos minutos para respirar y centrarte en ti mismo. Aunque no hay silencio real a tu alrededor, quiz\u00e1 puedes crearlo t\u00fa mismo.<\/p>\n<p>&#8211; Encierros en el ba\u00f1o, por supuesto,\u00a0el \u00fanico lugar donde uno puede estar un rato sin que nadie venga a buscarte. Un rato, \u00bfeh?<\/p>\n<p>&#8211; Una ducha, escuchando el sonido del agua que no es silencio pero es absolutamente relajante.<\/p>\n<p>&#8211; Una escapada a la monta\u00f1a o al campo, si uno puede, es la mejor de las terapias.<\/p>\n<p>&nbsp;<\/p>\n<p>\u00bfMe cuentas tu truco?<\/p>\n<p>&nbsp;<\/p>\n<p><span style=\"color: #808080;\"><strong>Magdalena Grande<\/strong><\/span><\/p>\n<p><span style=\"color: #808080;\"><strong>Psic\u00f3loga General Sanitaria y Terapeuta de pareja en Palma de Mallorca<\/strong><\/span><\/p>\n<p><span style=\"color: #808080;\"><strong>www.magdalenagrande.com<\/strong><\/span><\/p>\n","protected":false},"excerpt":{"rendered":"<p>\u00bfOs dais cuenta de cu\u00e1nta falta os hace el silencio? Tal vez es una pregunta que no os hagan muy a menudo, pero pensadlo un segundo (si es en silencio mucho mejor). El otro d\u00eda le\u00ed un art\u00edculo que dec\u00eda que para aumentar nuestro bienestar y nuestra salud, en niveles cerebral y cardiovascular, necesitar\u00edamos dos [&hellip;]<\/p>\n","protected":false},"author":1,"featured_media":48,"comment_status":"open","ping_status":"open","sticky":false,"template":"","format":"standard","meta":{"sfsi_plus_gutenberg_text_before_share":"","sfsi_plus_gutenberg_show_text_before_share":"","sfsi_plus_gutenberg_icon_type":"","sfsi_plus_gutenberg_icon_alignemt":"","sfsi_plus_gutenburg_max_per_row":"","footnotes":""},"categories":[18],"tags":[17,16,20,19],"class_list":["post-45","post","type-post","status-publish","format-standard","has-post-thumbnail","hentry","category-aqui-y-ahora","tag-aqui-y-ahora","tag-felicidad","tag-mindfulness","tag-silencio"],"yoast_head":"<!-- This site is optimized with the Yoast SEO plugin v17.0 - https:\/\/yoast.com\/wordpress\/plugins\/seo\/ -->\n<title>La terapia del silencio - Blog de Magdalena Grande<\/title>\n<meta name=\"robots\" content=\"index, follow, max-snippet:-1, max-image-preview:large, max-video-preview:-1\" \/>\n<link rel=\"canonical\" href=\"https:\/\/magdalenagrande.com\/blog\/la-terapia-del-silencio\/\" \/>\n<meta property=\"og:locale\" content=\"es_ES\" \/>\n<meta property=\"og:type\" content=\"article\" \/>\n<meta property=\"og:title\" content=\"La terapia del silencio - Blog de Magdalena Grande\" \/>\n<meta property=\"og:description\" content=\"\u00bfOs dais cuenta de cu\u00e1nta falta os hace el silencio? Tal vez es una pregunta que no os hagan muy a menudo, pero pensadlo un segundo (si es en silencio mucho mejor). El otro d\u00eda le\u00ed un art\u00edculo que dec\u00eda que para aumentar nuestro bienestar y nuestra salud, en niveles cerebral y cardiovascular, necesitar\u00edamos dos [&hellip;]\" \/>\n<meta property=\"og:url\" content=\"https:\/\/magdalenagrande.com\/blog\/la-terapia-del-silencio\/\" \/>\n<meta property=\"og:site_name\" content=\"Blog de Magdalena Grande\" \/>\n<meta property=\"article:published_time\" content=\"2016-11-16T10:23:03+00:00\" \/>\n<meta property=\"article:modified_time\" content=\"2016-11-11T10:29:51+00:00\" \/>\n<meta property=\"og:image\" content=\"http:\/\/magdalenagrande.com\/blog\/wp-content\/uploads\/2016\/11\/Stephan-Kunze1.jpg\" \/>\n\t<meta property=\"og:image:width\" content=\"800\" \/>\n\t<meta property=\"og:image:height\" content=\"534\" \/>\n<meta name=\"twitter:card\" content=\"summary\" \/>\n<meta name=\"twitter:label1\" content=\"Escrito por\" \/>\n\t<meta name=\"twitter:data1\" content=\"magdalena_grande\" \/>\n\t<meta name=\"twitter:label2\" content=\"Tiempo de lectura\" \/>\n\t<meta name=\"twitter:data2\" content=\"3 minutos\" \/>\n<script type=\"application\/ld+json\" class=\"yoast-schema-graph\">{\"@context\":\"https:\/\/schema.org\",\"@graph\":[{\"@type\":\"WebSite\",\"@id\":\"https:\/\/magdalenagrande.com\/blog\/#website\",\"url\":\"https:\/\/magdalenagrande.com\/blog\/\",\"name\":\"Blog de Magdalena Grande\",\"description\":\"Crecimiento personal, alta sensibilidad y educaci\\u00f3n emocional\",\"potentialAction\":[{\"@type\":\"SearchAction\",\"target\":{\"@type\":\"EntryPoint\",\"urlTemplate\":\"https:\/\/magdalenagrande.com\/blog\/?s={search_term_string}\"},\"query-input\":\"required name=search_term_string\"}],\"inLanguage\":\"es\"},{\"@type\":\"ImageObject\",\"@id\":\"https:\/\/magdalenagrande.com\/blog\/la-terapia-del-silencio\/#primaryimage\",\"inLanguage\":\"es\",\"url\":\"https:\/\/magdalenagrande.com\/blog\/wp-content\/uploads\/2016\/11\/Stephan-Kunze1.jpg\",\"contentUrl\":\"https:\/\/magdalenagrande.com\/blog\/wp-content\/uploads\/2016\/11\/Stephan-Kunze1.jpg\",\"width\":800,\"height\":534,\"caption\":\"Stephan Kunze\"},{\"@type\":\"WebPage\",\"@id\":\"https:\/\/magdalenagrande.com\/blog\/la-terapia-del-silencio\/#webpage\",\"url\":\"https:\/\/magdalenagrande.com\/blog\/la-terapia-del-silencio\/\",\"name\":\"La terapia del silencio - Blog de Magdalena Grande\",\"isPartOf\":{\"@id\":\"https:\/\/magdalenagrande.com\/blog\/#website\"},\"primaryImageOfPage\":{\"@id\":\"https:\/\/magdalenagrande.com\/blog\/la-terapia-del-silencio\/#primaryimage\"},\"datePublished\":\"2016-11-16T10:23:03+00:00\",\"dateModified\":\"2016-11-11T10:29:51+00:00\",\"author\":{\"@id\":\"https:\/\/magdalenagrande.com\/blog\/#\/schema\/person\/f8460fd9e22f0d0d09ef55ae7a4f6791\"},\"breadcrumb\":{\"@id\":\"https:\/\/magdalenagrande.com\/blog\/la-terapia-del-silencio\/#breadcrumb\"},\"inLanguage\":\"es\",\"potentialAction\":[{\"@type\":\"ReadAction\",\"target\":[\"https:\/\/magdalenagrande.com\/blog\/la-terapia-del-silencio\/\"]}]},{\"@type\":\"BreadcrumbList\",\"@id\":\"https:\/\/magdalenagrande.com\/blog\/la-terapia-del-silencio\/#breadcrumb\",\"itemListElement\":[{\"@type\":\"ListItem\",\"position\":1,\"name\":\"Portada\",\"item\":\"https:\/\/magdalenagrande.com\/blog\/\"},{\"@type\":\"ListItem\",\"position\":2,\"name\":\"La terapia del silencio\"}]},{\"@type\":\"Person\",\"@id\":\"https:\/\/magdalenagrande.com\/blog\/#\/schema\/person\/f8460fd9e22f0d0d09ef55ae7a4f6791\",\"name\":\"magdalena_grande\"}]}<\/script>\n<!-- \/ Yoast SEO plugin. -->","yoast_head_json":{"title":"La terapia del silencio - Blog de Magdalena Grande","robots":{"index":"index","follow":"follow","max-snippet":"max-snippet:-1","max-image-preview":"max-image-preview:large","max-video-preview":"max-video-preview:-1"},"canonical":"https:\/\/magdalenagrande.com\/blog\/la-terapia-del-silencio\/","og_locale":"es_ES","og_type":"article","og_title":"La terapia del silencio - Blog de Magdalena Grande","og_description":"\u00bfOs dais cuenta de cu\u00e1nta falta os hace el silencio? Tal vez es una pregunta que no os hagan muy a menudo, pero pensadlo un segundo (si es en silencio mucho mejor). El otro d\u00eda le\u00ed un art\u00edculo que dec\u00eda que para aumentar nuestro bienestar y nuestra salud, en niveles cerebral y cardiovascular, necesitar\u00edamos dos [&hellip;]","og_url":"https:\/\/magdalenagrande.com\/blog\/la-terapia-del-silencio\/","og_site_name":"Blog de Magdalena Grande","article_published_time":"2016-11-16T10:23:03+00:00","article_modified_time":"2016-11-11T10:29:51+00:00","og_image":[{"width":800,"height":534,"url":"http:\/\/magdalenagrande.com\/blog\/wp-content\/uploads\/2016\/11\/Stephan-Kunze1.jpg","path":"\/home\/largecupcake\/public_html\/blog\/wp-content\/uploads\/2016\/11\/Stephan-Kunze1.jpg","size":"full","id":48,"alt":"","pixels":427200,"type":"image\/jpeg"}],"twitter_card":"summary","twitter_misc":{"Escrito por":"magdalena_grande","Tiempo de lectura":"3 minutos"},"schema":{"@context":"https:\/\/schema.org","@graph":[{"@type":"WebSite","@id":"https:\/\/magdalenagrande.com\/blog\/#website","url":"https:\/\/magdalenagrande.com\/blog\/","name":"Blog de Magdalena Grande","description":"Crecimiento personal, alta sensibilidad y educaci\u00f3n emocional","potentialAction":[{"@type":"SearchAction","target":{"@type":"EntryPoint","urlTemplate":"https:\/\/magdalenagrande.com\/blog\/?s={search_term_string}"},"query-input":"required name=search_term_string"}],"inLanguage":"es"},{"@type":"ImageObject","@id":"https:\/\/magdalenagrande.com\/blog\/la-terapia-del-silencio\/#primaryimage","inLanguage":"es","url":"https:\/\/magdalenagrande.com\/blog\/wp-content\/uploads\/2016\/11\/Stephan-Kunze1.jpg","contentUrl":"https:\/\/magdalenagrande.com\/blog\/wp-content\/uploads\/2016\/11\/Stephan-Kunze1.jpg","width":800,"height":534,"caption":"Stephan Kunze"},{"@type":"WebPage","@id":"https:\/\/magdalenagrande.com\/blog\/la-terapia-del-silencio\/#webpage","url":"https:\/\/magdalenagrande.com\/blog\/la-terapia-del-silencio\/","name":"La terapia del silencio - Blog de Magdalena Grande","isPartOf":{"@id":"https:\/\/magdalenagrande.com\/blog\/#website"},"primaryImageOfPage":{"@id":"https:\/\/magdalenagrande.com\/blog\/la-terapia-del-silencio\/#primaryimage"},"datePublished":"2016-11-16T10:23:03+00:00","dateModified":"2016-11-11T10:29:51+00:00","author":{"@id":"https:\/\/magdalenagrande.com\/blog\/#\/schema\/person\/f8460fd9e22f0d0d09ef55ae7a4f6791"},"breadcrumb":{"@id":"https:\/\/magdalenagrande.com\/blog\/la-terapia-del-silencio\/#breadcrumb"},"inLanguage":"es","potentialAction":[{"@type":"ReadAction","target":["https:\/\/magdalenagrande.com\/blog\/la-terapia-del-silencio\/"]}]},{"@type":"BreadcrumbList","@id":"https:\/\/magdalenagrande.com\/blog\/la-terapia-del-silencio\/#breadcrumb","itemListElement":[{"@type":"ListItem","position":1,"name":"Portada","item":"https:\/\/magdalenagrande.com\/blog\/"},{"@type":"ListItem","position":2,"name":"La terapia del silencio"}]},{"@type":"Person","@id":"https:\/\/magdalenagrande.com\/blog\/#\/schema\/person\/f8460fd9e22f0d0d09ef55ae7a4f6791","name":"magdalena_grande"}]}},"_links":{"self":[{"href":"https:\/\/magdalenagrande.com\/blog\/wp-json\/wp\/v2\/posts\/45","targetHints":{"allow":["GET"]}}],"collection":[{"href":"https:\/\/magdalenagrande.com\/blog\/wp-json\/wp\/v2\/posts"}],"about":[{"href":"https:\/\/magdalenagrande.com\/blog\/wp-json\/wp\/v2\/types\/post"}],"author":[{"embeddable":true,"href":"https:\/\/magdalenagrande.com\/blog\/wp-json\/wp\/v2\/users\/1"}],"replies":[{"embeddable":true,"href":"https:\/\/magdalenagrande.com\/blog\/wp-json\/wp\/v2\/comments?post=45"}],"version-history":[{"count":1,"href":"https:\/\/magdalenagrande.com\/blog\/wp-json\/wp\/v2\/posts\/45\/revisions"}],"predecessor-version":[{"id":49,"href":"https:\/\/magdalenagrande.com\/blog\/wp-json\/wp\/v2\/posts\/45\/revisions\/49"}],"wp:featuredmedia":[{"embeddable":true,"href":"https:\/\/magdalenagrande.com\/blog\/wp-json\/wp\/v2\/media\/48"}],"wp:attachment":[{"href":"https:\/\/magdalenagrande.com\/blog\/wp-json\/wp\/v2\/media?parent=45"}],"wp:term":[{"taxonomy":"category","embeddable":true,"href":"https:\/\/magdalenagrande.com\/blog\/wp-json\/wp\/v2\/categories?post=45"},{"taxonomy":"post_tag","embeddable":true,"href":"https:\/\/magdalenagrande.com\/blog\/wp-json\/wp\/v2\/tags?post=45"}],"curies":[{"name":"wp","href":"https:\/\/api.w.org\/{rel}","templated":true}]}}