{"id":452,"date":"2021-09-13T17:11:10","date_gmt":"2021-09-13T17:11:10","guid":{"rendered":"https:\/\/magdalenagrande.com\/blog\/?p=452"},"modified":"2021-09-13T17:11:34","modified_gmt":"2021-09-13T17:11:34","slug":"que-esconde-el-nino-interior","status":"publish","type":"post","link":"https:\/\/magdalenagrande.com\/blog\/que-esconde-el-nino-interior\/","title":{"rendered":"\u00bfQu\u00e9 esconde el ni\u00f1o interior?"},"content":{"rendered":"\n<p>\u00bfC\u00f3mo est\u00e1 tu ni\u00f1o interior?<\/p>\n\n\n\n<p>\u00bfC\u00f3mo son los entresijos de la ni\u00f1a interior?<\/p>\n\n\n\n<p>Llevo a\u00f1os trabajando a mi ni\u00f1a interior y tomando consciencia. Tuve una infancia feliz, una adolescencia un poco m\u00e1s movidita pero me pregunto: si mi pobre ni\u00f1a interior est\u00e1 cargada de dolor habiendo tenido una vida de lo m\u00e1s feliz, \u00bfc\u00f3mo estar\u00e1 el\/la de aquellos que lo han pasado realmente mal?<\/p>\n\n\n\n<p>Nuestro ni\u00f1o interior se queda herido, aunque nuestros padres lo hayan hecho de f\u00e1bula, aunque nuestra infancia haya sido feliz. La herida es la necesaria para poder aprender y evolucionar.<\/p>\n\n\n\n<p>En alg\u00fan momento de nuestra vida aparece la necesidad de poner atenci\u00f3n en esta figura del ni\u00f1o interior que representa todo aquello que guardamos en nuestro foro m\u00e1s interno. Algunos de estos aspectos son claros y somos plenamente conscientes de ellos, otros ni imaginamos que existen. El ni\u00f1o y la ni\u00f1a interior guardan aspectos maravillosos como nuestra creatividad, la capacidad y sabidur\u00eda del juego, la alegr\u00eda infinita&#8230; Pero tambi\u00e9n guardan la necesidad de amor y de ser sostenido, reconocido y cuidado, las heridas emocionales profundas&#8230; Es un mix de lo m\u00e1s variado y completo.<\/p>\n\n\n\n<p>Uno entonces va indagando y sanando, cada aspecto como se puede. Vas profundizando por capas y descubriendo cada vez m\u00e1s los entresijos de tu ni\u00f1a. En mi caso es un laberinto enorme. Sigo zambull\u00e9ndome y aprendiendo.<\/p>\n\n\n\n<p>Empiezo a tener la sensaci\u00f3n de que este trabajo, realmente, no termina nunca.<\/p>\n\n\n\n<p>\u00bfQu\u00e9 sabes de tu ni\u00f1a interior?<\/p>\n\n\n\n<p>#ni\u00f1ainterior #PAS #personasaltamentesensibles #psicolog\u00eda #sensibilidadconsciente #altasensibilidad #magdalenagrande #consultaonline #terapiaonline #cursoaltasensibilidad #cursoparapas<\/p>\n\n\n\n<p>@personas_altamente_sensibles<\/p>\n\n\n\n<p>Www.magdalenagrande.com <\/p>\n\n\n\n<figure class=\"wp-block-image size-large\"><img loading=\"lazy\" decoding=\"async\" width=\"887\" height=\"1024\" src=\"https:\/\/magdalenagrande.com\/blog\/wp-content\/uploads\/2021\/09\/image_editor_output_image-1613151536-1631553055675-887x1024.jpg\" alt=\"\" class=\"wp-image-451\" srcset=\"https:\/\/magdalenagrande.com\/blog\/wp-content\/uploads\/2021\/09\/image_editor_output_image-1613151536-1631553055675-887x1024.jpg 887w, https:\/\/magdalenagrande.com\/blog\/wp-content\/uploads\/2021\/09\/image_editor_output_image-1613151536-1631553055675-260x300.jpg 260w, https:\/\/magdalenagrande.com\/blog\/wp-content\/uploads\/2021\/09\/image_editor_output_image-1613151536-1631553055675-768x886.jpg 768w, https:\/\/magdalenagrande.com\/blog\/wp-content\/uploads\/2021\/09\/image_editor_output_image-1613151536-1631553055675.jpg 1066w\" sizes=\"auto, (max-width: 887px) 100vw, 887px\" \/><\/figure>\n","protected":false},"excerpt":{"rendered":"<p>\u00bfC\u00f3mo est\u00e1 tu ni\u00f1o interior? \u00bfC\u00f3mo son los entresijos de la ni\u00f1a interior? Llevo a\u00f1os trabajando a mi ni\u00f1a interior y tomando consciencia. Tuve una infancia feliz, una adolescencia un poco m\u00e1s movidita pero me pregunto: si mi pobre ni\u00f1a interior est\u00e1 cargada de dolor habiendo tenido una vida de lo m\u00e1s feliz, \u00bfc\u00f3mo estar\u00e1 [&hellip;]<\/p>\n","protected":false},"author":1,"featured_media":0,"comment_status":"closed","ping_status":"closed","sticky":false,"template":"","format":"standard","meta":{"sfsi_plus_gutenberg_text_before_share":"","sfsi_plus_gutenberg_show_text_before_share":"","sfsi_plus_gutenberg_icon_type":"","sfsi_plus_gutenberg_icon_alignemt":"","sfsi_plus_gutenburg_max_per_row":"","footnotes":""},"categories":[72,65,77],"tags":[],"class_list":["post-452","post","type-post","status-publish","format-standard","hentry","category-crecimiento-personal","category-personas-y-ninos-altamente-sensibles","category-preguntas-alta-sensibilidad"],"yoast_head":"<!-- This site is optimized with the Yoast SEO plugin v17.0 - https:\/\/yoast.com\/wordpress\/plugins\/seo\/ -->\n<title>\u00bfQu\u00e9 esconde el ni\u00f1o interior? - Blog de Magdalena Grande<\/title>\n<meta name=\"robots\" content=\"index, follow, max-snippet:-1, max-image-preview:large, max-video-preview:-1\" \/>\n<link rel=\"canonical\" href=\"https:\/\/magdalenagrande.com\/blog\/que-esconde-el-nino-interior\/\" \/>\n<meta property=\"og:locale\" content=\"es_ES\" \/>\n<meta property=\"og:type\" content=\"article\" \/>\n<meta property=\"og:title\" content=\"\u00bfQu\u00e9 esconde el ni\u00f1o interior? - Blog de Magdalena Grande\" \/>\n<meta property=\"og:description\" content=\"\u00bfC\u00f3mo est\u00e1 tu ni\u00f1o interior? \u00bfC\u00f3mo son los entresijos de la ni\u00f1a interior? Llevo a\u00f1os trabajando a mi ni\u00f1a interior y tomando consciencia. Tuve una infancia feliz, una adolescencia un poco m\u00e1s movidita pero me pregunto: si mi pobre ni\u00f1a interior est\u00e1 cargada de dolor habiendo tenido una vida de lo m\u00e1s feliz, \u00bfc\u00f3mo estar\u00e1 [&hellip;]\" \/>\n<meta property=\"og:url\" content=\"https:\/\/magdalenagrande.com\/blog\/que-esconde-el-nino-interior\/\" \/>\n<meta property=\"og:site_name\" content=\"Blog de Magdalena Grande\" \/>\n<meta property=\"article:published_time\" content=\"2021-09-13T17:11:10+00:00\" \/>\n<meta property=\"article:modified_time\" content=\"2021-09-13T17:11:34+00:00\" \/>\n<meta property=\"og:image\" content=\"https:\/\/magdalenagrande.com\/blog\/wp-content\/uploads\/2021\/09\/image_editor_output_image-1613151536-1631553055675-887x1024.jpg\" \/>\n<meta name=\"twitter:card\" content=\"summary\" \/>\n<meta name=\"twitter:label1\" content=\"Escrito por\" \/>\n\t<meta name=\"twitter:data1\" content=\"magdalena_grande\" \/>\n\t<meta name=\"twitter:label2\" content=\"Tiempo de lectura\" \/>\n\t<meta name=\"twitter:data2\" content=\"1 minuto\" \/>\n<script type=\"application\/ld+json\" class=\"yoast-schema-graph\">{\"@context\":\"https:\/\/schema.org\",\"@graph\":[{\"@type\":\"WebSite\",\"@id\":\"https:\/\/magdalenagrande.com\/blog\/#website\",\"url\":\"https:\/\/magdalenagrande.com\/blog\/\",\"name\":\"Blog de Magdalena Grande\",\"description\":\"Crecimiento personal, alta sensibilidad y educaci\\u00f3n emocional\",\"potentialAction\":[{\"@type\":\"SearchAction\",\"target\":{\"@type\":\"EntryPoint\",\"urlTemplate\":\"https:\/\/magdalenagrande.com\/blog\/?s={search_term_string}\"},\"query-input\":\"required name=search_term_string\"}],\"inLanguage\":\"es\"},{\"@type\":\"ImageObject\",\"@id\":\"https:\/\/magdalenagrande.com\/blog\/que-esconde-el-nino-interior\/#primaryimage\",\"inLanguage\":\"es\",\"url\":\"https:\/\/magdalenagrande.com\/blog\/wp-content\/uploads\/2021\/09\/image_editor_output_image-1613151536-1631553055675.jpg\",\"contentUrl\":\"https:\/\/magdalenagrande.com\/blog\/wp-content\/uploads\/2021\/09\/image_editor_output_image-1613151536-1631553055675.jpg\",\"width\":1066,\"height\":1230},{\"@type\":\"WebPage\",\"@id\":\"https:\/\/magdalenagrande.com\/blog\/que-esconde-el-nino-interior\/#webpage\",\"url\":\"https:\/\/magdalenagrande.com\/blog\/que-esconde-el-nino-interior\/\",\"name\":\"\\u00bfQu\\u00e9 esconde el ni\\u00f1o interior? - Blog de Magdalena Grande\",\"isPartOf\":{\"@id\":\"https:\/\/magdalenagrande.com\/blog\/#website\"},\"primaryImageOfPage\":{\"@id\":\"https:\/\/magdalenagrande.com\/blog\/que-esconde-el-nino-interior\/#primaryimage\"},\"datePublished\":\"2021-09-13T17:11:10+00:00\",\"dateModified\":\"2021-09-13T17:11:34+00:00\",\"author\":{\"@id\":\"https:\/\/magdalenagrande.com\/blog\/#\/schema\/person\/f8460fd9e22f0d0d09ef55ae7a4f6791\"},\"breadcrumb\":{\"@id\":\"https:\/\/magdalenagrande.com\/blog\/que-esconde-el-nino-interior\/#breadcrumb\"},\"inLanguage\":\"es\",\"potentialAction\":[{\"@type\":\"ReadAction\",\"target\":[\"https:\/\/magdalenagrande.com\/blog\/que-esconde-el-nino-interior\/\"]}]},{\"@type\":\"BreadcrumbList\",\"@id\":\"https:\/\/magdalenagrande.com\/blog\/que-esconde-el-nino-interior\/#breadcrumb\",\"itemListElement\":[{\"@type\":\"ListItem\",\"position\":1,\"name\":\"Portada\",\"item\":\"https:\/\/magdalenagrande.com\/blog\/\"},{\"@type\":\"ListItem\",\"position\":2,\"name\":\"\\u00bfQu\\u00e9 esconde el ni\\u00f1o interior?\"}]},{\"@type\":\"Person\",\"@id\":\"https:\/\/magdalenagrande.com\/blog\/#\/schema\/person\/f8460fd9e22f0d0d09ef55ae7a4f6791\",\"name\":\"magdalena_grande\"}]}<\/script>\n<!-- \/ Yoast SEO plugin. -->","yoast_head_json":{"title":"\u00bfQu\u00e9 esconde el ni\u00f1o interior? - Blog de Magdalena Grande","robots":{"index":"index","follow":"follow","max-snippet":"max-snippet:-1","max-image-preview":"max-image-preview:large","max-video-preview":"max-video-preview:-1"},"canonical":"https:\/\/magdalenagrande.com\/blog\/que-esconde-el-nino-interior\/","og_locale":"es_ES","og_type":"article","og_title":"\u00bfQu\u00e9 esconde el ni\u00f1o interior? - Blog de Magdalena Grande","og_description":"\u00bfC\u00f3mo est\u00e1 tu ni\u00f1o interior? \u00bfC\u00f3mo son los entresijos de la ni\u00f1a interior? Llevo a\u00f1os trabajando a mi ni\u00f1a interior y tomando consciencia. Tuve una infancia feliz, una adolescencia un poco m\u00e1s movidita pero me pregunto: si mi pobre ni\u00f1a interior est\u00e1 cargada de dolor habiendo tenido una vida de lo m\u00e1s feliz, \u00bfc\u00f3mo estar\u00e1 [&hellip;]","og_url":"https:\/\/magdalenagrande.com\/blog\/que-esconde-el-nino-interior\/","og_site_name":"Blog de Magdalena Grande","article_published_time":"2021-09-13T17:11:10+00:00","article_modified_time":"2021-09-13T17:11:34+00:00","og_image":[{"url":"https:\/\/magdalenagrande.com\/blog\/wp-content\/uploads\/2021\/09\/image_editor_output_image-1613151536-1631553055675-887x1024.jpg"}],"twitter_card":"summary","twitter_misc":{"Escrito por":"magdalena_grande","Tiempo de lectura":"1 minuto"},"schema":{"@context":"https:\/\/schema.org","@graph":[{"@type":"WebSite","@id":"https:\/\/magdalenagrande.com\/blog\/#website","url":"https:\/\/magdalenagrande.com\/blog\/","name":"Blog de Magdalena Grande","description":"Crecimiento personal, alta sensibilidad y educaci\u00f3n emocional","potentialAction":[{"@type":"SearchAction","target":{"@type":"EntryPoint","urlTemplate":"https:\/\/magdalenagrande.com\/blog\/?s={search_term_string}"},"query-input":"required name=search_term_string"}],"inLanguage":"es"},{"@type":"ImageObject","@id":"https:\/\/magdalenagrande.com\/blog\/que-esconde-el-nino-interior\/#primaryimage","inLanguage":"es","url":"https:\/\/magdalenagrande.com\/blog\/wp-content\/uploads\/2021\/09\/image_editor_output_image-1613151536-1631553055675.jpg","contentUrl":"https:\/\/magdalenagrande.com\/blog\/wp-content\/uploads\/2021\/09\/image_editor_output_image-1613151536-1631553055675.jpg","width":1066,"height":1230},{"@type":"WebPage","@id":"https:\/\/magdalenagrande.com\/blog\/que-esconde-el-nino-interior\/#webpage","url":"https:\/\/magdalenagrande.com\/blog\/que-esconde-el-nino-interior\/","name":"\u00bfQu\u00e9 esconde el ni\u00f1o interior? - Blog de Magdalena Grande","isPartOf":{"@id":"https:\/\/magdalenagrande.com\/blog\/#website"},"primaryImageOfPage":{"@id":"https:\/\/magdalenagrande.com\/blog\/que-esconde-el-nino-interior\/#primaryimage"},"datePublished":"2021-09-13T17:11:10+00:00","dateModified":"2021-09-13T17:11:34+00:00","author":{"@id":"https:\/\/magdalenagrande.com\/blog\/#\/schema\/person\/f8460fd9e22f0d0d09ef55ae7a4f6791"},"breadcrumb":{"@id":"https:\/\/magdalenagrande.com\/blog\/que-esconde-el-nino-interior\/#breadcrumb"},"inLanguage":"es","potentialAction":[{"@type":"ReadAction","target":["https:\/\/magdalenagrande.com\/blog\/que-esconde-el-nino-interior\/"]}]},{"@type":"BreadcrumbList","@id":"https:\/\/magdalenagrande.com\/blog\/que-esconde-el-nino-interior\/#breadcrumb","itemListElement":[{"@type":"ListItem","position":1,"name":"Portada","item":"https:\/\/magdalenagrande.com\/blog\/"},{"@type":"ListItem","position":2,"name":"\u00bfQu\u00e9 esconde el ni\u00f1o interior?"}]},{"@type":"Person","@id":"https:\/\/magdalenagrande.com\/blog\/#\/schema\/person\/f8460fd9e22f0d0d09ef55ae7a4f6791","name":"magdalena_grande"}]}},"_links":{"self":[{"href":"https:\/\/magdalenagrande.com\/blog\/wp-json\/wp\/v2\/posts\/452","targetHints":{"allow":["GET"]}}],"collection":[{"href":"https:\/\/magdalenagrande.com\/blog\/wp-json\/wp\/v2\/posts"}],"about":[{"href":"https:\/\/magdalenagrande.com\/blog\/wp-json\/wp\/v2\/types\/post"}],"author":[{"embeddable":true,"href":"https:\/\/magdalenagrande.com\/blog\/wp-json\/wp\/v2\/users\/1"}],"replies":[{"embeddable":true,"href":"https:\/\/magdalenagrande.com\/blog\/wp-json\/wp\/v2\/comments?post=452"}],"version-history":[{"count":1,"href":"https:\/\/magdalenagrande.com\/blog\/wp-json\/wp\/v2\/posts\/452\/revisions"}],"predecessor-version":[{"id":453,"href":"https:\/\/magdalenagrande.com\/blog\/wp-json\/wp\/v2\/posts\/452\/revisions\/453"}],"wp:attachment":[{"href":"https:\/\/magdalenagrande.com\/blog\/wp-json\/wp\/v2\/media?parent=452"}],"wp:term":[{"taxonomy":"category","embeddable":true,"href":"https:\/\/magdalenagrande.com\/blog\/wp-json\/wp\/v2\/categories?post=452"},{"taxonomy":"post_tag","embeddable":true,"href":"https:\/\/magdalenagrande.com\/blog\/wp-json\/wp\/v2\/tags?post=452"}],"curies":[{"name":"wp","href":"https:\/\/api.w.org\/{rel}","templated":true}]}}