{"id":470,"date":"2021-09-13T17:20:37","date_gmt":"2021-09-13T17:20:37","guid":{"rendered":"https:\/\/magdalenagrande.com\/blog\/?p=470"},"modified":"2021-09-13T17:20:43","modified_gmt":"2021-09-13T17:20:43","slug":"somos-los-pas-mas-sonadores","status":"publish","type":"post","link":"https:\/\/magdalenagrande.com\/blog\/somos-los-pas-mas-sonadores\/","title":{"rendered":"\u00bfSomos los PAS m\u00e1s so\u00f1adores?"},"content":{"rendered":"\n<p>Abramos debate&#8230;<\/p>\n\n\n\n<p>\u00bfSientes que eres m\u00e1s so\u00f1ador que el resto fe personas que conoces? \u00bfCrees que eso se puede deber a tener un nivel de sensibilidad m\u00e1s elevado?<\/p>\n\n\n\n<p>Yo no tengo ni idea pero he estado dando vueltas a este tema y me encantar\u00eda conocer tu opini\u00f3n.<\/p>\n\n\n\n<p>En mi caso, s\u00ed a todo 100%. Siempre he sido de montarme historias y pel\u00edculas mentales a montones en todos los sentidos (buenos y malos). Tengo, como se dir\u00eda, un &#8216;mundo interior muy amplio&#8217;. Ahora, de mayor, disfruto m\u00e1s de todo este proceso mental y voy dominando las estrategias de la mente pero durante mucho tiempo estos procesos me dominaron a m\u00ed.<\/p>\n\n\n\n<p>\u00bfC\u00f3mo lo ves t\u00fa? \u00bfSomos m\u00e1s so\u00f1adores?<\/p>\n\n\n\n<p>#personasaltamentesensibles #so\u00f1adores #mundointerior #sensibilidadconsciente #aprendiendodenuestrasensibilidad #PAS #encuestaPAS #consultaonline #terapiaonline #magdalenagrande #cursoaltasensibilidad #cursoparapas<\/p>\n\n\n\n<p>@personas_altamente_sensibles<\/p>\n\n\n\n<p>Www.magdalenagrande.com <\/p>\n\n\n\n<figure class=\"wp-block-image size-large\"><img loading=\"lazy\" decoding=\"async\" width=\"893\" height=\"1024\" src=\"https:\/\/magdalenagrande.com\/blog\/wp-content\/uploads\/2021\/09\/image_editor_output_image-1860201653-1631553620509-893x1024.jpg\" alt=\"\" class=\"wp-image-469\" srcset=\"https:\/\/magdalenagrande.com\/blog\/wp-content\/uploads\/2021\/09\/image_editor_output_image-1860201653-1631553620509-893x1024.jpg 893w, https:\/\/magdalenagrande.com\/blog\/wp-content\/uploads\/2021\/09\/image_editor_output_image-1860201653-1631553620509-262x300.jpg 262w, https:\/\/magdalenagrande.com\/blog\/wp-content\/uploads\/2021\/09\/image_editor_output_image-1860201653-1631553620509-768x880.jpg 768w, https:\/\/magdalenagrande.com\/blog\/wp-content\/uploads\/2021\/09\/image_editor_output_image-1860201653-1631553620509.jpg 1072w\" sizes=\"auto, (max-width: 893px) 100vw, 893px\" \/><\/figure>\n","protected":false},"excerpt":{"rendered":"<p>Abramos debate&#8230; \u00bfSientes que eres m\u00e1s so\u00f1ador que el resto fe personas que conoces? \u00bfCrees que eso se puede deber a tener un nivel de sensibilidad m\u00e1s elevado? Yo no tengo ni idea pero he estado dando vueltas a este tema y me encantar\u00eda conocer tu opini\u00f3n. En mi caso, s\u00ed a todo 100%. Siempre [&hellip;]<\/p>\n","protected":false},"author":1,"featured_media":0,"comment_status":"closed","ping_status":"closed","sticky":false,"template":"","format":"standard","meta":{"sfsi_plus_gutenberg_text_before_share":"","sfsi_plus_gutenberg_show_text_before_share":"","sfsi_plus_gutenberg_icon_type":"","sfsi_plus_gutenberg_icon_alignemt":"","sfsi_plus_gutenburg_max_per_row":"","footnotes":""},"categories":[65,77],"tags":[],"class_list":["post-470","post","type-post","status-publish","format-standard","hentry","category-personas-y-ninos-altamente-sensibles","category-preguntas-alta-sensibilidad"],"yoast_head":"<!-- This site is optimized with the Yoast SEO plugin v17.0 - https:\/\/yoast.com\/wordpress\/plugins\/seo\/ -->\n<title>\u00bfSomos los PAS m\u00e1s so\u00f1adores? - Blog de Magdalena Grande<\/title>\n<meta name=\"robots\" content=\"index, follow, max-snippet:-1, max-image-preview:large, max-video-preview:-1\" \/>\n<link rel=\"canonical\" href=\"https:\/\/magdalenagrande.com\/blog\/somos-los-pas-mas-sonadores\/\" \/>\n<meta property=\"og:locale\" content=\"es_ES\" \/>\n<meta property=\"og:type\" content=\"article\" \/>\n<meta property=\"og:title\" content=\"\u00bfSomos los PAS m\u00e1s so\u00f1adores? - Blog de Magdalena Grande\" \/>\n<meta property=\"og:description\" content=\"Abramos debate&#8230; \u00bfSientes que eres m\u00e1s so\u00f1ador que el resto fe personas que conoces? \u00bfCrees que eso se puede deber a tener un nivel de sensibilidad m\u00e1s elevado? Yo no tengo ni idea pero he estado dando vueltas a este tema y me encantar\u00eda conocer tu opini\u00f3n. En mi caso, s\u00ed a todo 100%. Siempre [&hellip;]\" \/>\n<meta property=\"og:url\" content=\"https:\/\/magdalenagrande.com\/blog\/somos-los-pas-mas-sonadores\/\" \/>\n<meta property=\"og:site_name\" content=\"Blog de Magdalena Grande\" \/>\n<meta property=\"article:published_time\" content=\"2021-09-13T17:20:37+00:00\" \/>\n<meta property=\"article:modified_time\" content=\"2021-09-13T17:20:43+00:00\" \/>\n<meta property=\"og:image\" content=\"https:\/\/magdalenagrande.com\/blog\/wp-content\/uploads\/2021\/09\/image_editor_output_image-1860201653-1631553620509-893x1024.jpg\" \/>\n<meta name=\"twitter:card\" content=\"summary\" \/>\n<meta name=\"twitter:label1\" content=\"Escrito por\" \/>\n\t<meta name=\"twitter:data1\" content=\"magdalena_grande\" \/>\n\t<meta name=\"twitter:label2\" content=\"Tiempo de lectura\" \/>\n\t<meta name=\"twitter:data2\" content=\"1 minuto\" \/>\n<script type=\"application\/ld+json\" class=\"yoast-schema-graph\">{\"@context\":\"https:\/\/schema.org\",\"@graph\":[{\"@type\":\"WebSite\",\"@id\":\"https:\/\/magdalenagrande.com\/blog\/#website\",\"url\":\"https:\/\/magdalenagrande.com\/blog\/\",\"name\":\"Blog de Magdalena Grande\",\"description\":\"Crecimiento personal, alta sensibilidad y educaci\\u00f3n emocional\",\"potentialAction\":[{\"@type\":\"SearchAction\",\"target\":{\"@type\":\"EntryPoint\",\"urlTemplate\":\"https:\/\/magdalenagrande.com\/blog\/?s={search_term_string}\"},\"query-input\":\"required name=search_term_string\"}],\"inLanguage\":\"es\"},{\"@type\":\"ImageObject\",\"@id\":\"https:\/\/magdalenagrande.com\/blog\/somos-los-pas-mas-sonadores\/#primaryimage\",\"inLanguage\":\"es\",\"url\":\"https:\/\/magdalenagrande.com\/blog\/wp-content\/uploads\/2021\/09\/image_editor_output_image-1860201653-1631553620509.jpg\",\"contentUrl\":\"https:\/\/magdalenagrande.com\/blog\/wp-content\/uploads\/2021\/09\/image_editor_output_image-1860201653-1631553620509.jpg\",\"width\":1072,\"height\":1229},{\"@type\":\"WebPage\",\"@id\":\"https:\/\/magdalenagrande.com\/blog\/somos-los-pas-mas-sonadores\/#webpage\",\"url\":\"https:\/\/magdalenagrande.com\/blog\/somos-los-pas-mas-sonadores\/\",\"name\":\"\\u00bfSomos los PAS m\\u00e1s so\\u00f1adores? - Blog de Magdalena Grande\",\"isPartOf\":{\"@id\":\"https:\/\/magdalenagrande.com\/blog\/#website\"},\"primaryImageOfPage\":{\"@id\":\"https:\/\/magdalenagrande.com\/blog\/somos-los-pas-mas-sonadores\/#primaryimage\"},\"datePublished\":\"2021-09-13T17:20:37+00:00\",\"dateModified\":\"2021-09-13T17:20:43+00:00\",\"author\":{\"@id\":\"https:\/\/magdalenagrande.com\/blog\/#\/schema\/person\/f8460fd9e22f0d0d09ef55ae7a4f6791\"},\"breadcrumb\":{\"@id\":\"https:\/\/magdalenagrande.com\/blog\/somos-los-pas-mas-sonadores\/#breadcrumb\"},\"inLanguage\":\"es\",\"potentialAction\":[{\"@type\":\"ReadAction\",\"target\":[\"https:\/\/magdalenagrande.com\/blog\/somos-los-pas-mas-sonadores\/\"]}]},{\"@type\":\"BreadcrumbList\",\"@id\":\"https:\/\/magdalenagrande.com\/blog\/somos-los-pas-mas-sonadores\/#breadcrumb\",\"itemListElement\":[{\"@type\":\"ListItem\",\"position\":1,\"name\":\"Portada\",\"item\":\"https:\/\/magdalenagrande.com\/blog\/\"},{\"@type\":\"ListItem\",\"position\":2,\"name\":\"\\u00bfSomos los PAS m\\u00e1s so\\u00f1adores?\"}]},{\"@type\":\"Person\",\"@id\":\"https:\/\/magdalenagrande.com\/blog\/#\/schema\/person\/f8460fd9e22f0d0d09ef55ae7a4f6791\",\"name\":\"magdalena_grande\"}]}<\/script>\n<!-- \/ Yoast SEO plugin. -->","yoast_head_json":{"title":"\u00bfSomos los PAS m\u00e1s so\u00f1adores? - Blog de Magdalena Grande","robots":{"index":"index","follow":"follow","max-snippet":"max-snippet:-1","max-image-preview":"max-image-preview:large","max-video-preview":"max-video-preview:-1"},"canonical":"https:\/\/magdalenagrande.com\/blog\/somos-los-pas-mas-sonadores\/","og_locale":"es_ES","og_type":"article","og_title":"\u00bfSomos los PAS m\u00e1s so\u00f1adores? - Blog de Magdalena Grande","og_description":"Abramos debate&#8230; \u00bfSientes que eres m\u00e1s so\u00f1ador que el resto fe personas que conoces? \u00bfCrees que eso se puede deber a tener un nivel de sensibilidad m\u00e1s elevado? Yo no tengo ni idea pero he estado dando vueltas a este tema y me encantar\u00eda conocer tu opini\u00f3n. En mi caso, s\u00ed a todo 100%. Siempre [&hellip;]","og_url":"https:\/\/magdalenagrande.com\/blog\/somos-los-pas-mas-sonadores\/","og_site_name":"Blog de Magdalena Grande","article_published_time":"2021-09-13T17:20:37+00:00","article_modified_time":"2021-09-13T17:20:43+00:00","og_image":[{"url":"https:\/\/magdalenagrande.com\/blog\/wp-content\/uploads\/2021\/09\/image_editor_output_image-1860201653-1631553620509-893x1024.jpg"}],"twitter_card":"summary","twitter_misc":{"Escrito por":"magdalena_grande","Tiempo de lectura":"1 minuto"},"schema":{"@context":"https:\/\/schema.org","@graph":[{"@type":"WebSite","@id":"https:\/\/magdalenagrande.com\/blog\/#website","url":"https:\/\/magdalenagrande.com\/blog\/","name":"Blog de Magdalena Grande","description":"Crecimiento personal, alta sensibilidad y educaci\u00f3n emocional","potentialAction":[{"@type":"SearchAction","target":{"@type":"EntryPoint","urlTemplate":"https:\/\/magdalenagrande.com\/blog\/?s={search_term_string}"},"query-input":"required name=search_term_string"}],"inLanguage":"es"},{"@type":"ImageObject","@id":"https:\/\/magdalenagrande.com\/blog\/somos-los-pas-mas-sonadores\/#primaryimage","inLanguage":"es","url":"https:\/\/magdalenagrande.com\/blog\/wp-content\/uploads\/2021\/09\/image_editor_output_image-1860201653-1631553620509.jpg","contentUrl":"https:\/\/magdalenagrande.com\/blog\/wp-content\/uploads\/2021\/09\/image_editor_output_image-1860201653-1631553620509.jpg","width":1072,"height":1229},{"@type":"WebPage","@id":"https:\/\/magdalenagrande.com\/blog\/somos-los-pas-mas-sonadores\/#webpage","url":"https:\/\/magdalenagrande.com\/blog\/somos-los-pas-mas-sonadores\/","name":"\u00bfSomos los PAS m\u00e1s so\u00f1adores? - Blog de Magdalena Grande","isPartOf":{"@id":"https:\/\/magdalenagrande.com\/blog\/#website"},"primaryImageOfPage":{"@id":"https:\/\/magdalenagrande.com\/blog\/somos-los-pas-mas-sonadores\/#primaryimage"},"datePublished":"2021-09-13T17:20:37+00:00","dateModified":"2021-09-13T17:20:43+00:00","author":{"@id":"https:\/\/magdalenagrande.com\/blog\/#\/schema\/person\/f8460fd9e22f0d0d09ef55ae7a4f6791"},"breadcrumb":{"@id":"https:\/\/magdalenagrande.com\/blog\/somos-los-pas-mas-sonadores\/#breadcrumb"},"inLanguage":"es","potentialAction":[{"@type":"ReadAction","target":["https:\/\/magdalenagrande.com\/blog\/somos-los-pas-mas-sonadores\/"]}]},{"@type":"BreadcrumbList","@id":"https:\/\/magdalenagrande.com\/blog\/somos-los-pas-mas-sonadores\/#breadcrumb","itemListElement":[{"@type":"ListItem","position":1,"name":"Portada","item":"https:\/\/magdalenagrande.com\/blog\/"},{"@type":"ListItem","position":2,"name":"\u00bfSomos los PAS m\u00e1s so\u00f1adores?"}]},{"@type":"Person","@id":"https:\/\/magdalenagrande.com\/blog\/#\/schema\/person\/f8460fd9e22f0d0d09ef55ae7a4f6791","name":"magdalena_grande"}]}},"_links":{"self":[{"href":"https:\/\/magdalenagrande.com\/blog\/wp-json\/wp\/v2\/posts\/470","targetHints":{"allow":["GET"]}}],"collection":[{"href":"https:\/\/magdalenagrande.com\/blog\/wp-json\/wp\/v2\/posts"}],"about":[{"href":"https:\/\/magdalenagrande.com\/blog\/wp-json\/wp\/v2\/types\/post"}],"author":[{"embeddable":true,"href":"https:\/\/magdalenagrande.com\/blog\/wp-json\/wp\/v2\/users\/1"}],"replies":[{"embeddable":true,"href":"https:\/\/magdalenagrande.com\/blog\/wp-json\/wp\/v2\/comments?post=470"}],"version-history":[{"count":1,"href":"https:\/\/magdalenagrande.com\/blog\/wp-json\/wp\/v2\/posts\/470\/revisions"}],"predecessor-version":[{"id":471,"href":"https:\/\/magdalenagrande.com\/blog\/wp-json\/wp\/v2\/posts\/470\/revisions\/471"}],"wp:attachment":[{"href":"https:\/\/magdalenagrande.com\/blog\/wp-json\/wp\/v2\/media?parent=470"}],"wp:term":[{"taxonomy":"category","embeddable":true,"href":"https:\/\/magdalenagrande.com\/blog\/wp-json\/wp\/v2\/categories?post=470"},{"taxonomy":"post_tag","embeddable":true,"href":"https:\/\/magdalenagrande.com\/blog\/wp-json\/wp\/v2\/tags?post=470"}],"curies":[{"name":"wp","href":"https:\/\/api.w.org\/{rel}","templated":true}]}}