{"id":473,"date":"2021-09-13T17:22:02","date_gmt":"2021-09-13T17:22:02","guid":{"rendered":"https:\/\/magdalenagrande.com\/blog\/?p=473"},"modified":"2021-09-13T17:22:09","modified_gmt":"2021-09-13T17:22:09","slug":"magdalena","status":"publish","type":"post","link":"https:\/\/magdalenagrande.com\/blog\/magdalena\/","title":{"rendered":"Magdalena"},"content":{"rendered":"\n<p>Tengo pocas fotos m\u00edas porque yo suelo ser quien las hace. Me sale autom\u00e1tico, veo una situaci\u00f3n o una persona y pienso &#8216;tengo que hacerle una foto a esto&#8217;&#8230;<\/p>\n\n\n\n<p>Luego tengo a mi fot\u00f3grafa particular que es mi hija y que siempre se presta \uf970<\/p>\n\n\n\n<p>El otro d\u00eda me hicieron esta foto, entre amigas, y me siento identificada con la mujer que veo.<\/p>\n\n\n\n<p>\u00bfOs para que no siempre os sent\u00eds identificados con la imagen que se ve en la foto?<\/p>\n\n\n\n<p>\u00bfY t\u00fa? \u00bfHaces las fotos y te las hacen? \uf605<\/p>\n\n\n\n<p>Aprovecho para enviaros mucho much\u00edsimo amor.<\/p>\n\n\n\n<p>\u2764\ufe0f\u2764\ufe0f\u2764\ufe0f<\/p>\n\n\n\n<p>#personasaltamentesensibles #sensibilidadconsciente #altasensibilidad #PAS #cursoparapas #consultaonline #terapiaonline #magdalenagrande #cursoaltasensibilidad<\/p>\n\n\n\n<p>@personas_altamente_sensibles<\/p>\n\n\n\n<p>Www.magdalenagrande.com <\/p>\n\n\n\n<figure class=\"wp-block-image size-large\"><img loading=\"lazy\" decoding=\"async\" width=\"865\" height=\"1024\" src=\"https:\/\/magdalenagrande.com\/blog\/wp-content\/uploads\/2021\/09\/image_editor_output_image506763492-1631553712802-865x1024.jpg\" alt=\"\" class=\"wp-image-472\" srcset=\"https:\/\/magdalenagrande.com\/blog\/wp-content\/uploads\/2021\/09\/image_editor_output_image506763492-1631553712802-865x1024.jpg 865w, https:\/\/magdalenagrande.com\/blog\/wp-content\/uploads\/2021\/09\/image_editor_output_image506763492-1631553712802-253x300.jpg 253w, https:\/\/magdalenagrande.com\/blog\/wp-content\/uploads\/2021\/09\/image_editor_output_image506763492-1631553712802-768x910.jpg 768w, https:\/\/magdalenagrande.com\/blog\/wp-content\/uploads\/2021\/09\/image_editor_output_image506763492-1631553712802.jpg 1042w\" sizes=\"auto, (max-width: 865px) 100vw, 865px\" \/><\/figure>\n","protected":false},"excerpt":{"rendered":"<p>Tengo pocas fotos m\u00edas porque yo suelo ser quien las hace. Me sale autom\u00e1tico, veo una situaci\u00f3n o una persona y pienso &#8216;tengo que hacerle una foto a esto&#8217;&#8230; Luego tengo a mi fot\u00f3grafa particular que es mi hija y que siempre se presta \uf970 El otro d\u00eda me hicieron esta foto, entre amigas, y [&hellip;]<\/p>\n","protected":false},"author":1,"featured_media":0,"comment_status":"closed","ping_status":"closed","sticky":false,"template":"","format":"standard","meta":{"sfsi_plus_gutenberg_text_before_share":"","sfsi_plus_gutenberg_show_text_before_share":"","sfsi_plus_gutenberg_icon_type":"","sfsi_plus_gutenberg_icon_alignemt":"","sfsi_plus_gutenburg_max_per_row":"","footnotes":""},"categories":[14],"tags":[],"class_list":["post-473","post","type-post","status-publish","format-standard","hentry","category-personal"],"yoast_head":"<!-- This site is optimized with the Yoast SEO plugin v17.0 - https:\/\/yoast.com\/wordpress\/plugins\/seo\/ -->\n<title>Magdalena - Blog de Magdalena Grande<\/title>\n<meta name=\"robots\" content=\"index, follow, max-snippet:-1, max-image-preview:large, max-video-preview:-1\" \/>\n<link rel=\"canonical\" href=\"https:\/\/magdalenagrande.com\/blog\/magdalena\/\" \/>\n<meta property=\"og:locale\" content=\"es_ES\" \/>\n<meta property=\"og:type\" content=\"article\" \/>\n<meta property=\"og:title\" content=\"Magdalena - Blog de Magdalena Grande\" \/>\n<meta property=\"og:description\" content=\"Tengo pocas fotos m\u00edas porque yo suelo ser quien las hace. Me sale autom\u00e1tico, veo una situaci\u00f3n o una persona y pienso &#8216;tengo que hacerle una foto a esto&#8217;&#8230; Luego tengo a mi fot\u00f3grafa particular que es mi hija y que siempre se presta \uf970 El otro d\u00eda me hicieron esta foto, entre amigas, y [&hellip;]\" \/>\n<meta property=\"og:url\" content=\"https:\/\/magdalenagrande.com\/blog\/magdalena\/\" \/>\n<meta property=\"og:site_name\" content=\"Blog de Magdalena Grande\" \/>\n<meta property=\"article:published_time\" content=\"2021-09-13T17:22:02+00:00\" \/>\n<meta property=\"article:modified_time\" content=\"2021-09-13T17:22:09+00:00\" \/>\n<meta property=\"og:image\" content=\"https:\/\/magdalenagrande.com\/blog\/wp-content\/uploads\/2021\/09\/image_editor_output_image506763492-1631553712802-865x1024.jpg\" \/>\n<meta name=\"twitter:card\" content=\"summary\" \/>\n<meta name=\"twitter:label1\" content=\"Escrito por\" \/>\n\t<meta name=\"twitter:data1\" content=\"magdalena_grande\" \/>\n\t<meta name=\"twitter:label2\" content=\"Tiempo de lectura\" \/>\n\t<meta name=\"twitter:data2\" content=\"1 minuto\" \/>\n<script type=\"application\/ld+json\" class=\"yoast-schema-graph\">{\"@context\":\"https:\/\/schema.org\",\"@graph\":[{\"@type\":\"WebSite\",\"@id\":\"https:\/\/magdalenagrande.com\/blog\/#website\",\"url\":\"https:\/\/magdalenagrande.com\/blog\/\",\"name\":\"Blog de Magdalena Grande\",\"description\":\"Crecimiento personal, alta sensibilidad y educaci\\u00f3n emocional\",\"potentialAction\":[{\"@type\":\"SearchAction\",\"target\":{\"@type\":\"EntryPoint\",\"urlTemplate\":\"https:\/\/magdalenagrande.com\/blog\/?s={search_term_string}\"},\"query-input\":\"required name=search_term_string\"}],\"inLanguage\":\"es\"},{\"@type\":\"ImageObject\",\"@id\":\"https:\/\/magdalenagrande.com\/blog\/magdalena\/#primaryimage\",\"inLanguage\":\"es\",\"url\":\"https:\/\/magdalenagrande.com\/blog\/wp-content\/uploads\/2021\/09\/image_editor_output_image506763492-1631553712802.jpg\",\"contentUrl\":\"https:\/\/magdalenagrande.com\/blog\/wp-content\/uploads\/2021\/09\/image_editor_output_image506763492-1631553712802.jpg\",\"width\":1042,\"height\":1234},{\"@type\":\"WebPage\",\"@id\":\"https:\/\/magdalenagrande.com\/blog\/magdalena\/#webpage\",\"url\":\"https:\/\/magdalenagrande.com\/blog\/magdalena\/\",\"name\":\"Magdalena - Blog de Magdalena Grande\",\"isPartOf\":{\"@id\":\"https:\/\/magdalenagrande.com\/blog\/#website\"},\"primaryImageOfPage\":{\"@id\":\"https:\/\/magdalenagrande.com\/blog\/magdalena\/#primaryimage\"},\"datePublished\":\"2021-09-13T17:22:02+00:00\",\"dateModified\":\"2021-09-13T17:22:09+00:00\",\"author\":{\"@id\":\"https:\/\/magdalenagrande.com\/blog\/#\/schema\/person\/f8460fd9e22f0d0d09ef55ae7a4f6791\"},\"breadcrumb\":{\"@id\":\"https:\/\/magdalenagrande.com\/blog\/magdalena\/#breadcrumb\"},\"inLanguage\":\"es\",\"potentialAction\":[{\"@type\":\"ReadAction\",\"target\":[\"https:\/\/magdalenagrande.com\/blog\/magdalena\/\"]}]},{\"@type\":\"BreadcrumbList\",\"@id\":\"https:\/\/magdalenagrande.com\/blog\/magdalena\/#breadcrumb\",\"itemListElement\":[{\"@type\":\"ListItem\",\"position\":1,\"name\":\"Portada\",\"item\":\"https:\/\/magdalenagrande.com\/blog\/\"},{\"@type\":\"ListItem\",\"position\":2,\"name\":\"Magdalena\"}]},{\"@type\":\"Person\",\"@id\":\"https:\/\/magdalenagrande.com\/blog\/#\/schema\/person\/f8460fd9e22f0d0d09ef55ae7a4f6791\",\"name\":\"magdalena_grande\"}]}<\/script>\n<!-- \/ Yoast SEO plugin. -->","yoast_head_json":{"title":"Magdalena - Blog de Magdalena Grande","robots":{"index":"index","follow":"follow","max-snippet":"max-snippet:-1","max-image-preview":"max-image-preview:large","max-video-preview":"max-video-preview:-1"},"canonical":"https:\/\/magdalenagrande.com\/blog\/magdalena\/","og_locale":"es_ES","og_type":"article","og_title":"Magdalena - Blog de Magdalena Grande","og_description":"Tengo pocas fotos m\u00edas porque yo suelo ser quien las hace. Me sale autom\u00e1tico, veo una situaci\u00f3n o una persona y pienso &#8216;tengo que hacerle una foto a esto&#8217;&#8230; Luego tengo a mi fot\u00f3grafa particular que es mi hija y que siempre se presta \uf970 El otro d\u00eda me hicieron esta foto, entre amigas, y [&hellip;]","og_url":"https:\/\/magdalenagrande.com\/blog\/magdalena\/","og_site_name":"Blog de Magdalena Grande","article_published_time":"2021-09-13T17:22:02+00:00","article_modified_time":"2021-09-13T17:22:09+00:00","og_image":[{"url":"https:\/\/magdalenagrande.com\/blog\/wp-content\/uploads\/2021\/09\/image_editor_output_image506763492-1631553712802-865x1024.jpg"}],"twitter_card":"summary","twitter_misc":{"Escrito por":"magdalena_grande","Tiempo de lectura":"1 minuto"},"schema":{"@context":"https:\/\/schema.org","@graph":[{"@type":"WebSite","@id":"https:\/\/magdalenagrande.com\/blog\/#website","url":"https:\/\/magdalenagrande.com\/blog\/","name":"Blog de Magdalena Grande","description":"Crecimiento personal, alta sensibilidad y educaci\u00f3n emocional","potentialAction":[{"@type":"SearchAction","target":{"@type":"EntryPoint","urlTemplate":"https:\/\/magdalenagrande.com\/blog\/?s={search_term_string}"},"query-input":"required name=search_term_string"}],"inLanguage":"es"},{"@type":"ImageObject","@id":"https:\/\/magdalenagrande.com\/blog\/magdalena\/#primaryimage","inLanguage":"es","url":"https:\/\/magdalenagrande.com\/blog\/wp-content\/uploads\/2021\/09\/image_editor_output_image506763492-1631553712802.jpg","contentUrl":"https:\/\/magdalenagrande.com\/blog\/wp-content\/uploads\/2021\/09\/image_editor_output_image506763492-1631553712802.jpg","width":1042,"height":1234},{"@type":"WebPage","@id":"https:\/\/magdalenagrande.com\/blog\/magdalena\/#webpage","url":"https:\/\/magdalenagrande.com\/blog\/magdalena\/","name":"Magdalena - Blog de Magdalena Grande","isPartOf":{"@id":"https:\/\/magdalenagrande.com\/blog\/#website"},"primaryImageOfPage":{"@id":"https:\/\/magdalenagrande.com\/blog\/magdalena\/#primaryimage"},"datePublished":"2021-09-13T17:22:02+00:00","dateModified":"2021-09-13T17:22:09+00:00","author":{"@id":"https:\/\/magdalenagrande.com\/blog\/#\/schema\/person\/f8460fd9e22f0d0d09ef55ae7a4f6791"},"breadcrumb":{"@id":"https:\/\/magdalenagrande.com\/blog\/magdalena\/#breadcrumb"},"inLanguage":"es","potentialAction":[{"@type":"ReadAction","target":["https:\/\/magdalenagrande.com\/blog\/magdalena\/"]}]},{"@type":"BreadcrumbList","@id":"https:\/\/magdalenagrande.com\/blog\/magdalena\/#breadcrumb","itemListElement":[{"@type":"ListItem","position":1,"name":"Portada","item":"https:\/\/magdalenagrande.com\/blog\/"},{"@type":"ListItem","position":2,"name":"Magdalena"}]},{"@type":"Person","@id":"https:\/\/magdalenagrande.com\/blog\/#\/schema\/person\/f8460fd9e22f0d0d09ef55ae7a4f6791","name":"magdalena_grande"}]}},"_links":{"self":[{"href":"https:\/\/magdalenagrande.com\/blog\/wp-json\/wp\/v2\/posts\/473","targetHints":{"allow":["GET"]}}],"collection":[{"href":"https:\/\/magdalenagrande.com\/blog\/wp-json\/wp\/v2\/posts"}],"about":[{"href":"https:\/\/magdalenagrande.com\/blog\/wp-json\/wp\/v2\/types\/post"}],"author":[{"embeddable":true,"href":"https:\/\/magdalenagrande.com\/blog\/wp-json\/wp\/v2\/users\/1"}],"replies":[{"embeddable":true,"href":"https:\/\/magdalenagrande.com\/blog\/wp-json\/wp\/v2\/comments?post=473"}],"version-history":[{"count":1,"href":"https:\/\/magdalenagrande.com\/blog\/wp-json\/wp\/v2\/posts\/473\/revisions"}],"predecessor-version":[{"id":474,"href":"https:\/\/magdalenagrande.com\/blog\/wp-json\/wp\/v2\/posts\/473\/revisions\/474"}],"wp:attachment":[{"href":"https:\/\/magdalenagrande.com\/blog\/wp-json\/wp\/v2\/media?parent=473"}],"wp:term":[{"taxonomy":"category","embeddable":true,"href":"https:\/\/magdalenagrande.com\/blog\/wp-json\/wp\/v2\/categories?post=473"},{"taxonomy":"post_tag","embeddable":true,"href":"https:\/\/magdalenagrande.com\/blog\/wp-json\/wp\/v2\/tags?post=473"}],"curies":[{"name":"wp","href":"https:\/\/api.w.org\/{rel}","templated":true}]}}