{"id":476,"date":"2021-09-13T17:23:25","date_gmt":"2021-09-13T17:23:25","guid":{"rendered":"https:\/\/magdalenagrande.com\/blog\/?p=476"},"modified":"2021-09-13T17:23:31","modified_gmt":"2021-09-13T17:23:31","slug":"yo-soy-orden","status":"publish","type":"post","link":"https:\/\/magdalenagrande.com\/blog\/yo-soy-orden\/","title":{"rendered":"Yo soy orden"},"content":{"rendered":"\n<p>Vamos a repasar algunos consejillos de espiritualidad pr\u00e1ctica para trabajar nuestro Yo Soy Orden. Como todo, es necesario un t\u00e9rmino medio porque puede no ir bien ni por exceso, ni por defecto. \u00a1Vamos all\u00e1!:<\/p>\n\n\n\n<p>&#8211; Trata de tener tus espacios ordenados para ayudar a tu mente. Puedes tirar de nuestra amiga Marie Kondo para que te ense\u00f1e algunos consejillos para tener la casa mejor organizada. Respecto a tu lugar de trabajo y de descanso, el orden es vital: har\u00e1 que rindas mucho m\u00e1s y que tu sue\u00f1o sea m\u00e1s reparador. \u00bfLo intentamos? Hoy mismo ponte manos a la obra.<\/p>\n\n\n\n<p>&#8211; Mantener el orden nos ayuda a estar centrados y organizados. Sin embargo, cuando nos excedemos, puede llegar a un punto en el que necesitemos un control y un orden exagerados para tener la mente acallada. Si sientes que no tenerlo todo ordenado en exceso te genera ansiedad, tendr\u00e1s que empezar a exponerte a esa sensaci\u00f3n. Por tanto, si los cojines desordenados te crean angustia&#8230; desord\u00e9nalos!<\/p>\n\n\n\n<p>&#8211; El minimalismo es una de las claves&#8230; Cada vez lo tengo m\u00e1s claro. Prueba a desprenderte cada d\u00eda de algo, con lo que trabajar\u00e1s el desapego y el orden. Cuantas menos cosas tengas en casa, m\u00e1s f\u00e1cil ser\u00e1 mantener ese orden deseado. No procastrines m\u00e1s, \u00bfqu\u00e9 vas a tirar o regalar hoy?<\/p>\n\n\n\n<p>Cu\u00e9ntame, \u00bfhay una Marie Kondo en ti?<\/p>\n\n\n\n<p>#PAS #sensibilidadconsciente #personasaltamentesensibles #orden #mariekondo #espiritualidadpr\u00e1ctica #terapiaonline #magdalenagrande #cursoaltasensibilidad #cursoparapas #consultaonline<\/p>\n\n\n\n<p>@personas_altamente_sensibles<\/p>\n\n\n\n<p>Www.magdalenagrande.com <\/p>\n\n\n\n<figure class=\"wp-block-image size-large\"><img loading=\"lazy\" decoding=\"async\" width=\"883\" height=\"1024\" src=\"https:\/\/magdalenagrande.com\/blog\/wp-content\/uploads\/2021\/09\/image_editor_output_image733948487-1631553796425-883x1024.jpg\" alt=\"\" class=\"wp-image-475\" srcset=\"https:\/\/magdalenagrande.com\/blog\/wp-content\/uploads\/2021\/09\/image_editor_output_image733948487-1631553796425-883x1024.jpg 883w, https:\/\/magdalenagrande.com\/blog\/wp-content\/uploads\/2021\/09\/image_editor_output_image733948487-1631553796425-259x300.jpg 259w, https:\/\/magdalenagrande.com\/blog\/wp-content\/uploads\/2021\/09\/image_editor_output_image733948487-1631553796425-768x891.jpg 768w, https:\/\/magdalenagrande.com\/blog\/wp-content\/uploads\/2021\/09\/image_editor_output_image733948487-1631553796425.jpg 1074w\" sizes=\"auto, (max-width: 883px) 100vw, 883px\" \/><\/figure>\n","protected":false},"excerpt":{"rendered":"<p>Vamos a repasar algunos consejillos de espiritualidad pr\u00e1ctica para trabajar nuestro Yo Soy Orden. Como todo, es necesario un t\u00e9rmino medio porque puede no ir bien ni por exceso, ni por defecto. \u00a1Vamos all\u00e1!: &#8211; Trata de tener tus espacios ordenados para ayudar a tu mente. Puedes tirar de nuestra amiga Marie Kondo para que [&hellip;]<\/p>\n","protected":false},"author":1,"featured_media":0,"comment_status":"closed","ping_status":"closed","sticky":false,"template":"","format":"standard","meta":{"sfsi_plus_gutenberg_text_before_share":"","sfsi_plus_gutenberg_show_text_before_share":"","sfsi_plus_gutenberg_icon_type":"","sfsi_plus_gutenberg_icon_alignemt":"","sfsi_plus_gutenburg_max_per_row":"","footnotes":""},"categories":[79],"tags":[],"class_list":["post-476","post","type-post","status-publish","format-standard","hentry","category-yo-soy"],"yoast_head":"<!-- This site is optimized with the Yoast SEO plugin v17.0 - https:\/\/yoast.com\/wordpress\/plugins\/seo\/ -->\n<title>Yo soy orden - Blog de Magdalena Grande<\/title>\n<meta name=\"robots\" content=\"index, follow, max-snippet:-1, max-image-preview:large, max-video-preview:-1\" \/>\n<link rel=\"canonical\" href=\"https:\/\/magdalenagrande.com\/blog\/yo-soy-orden\/\" \/>\n<meta property=\"og:locale\" content=\"es_ES\" \/>\n<meta property=\"og:type\" content=\"article\" \/>\n<meta property=\"og:title\" content=\"Yo soy orden - Blog de Magdalena Grande\" \/>\n<meta property=\"og:description\" content=\"Vamos a repasar algunos consejillos de espiritualidad pr\u00e1ctica para trabajar nuestro Yo Soy Orden. Como todo, es necesario un t\u00e9rmino medio porque puede no ir bien ni por exceso, ni por defecto. \u00a1Vamos all\u00e1!: &#8211; Trata de tener tus espacios ordenados para ayudar a tu mente. Puedes tirar de nuestra amiga Marie Kondo para que [&hellip;]\" \/>\n<meta property=\"og:url\" content=\"https:\/\/magdalenagrande.com\/blog\/yo-soy-orden\/\" \/>\n<meta property=\"og:site_name\" content=\"Blog de Magdalena Grande\" \/>\n<meta property=\"article:published_time\" content=\"2021-09-13T17:23:25+00:00\" \/>\n<meta property=\"article:modified_time\" content=\"2021-09-13T17:23:31+00:00\" \/>\n<meta property=\"og:image\" content=\"https:\/\/magdalenagrande.com\/blog\/wp-content\/uploads\/2021\/09\/image_editor_output_image733948487-1631553796425-883x1024.jpg\" \/>\n<meta name=\"twitter:card\" content=\"summary\" \/>\n<meta name=\"twitter:label1\" content=\"Escrito por\" \/>\n\t<meta name=\"twitter:data1\" content=\"magdalena_grande\" \/>\n\t<meta name=\"twitter:label2\" content=\"Tiempo de lectura\" \/>\n\t<meta name=\"twitter:data2\" content=\"1 minuto\" \/>\n<script type=\"application\/ld+json\" class=\"yoast-schema-graph\">{\"@context\":\"https:\/\/schema.org\",\"@graph\":[{\"@type\":\"WebSite\",\"@id\":\"https:\/\/magdalenagrande.com\/blog\/#website\",\"url\":\"https:\/\/magdalenagrande.com\/blog\/\",\"name\":\"Blog de Magdalena Grande\",\"description\":\"Crecimiento personal, alta sensibilidad y educaci\\u00f3n emocional\",\"potentialAction\":[{\"@type\":\"SearchAction\",\"target\":{\"@type\":\"EntryPoint\",\"urlTemplate\":\"https:\/\/magdalenagrande.com\/blog\/?s={search_term_string}\"},\"query-input\":\"required name=search_term_string\"}],\"inLanguage\":\"es\"},{\"@type\":\"ImageObject\",\"@id\":\"https:\/\/magdalenagrande.com\/blog\/yo-soy-orden\/#primaryimage\",\"inLanguage\":\"es\",\"url\":\"https:\/\/magdalenagrande.com\/blog\/wp-content\/uploads\/2021\/09\/image_editor_output_image733948487-1631553796425.jpg\",\"contentUrl\":\"https:\/\/magdalenagrande.com\/blog\/wp-content\/uploads\/2021\/09\/image_editor_output_image733948487-1631553796425.jpg\",\"width\":1074,\"height\":1246},{\"@type\":\"WebPage\",\"@id\":\"https:\/\/magdalenagrande.com\/blog\/yo-soy-orden\/#webpage\",\"url\":\"https:\/\/magdalenagrande.com\/blog\/yo-soy-orden\/\",\"name\":\"Yo soy orden - Blog de Magdalena Grande\",\"isPartOf\":{\"@id\":\"https:\/\/magdalenagrande.com\/blog\/#website\"},\"primaryImageOfPage\":{\"@id\":\"https:\/\/magdalenagrande.com\/blog\/yo-soy-orden\/#primaryimage\"},\"datePublished\":\"2021-09-13T17:23:25+00:00\",\"dateModified\":\"2021-09-13T17:23:31+00:00\",\"author\":{\"@id\":\"https:\/\/magdalenagrande.com\/blog\/#\/schema\/person\/f8460fd9e22f0d0d09ef55ae7a4f6791\"},\"breadcrumb\":{\"@id\":\"https:\/\/magdalenagrande.com\/blog\/yo-soy-orden\/#breadcrumb\"},\"inLanguage\":\"es\",\"potentialAction\":[{\"@type\":\"ReadAction\",\"target\":[\"https:\/\/magdalenagrande.com\/blog\/yo-soy-orden\/\"]}]},{\"@type\":\"BreadcrumbList\",\"@id\":\"https:\/\/magdalenagrande.com\/blog\/yo-soy-orden\/#breadcrumb\",\"itemListElement\":[{\"@type\":\"ListItem\",\"position\":1,\"name\":\"Portada\",\"item\":\"https:\/\/magdalenagrande.com\/blog\/\"},{\"@type\":\"ListItem\",\"position\":2,\"name\":\"Yo soy orden\"}]},{\"@type\":\"Person\",\"@id\":\"https:\/\/magdalenagrande.com\/blog\/#\/schema\/person\/f8460fd9e22f0d0d09ef55ae7a4f6791\",\"name\":\"magdalena_grande\"}]}<\/script>\n<!-- \/ Yoast SEO plugin. -->","yoast_head_json":{"title":"Yo soy orden - Blog de Magdalena Grande","robots":{"index":"index","follow":"follow","max-snippet":"max-snippet:-1","max-image-preview":"max-image-preview:large","max-video-preview":"max-video-preview:-1"},"canonical":"https:\/\/magdalenagrande.com\/blog\/yo-soy-orden\/","og_locale":"es_ES","og_type":"article","og_title":"Yo soy orden - Blog de Magdalena Grande","og_description":"Vamos a repasar algunos consejillos de espiritualidad pr\u00e1ctica para trabajar nuestro Yo Soy Orden. Como todo, es necesario un t\u00e9rmino medio porque puede no ir bien ni por exceso, ni por defecto. \u00a1Vamos all\u00e1!: &#8211; Trata de tener tus espacios ordenados para ayudar a tu mente. Puedes tirar de nuestra amiga Marie Kondo para que [&hellip;]","og_url":"https:\/\/magdalenagrande.com\/blog\/yo-soy-orden\/","og_site_name":"Blog de Magdalena Grande","article_published_time":"2021-09-13T17:23:25+00:00","article_modified_time":"2021-09-13T17:23:31+00:00","og_image":[{"url":"https:\/\/magdalenagrande.com\/blog\/wp-content\/uploads\/2021\/09\/image_editor_output_image733948487-1631553796425-883x1024.jpg"}],"twitter_card":"summary","twitter_misc":{"Escrito por":"magdalena_grande","Tiempo de lectura":"1 minuto"},"schema":{"@context":"https:\/\/schema.org","@graph":[{"@type":"WebSite","@id":"https:\/\/magdalenagrande.com\/blog\/#website","url":"https:\/\/magdalenagrande.com\/blog\/","name":"Blog de Magdalena Grande","description":"Crecimiento personal, alta sensibilidad y educaci\u00f3n emocional","potentialAction":[{"@type":"SearchAction","target":{"@type":"EntryPoint","urlTemplate":"https:\/\/magdalenagrande.com\/blog\/?s={search_term_string}"},"query-input":"required name=search_term_string"}],"inLanguage":"es"},{"@type":"ImageObject","@id":"https:\/\/magdalenagrande.com\/blog\/yo-soy-orden\/#primaryimage","inLanguage":"es","url":"https:\/\/magdalenagrande.com\/blog\/wp-content\/uploads\/2021\/09\/image_editor_output_image733948487-1631553796425.jpg","contentUrl":"https:\/\/magdalenagrande.com\/blog\/wp-content\/uploads\/2021\/09\/image_editor_output_image733948487-1631553796425.jpg","width":1074,"height":1246},{"@type":"WebPage","@id":"https:\/\/magdalenagrande.com\/blog\/yo-soy-orden\/#webpage","url":"https:\/\/magdalenagrande.com\/blog\/yo-soy-orden\/","name":"Yo soy orden - Blog de Magdalena Grande","isPartOf":{"@id":"https:\/\/magdalenagrande.com\/blog\/#website"},"primaryImageOfPage":{"@id":"https:\/\/magdalenagrande.com\/blog\/yo-soy-orden\/#primaryimage"},"datePublished":"2021-09-13T17:23:25+00:00","dateModified":"2021-09-13T17:23:31+00:00","author":{"@id":"https:\/\/magdalenagrande.com\/blog\/#\/schema\/person\/f8460fd9e22f0d0d09ef55ae7a4f6791"},"breadcrumb":{"@id":"https:\/\/magdalenagrande.com\/blog\/yo-soy-orden\/#breadcrumb"},"inLanguage":"es","potentialAction":[{"@type":"ReadAction","target":["https:\/\/magdalenagrande.com\/blog\/yo-soy-orden\/"]}]},{"@type":"BreadcrumbList","@id":"https:\/\/magdalenagrande.com\/blog\/yo-soy-orden\/#breadcrumb","itemListElement":[{"@type":"ListItem","position":1,"name":"Portada","item":"https:\/\/magdalenagrande.com\/blog\/"},{"@type":"ListItem","position":2,"name":"Yo soy orden"}]},{"@type":"Person","@id":"https:\/\/magdalenagrande.com\/blog\/#\/schema\/person\/f8460fd9e22f0d0d09ef55ae7a4f6791","name":"magdalena_grande"}]}},"_links":{"self":[{"href":"https:\/\/magdalenagrande.com\/blog\/wp-json\/wp\/v2\/posts\/476","targetHints":{"allow":["GET"]}}],"collection":[{"href":"https:\/\/magdalenagrande.com\/blog\/wp-json\/wp\/v2\/posts"}],"about":[{"href":"https:\/\/magdalenagrande.com\/blog\/wp-json\/wp\/v2\/types\/post"}],"author":[{"embeddable":true,"href":"https:\/\/magdalenagrande.com\/blog\/wp-json\/wp\/v2\/users\/1"}],"replies":[{"embeddable":true,"href":"https:\/\/magdalenagrande.com\/blog\/wp-json\/wp\/v2\/comments?post=476"}],"version-history":[{"count":1,"href":"https:\/\/magdalenagrande.com\/blog\/wp-json\/wp\/v2\/posts\/476\/revisions"}],"predecessor-version":[{"id":477,"href":"https:\/\/magdalenagrande.com\/blog\/wp-json\/wp\/v2\/posts\/476\/revisions\/477"}],"wp:attachment":[{"href":"https:\/\/magdalenagrande.com\/blog\/wp-json\/wp\/v2\/media?parent=476"}],"wp:term":[{"taxonomy":"category","embeddable":true,"href":"https:\/\/magdalenagrande.com\/blog\/wp-json\/wp\/v2\/categories?post=476"},{"taxonomy":"post_tag","embeddable":true,"href":"https:\/\/magdalenagrande.com\/blog\/wp-json\/wp\/v2\/tags?post=476"}],"curies":[{"name":"wp","href":"https:\/\/api.w.org\/{rel}","templated":true}]}}