{"id":479,"date":"2021-09-13T17:24:58","date_gmt":"2021-09-13T17:24:58","guid":{"rendered":"https:\/\/magdalenagrande.com\/blog\/?p=479"},"modified":"2021-09-13T17:25:09","modified_gmt":"2021-09-13T17:25:09","slug":"liberen-sus-traumas-por-favor-y-gracias","status":"publish","type":"post","link":"https:\/\/magdalenagrande.com\/blog\/liberen-sus-traumas-por-favor-y-gracias\/","title":{"rendered":"Liberen sus traumas, por favor (y gracias)"},"content":{"rendered":"\n<p>Madre m\u00eda cu\u00e1nta oscuridad acumulamos sin darnos cuenta de ello.<\/p>\n\n\n\n<p>Luego sucede que haces una terapia o constelas y las semanas posteriores empiezas a ver los traumas y los bloqueos con infinita claridad.<\/p>\n\n\n\n<p>Y lloras&#8230; Buffff, claro que lloras. Un mont\u00f3n. Porque sanar y liberar nunca es sencillo, pero sanas cosas que jam\u00e1s pensabas que estuvieran ocultas.<\/p>\n\n\n\n<p>Proceso de liberar los traumas.<\/p>\n\n\n\n<p>Les invito.<\/p>\n\n\n\n<p>Pasen y liberen sus traumas (por favor).<\/p>\n\n\n\n<p>Cuando lo hagan sentir\u00e1n una liberaci\u00f3n interior extraordinaria y les parecer\u00e1 que se han quitado 20 kilos de encima (f\u00edsicamente no, lo siento). Su vida ser\u00e1 m\u00e1s ligera y menos compleja.<\/p>\n\n\n\n<p>La vida de los dem\u00e1s, por ende, tambi\u00e9n.<\/p>\n\n\n\n<p>Liberemos nuestros traumas de forma saludable y llev\u00e9moslos al amor.<\/p>\n\n\n\n<p>Gracias.<\/p>\n\n\n\n<p>#altasensibilidad #sanar #sensibilidadconsciente #espiritualidad #despertardeconsciencia #PAS #trauma #consultaonline #cursoaltasensibilidad #terapiaonline #magdalenagrande #cursoparapas<\/p>\n\n\n\n<p>@personas_altamente_sensibles<\/p>\n\n\n\n<p>Www.magdalenagrande.com <\/p>\n\n\n\n<figure class=\"wp-block-image size-large\"><img loading=\"lazy\" decoding=\"async\" width=\"874\" height=\"1024\" src=\"https:\/\/magdalenagrande.com\/blog\/wp-content\/uploads\/2021\/09\/image_editor_output_image917577094-1631553879412-874x1024.jpg\" alt=\"\" class=\"wp-image-478\" srcset=\"https:\/\/magdalenagrande.com\/blog\/wp-content\/uploads\/2021\/09\/image_editor_output_image917577094-1631553879412-874x1024.jpg 874w, https:\/\/magdalenagrande.com\/blog\/wp-content\/uploads\/2021\/09\/image_editor_output_image917577094-1631553879412-256x300.jpg 256w, https:\/\/magdalenagrande.com\/blog\/wp-content\/uploads\/2021\/09\/image_editor_output_image917577094-1631553879412-768x900.jpg 768w, https:\/\/magdalenagrande.com\/blog\/wp-content\/uploads\/2021\/09\/image_editor_output_image917577094-1631553879412.jpg 1059w\" sizes=\"auto, (max-width: 874px) 100vw, 874px\" \/><\/figure>\n","protected":false},"excerpt":{"rendered":"<p>Madre m\u00eda cu\u00e1nta oscuridad acumulamos sin darnos cuenta de ello. Luego sucede que haces una terapia o constelas y las semanas posteriores empiezas a ver los traumas y los bloqueos con infinita claridad. Y lloras&#8230; Buffff, claro que lloras. Un mont\u00f3n. Porque sanar y liberar nunca es sencillo, pero sanas cosas que jam\u00e1s pensabas que [&hellip;]<\/p>\n","protected":false},"author":1,"featured_media":0,"comment_status":"closed","ping_status":"closed","sticky":false,"template":"","format":"standard","meta":{"sfsi_plus_gutenberg_text_before_share":"","sfsi_plus_gutenberg_show_text_before_share":"","sfsi_plus_gutenberg_icon_type":"","sfsi_plus_gutenberg_icon_alignemt":"","sfsi_plus_gutenburg_max_per_row":"","footnotes":""},"categories":[72,71],"tags":[],"class_list":["post-479","post","type-post","status-publish","format-standard","hentry","category-crecimiento-personal","category-espiritualidad"],"yoast_head":"<!-- This site is optimized with the Yoast SEO plugin v17.0 - https:\/\/yoast.com\/wordpress\/plugins\/seo\/ -->\n<title>Liberen sus traumas, por favor (y gracias) - Blog de Magdalena Grande<\/title>\n<meta name=\"robots\" content=\"index, follow, max-snippet:-1, max-image-preview:large, max-video-preview:-1\" \/>\n<link rel=\"canonical\" href=\"https:\/\/magdalenagrande.com\/blog\/liberen-sus-traumas-por-favor-y-gracias\/\" \/>\n<meta property=\"og:locale\" content=\"es_ES\" \/>\n<meta property=\"og:type\" content=\"article\" \/>\n<meta property=\"og:title\" content=\"Liberen sus traumas, por favor (y gracias) - Blog de Magdalena Grande\" \/>\n<meta property=\"og:description\" content=\"Madre m\u00eda cu\u00e1nta oscuridad acumulamos sin darnos cuenta de ello. Luego sucede que haces una terapia o constelas y las semanas posteriores empiezas a ver los traumas y los bloqueos con infinita claridad. Y lloras&#8230; Buffff, claro que lloras. Un mont\u00f3n. Porque sanar y liberar nunca es sencillo, pero sanas cosas que jam\u00e1s pensabas que [&hellip;]\" \/>\n<meta property=\"og:url\" content=\"https:\/\/magdalenagrande.com\/blog\/liberen-sus-traumas-por-favor-y-gracias\/\" \/>\n<meta property=\"og:site_name\" content=\"Blog de Magdalena Grande\" \/>\n<meta property=\"article:published_time\" content=\"2021-09-13T17:24:58+00:00\" \/>\n<meta property=\"article:modified_time\" content=\"2021-09-13T17:25:09+00:00\" \/>\n<meta property=\"og:image\" content=\"https:\/\/magdalenagrande.com\/blog\/wp-content\/uploads\/2021\/09\/image_editor_output_image917577094-1631553879412-874x1024.jpg\" \/>\n<meta name=\"twitter:card\" content=\"summary\" \/>\n<meta name=\"twitter:label1\" content=\"Escrito por\" \/>\n\t<meta name=\"twitter:data1\" content=\"magdalena_grande\" \/>\n\t<meta name=\"twitter:label2\" content=\"Tiempo de lectura\" \/>\n\t<meta name=\"twitter:data2\" content=\"1 minuto\" \/>\n<script type=\"application\/ld+json\" class=\"yoast-schema-graph\">{\"@context\":\"https:\/\/schema.org\",\"@graph\":[{\"@type\":\"WebSite\",\"@id\":\"https:\/\/magdalenagrande.com\/blog\/#website\",\"url\":\"https:\/\/magdalenagrande.com\/blog\/\",\"name\":\"Blog de Magdalena Grande\",\"description\":\"Crecimiento personal, alta sensibilidad y educaci\\u00f3n emocional\",\"potentialAction\":[{\"@type\":\"SearchAction\",\"target\":{\"@type\":\"EntryPoint\",\"urlTemplate\":\"https:\/\/magdalenagrande.com\/blog\/?s={search_term_string}\"},\"query-input\":\"required name=search_term_string\"}],\"inLanguage\":\"es\"},{\"@type\":\"ImageObject\",\"@id\":\"https:\/\/magdalenagrande.com\/blog\/liberen-sus-traumas-por-favor-y-gracias\/#primaryimage\",\"inLanguage\":\"es\",\"url\":\"https:\/\/magdalenagrande.com\/blog\/wp-content\/uploads\/2021\/09\/image_editor_output_image917577094-1631553879412.jpg\",\"contentUrl\":\"https:\/\/magdalenagrande.com\/blog\/wp-content\/uploads\/2021\/09\/image_editor_output_image917577094-1631553879412.jpg\",\"width\":1059,\"height\":1241},{\"@type\":\"WebPage\",\"@id\":\"https:\/\/magdalenagrande.com\/blog\/liberen-sus-traumas-por-favor-y-gracias\/#webpage\",\"url\":\"https:\/\/magdalenagrande.com\/blog\/liberen-sus-traumas-por-favor-y-gracias\/\",\"name\":\"Liberen sus traumas, por favor (y gracias) - Blog de Magdalena Grande\",\"isPartOf\":{\"@id\":\"https:\/\/magdalenagrande.com\/blog\/#website\"},\"primaryImageOfPage\":{\"@id\":\"https:\/\/magdalenagrande.com\/blog\/liberen-sus-traumas-por-favor-y-gracias\/#primaryimage\"},\"datePublished\":\"2021-09-13T17:24:58+00:00\",\"dateModified\":\"2021-09-13T17:25:09+00:00\",\"author\":{\"@id\":\"https:\/\/magdalenagrande.com\/blog\/#\/schema\/person\/f8460fd9e22f0d0d09ef55ae7a4f6791\"},\"breadcrumb\":{\"@id\":\"https:\/\/magdalenagrande.com\/blog\/liberen-sus-traumas-por-favor-y-gracias\/#breadcrumb\"},\"inLanguage\":\"es\",\"potentialAction\":[{\"@type\":\"ReadAction\",\"target\":[\"https:\/\/magdalenagrande.com\/blog\/liberen-sus-traumas-por-favor-y-gracias\/\"]}]},{\"@type\":\"BreadcrumbList\",\"@id\":\"https:\/\/magdalenagrande.com\/blog\/liberen-sus-traumas-por-favor-y-gracias\/#breadcrumb\",\"itemListElement\":[{\"@type\":\"ListItem\",\"position\":1,\"name\":\"Portada\",\"item\":\"https:\/\/magdalenagrande.com\/blog\/\"},{\"@type\":\"ListItem\",\"position\":2,\"name\":\"Liberen sus traumas, por favor (y gracias)\"}]},{\"@type\":\"Person\",\"@id\":\"https:\/\/magdalenagrande.com\/blog\/#\/schema\/person\/f8460fd9e22f0d0d09ef55ae7a4f6791\",\"name\":\"magdalena_grande\"}]}<\/script>\n<!-- \/ Yoast SEO plugin. -->","yoast_head_json":{"title":"Liberen sus traumas, por favor (y gracias) - Blog de Magdalena Grande","robots":{"index":"index","follow":"follow","max-snippet":"max-snippet:-1","max-image-preview":"max-image-preview:large","max-video-preview":"max-video-preview:-1"},"canonical":"https:\/\/magdalenagrande.com\/blog\/liberen-sus-traumas-por-favor-y-gracias\/","og_locale":"es_ES","og_type":"article","og_title":"Liberen sus traumas, por favor (y gracias) - Blog de Magdalena Grande","og_description":"Madre m\u00eda cu\u00e1nta oscuridad acumulamos sin darnos cuenta de ello. Luego sucede que haces una terapia o constelas y las semanas posteriores empiezas a ver los traumas y los bloqueos con infinita claridad. Y lloras&#8230; Buffff, claro que lloras. Un mont\u00f3n. Porque sanar y liberar nunca es sencillo, pero sanas cosas que jam\u00e1s pensabas que [&hellip;]","og_url":"https:\/\/magdalenagrande.com\/blog\/liberen-sus-traumas-por-favor-y-gracias\/","og_site_name":"Blog de Magdalena Grande","article_published_time":"2021-09-13T17:24:58+00:00","article_modified_time":"2021-09-13T17:25:09+00:00","og_image":[{"url":"https:\/\/magdalenagrande.com\/blog\/wp-content\/uploads\/2021\/09\/image_editor_output_image917577094-1631553879412-874x1024.jpg"}],"twitter_card":"summary","twitter_misc":{"Escrito por":"magdalena_grande","Tiempo de lectura":"1 minuto"},"schema":{"@context":"https:\/\/schema.org","@graph":[{"@type":"WebSite","@id":"https:\/\/magdalenagrande.com\/blog\/#website","url":"https:\/\/magdalenagrande.com\/blog\/","name":"Blog de Magdalena Grande","description":"Crecimiento personal, alta sensibilidad y educaci\u00f3n emocional","potentialAction":[{"@type":"SearchAction","target":{"@type":"EntryPoint","urlTemplate":"https:\/\/magdalenagrande.com\/blog\/?s={search_term_string}"},"query-input":"required name=search_term_string"}],"inLanguage":"es"},{"@type":"ImageObject","@id":"https:\/\/magdalenagrande.com\/blog\/liberen-sus-traumas-por-favor-y-gracias\/#primaryimage","inLanguage":"es","url":"https:\/\/magdalenagrande.com\/blog\/wp-content\/uploads\/2021\/09\/image_editor_output_image917577094-1631553879412.jpg","contentUrl":"https:\/\/magdalenagrande.com\/blog\/wp-content\/uploads\/2021\/09\/image_editor_output_image917577094-1631553879412.jpg","width":1059,"height":1241},{"@type":"WebPage","@id":"https:\/\/magdalenagrande.com\/blog\/liberen-sus-traumas-por-favor-y-gracias\/#webpage","url":"https:\/\/magdalenagrande.com\/blog\/liberen-sus-traumas-por-favor-y-gracias\/","name":"Liberen sus traumas, por favor (y gracias) - Blog de Magdalena Grande","isPartOf":{"@id":"https:\/\/magdalenagrande.com\/blog\/#website"},"primaryImageOfPage":{"@id":"https:\/\/magdalenagrande.com\/blog\/liberen-sus-traumas-por-favor-y-gracias\/#primaryimage"},"datePublished":"2021-09-13T17:24:58+00:00","dateModified":"2021-09-13T17:25:09+00:00","author":{"@id":"https:\/\/magdalenagrande.com\/blog\/#\/schema\/person\/f8460fd9e22f0d0d09ef55ae7a4f6791"},"breadcrumb":{"@id":"https:\/\/magdalenagrande.com\/blog\/liberen-sus-traumas-por-favor-y-gracias\/#breadcrumb"},"inLanguage":"es","potentialAction":[{"@type":"ReadAction","target":["https:\/\/magdalenagrande.com\/blog\/liberen-sus-traumas-por-favor-y-gracias\/"]}]},{"@type":"BreadcrumbList","@id":"https:\/\/magdalenagrande.com\/blog\/liberen-sus-traumas-por-favor-y-gracias\/#breadcrumb","itemListElement":[{"@type":"ListItem","position":1,"name":"Portada","item":"https:\/\/magdalenagrande.com\/blog\/"},{"@type":"ListItem","position":2,"name":"Liberen sus traumas, por favor (y gracias)"}]},{"@type":"Person","@id":"https:\/\/magdalenagrande.com\/blog\/#\/schema\/person\/f8460fd9e22f0d0d09ef55ae7a4f6791","name":"magdalena_grande"}]}},"_links":{"self":[{"href":"https:\/\/magdalenagrande.com\/blog\/wp-json\/wp\/v2\/posts\/479","targetHints":{"allow":["GET"]}}],"collection":[{"href":"https:\/\/magdalenagrande.com\/blog\/wp-json\/wp\/v2\/posts"}],"about":[{"href":"https:\/\/magdalenagrande.com\/blog\/wp-json\/wp\/v2\/types\/post"}],"author":[{"embeddable":true,"href":"https:\/\/magdalenagrande.com\/blog\/wp-json\/wp\/v2\/users\/1"}],"replies":[{"embeddable":true,"href":"https:\/\/magdalenagrande.com\/blog\/wp-json\/wp\/v2\/comments?post=479"}],"version-history":[{"count":1,"href":"https:\/\/magdalenagrande.com\/blog\/wp-json\/wp\/v2\/posts\/479\/revisions"}],"predecessor-version":[{"id":480,"href":"https:\/\/magdalenagrande.com\/blog\/wp-json\/wp\/v2\/posts\/479\/revisions\/480"}],"wp:attachment":[{"href":"https:\/\/magdalenagrande.com\/blog\/wp-json\/wp\/v2\/media?parent=479"}],"wp:term":[{"taxonomy":"category","embeddable":true,"href":"https:\/\/magdalenagrande.com\/blog\/wp-json\/wp\/v2\/categories?post=479"},{"taxonomy":"post_tag","embeddable":true,"href":"https:\/\/magdalenagrande.com\/blog\/wp-json\/wp\/v2\/tags?post=479"}],"curies":[{"name":"wp","href":"https:\/\/api.w.org\/{rel}","templated":true}]}}