{"id":485,"date":"2021-09-13T17:28:22","date_gmt":"2021-09-13T17:28:22","guid":{"rendered":"https:\/\/magdalenagrande.com\/blog\/?p=485"},"modified":"2021-09-13T17:28:34","modified_gmt":"2021-09-13T17:28:34","slug":"el-tiempo-enfria-los-sentimientos","status":"publish","type":"post","link":"https:\/\/magdalenagrande.com\/blog\/el-tiempo-enfria-los-sentimientos\/","title":{"rendered":"\u00bfEl tiempo enfr\u00eda los sentimientos?"},"content":{"rendered":"\n<p>Ayer os preguntaba vuestra opini\u00f3n y un 74% cree que s\u00ed, que el tiempo tiene esa habilidad para enfriar nuestros sentimientos. Otros me hab\u00e9is escrito d\u00e1ndome vuestra opini\u00f3n (infinitas gracias) y hab\u00eda respuestas desde depende hasta otras que inclu\u00edan nuevos factores como la actitud de las personas.<\/p>\n\n\n\n<p>Es una pregunta muy general que tiene infinidad de matices, est\u00e1 claro, pero lo &#8216;divertido&#8217; es mojarse inicialmente al s\u00ed o al no. Lo m\u00e1s gracioso, para mi, es saber c\u00f3mo esta frase que es igual para todos, a cada uno, nos ha evocado a una situaci\u00f3n concreta de nuestras vidas. \u00bfT\u00fa tambi\u00e9n la has llevado a tu vida?<\/p>\n\n\n\n<p>A medida que pasa el tiempo y vamos conociendo m\u00e1s a los dem\u00e1s, tenemos la capacidad de crear lazos y conexiones muy profundos con las personas de nuestro entorno, especialmente aquellas a las que nosotros elegimos.<\/p>\n\n\n\n<p>Sin embargo, tambi\u00e9n parece necesario esforzarse por mantener vivo ese v\u00ednculo para que permanezca. Los sentimientos se van transformando con el tiempo, que se enfr\u00eden o no depende de otras muchas cosas.<\/p>\n\n\n\n<p>Algunas de ellas est\u00e1n en nuestra mano y dependen de nosotros, como mantener un contacto estrecho, estar ah\u00ed cuando el otro lo necesite y posibilitar contactos de calidad.<\/p>\n\n\n\n<p>Despu\u00e9s de mucha reflexi\u00f3n no s\u00e9 si es realmente el tiempo, quien se encarga de enfriar las cosas o tal vez la distancia. Creo que uno de los factores de m\u00e1s peso ser\u00eda la ausencia de contacto.<\/p>\n\n\n\n<p>\u00bfT\u00fa qu\u00e9 opinas? \u00bfEl tiempo enfr\u00eda los sentimientos? \u00bfQu\u00e9 otros factores hacen que dejemos de sentir?<\/p>\n\n\n\n<p>#personasaltamentesensibles #inteligenciaemocional #sentimientos #PAS #sensibilidadconsciente #potenciarlossentimientos #altasensibilidad #cursoparapas #consultaonline #terapiaonline #magdalenagrande #cursoaltasensibilidad<\/p>\n\n\n\n<p>@personas_altamente_sensibles<\/p>\n\n\n\n<p>Www.magdalenagrande.com <\/p>\n\n\n\n<figure class=\"wp-block-image size-large\"><img loading=\"lazy\" decoding=\"async\" width=\"880\" height=\"1024\" src=\"https:\/\/magdalenagrande.com\/blog\/wp-content\/uploads\/2021\/09\/image_editor_output_image1780531623-1631554075176-880x1024.jpg\" alt=\"\" class=\"wp-image-484\" srcset=\"https:\/\/magdalenagrande.com\/blog\/wp-content\/uploads\/2021\/09\/image_editor_output_image1780531623-1631554075176-880x1024.jpg 880w, https:\/\/magdalenagrande.com\/blog\/wp-content\/uploads\/2021\/09\/image_editor_output_image1780531623-1631554075176-258x300.jpg 258w, https:\/\/magdalenagrande.com\/blog\/wp-content\/uploads\/2021\/09\/image_editor_output_image1780531623-1631554075176-768x894.jpg 768w, https:\/\/magdalenagrande.com\/blog\/wp-content\/uploads\/2021\/09\/image_editor_output_image1780531623-1631554075176.jpg 1051w\" sizes=\"auto, (max-width: 880px) 100vw, 880px\" \/><\/figure>\n","protected":false},"excerpt":{"rendered":"<p>Ayer os preguntaba vuestra opini\u00f3n y un 74% cree que s\u00ed, que el tiempo tiene esa habilidad para enfriar nuestros sentimientos. Otros me hab\u00e9is escrito d\u00e1ndome vuestra opini\u00f3n (infinitas gracias) y hab\u00eda respuestas desde depende hasta otras que inclu\u00edan nuevos factores como la actitud de las personas. Es una pregunta muy general que tiene infinidad [&hellip;]<\/p>\n","protected":false},"author":1,"featured_media":0,"comment_status":"closed","ping_status":"closed","sticky":false,"template":"","format":"standard","meta":{"sfsi_plus_gutenberg_text_before_share":"","sfsi_plus_gutenberg_show_text_before_share":"","sfsi_plus_gutenberg_icon_type":"","sfsi_plus_gutenberg_icon_alignemt":"","sfsi_plus_gutenburg_max_per_row":"","footnotes":""},"categories":[10,65,77],"tags":[],"class_list":["post-485","post","type-post","status-publish","format-standard","hentry","category-emociones","category-personas-y-ninos-altamente-sensibles","category-preguntas-alta-sensibilidad"],"yoast_head":"<!-- This site is optimized with the Yoast SEO plugin v17.0 - https:\/\/yoast.com\/wordpress\/plugins\/seo\/ -->\n<title>\u00bfEl tiempo enfr\u00eda los sentimientos? - Blog de Magdalena Grande<\/title>\n<meta name=\"robots\" content=\"index, follow, max-snippet:-1, max-image-preview:large, max-video-preview:-1\" \/>\n<link rel=\"canonical\" href=\"https:\/\/magdalenagrande.com\/blog\/el-tiempo-enfria-los-sentimientos\/\" \/>\n<meta property=\"og:locale\" content=\"es_ES\" \/>\n<meta property=\"og:type\" content=\"article\" \/>\n<meta property=\"og:title\" content=\"\u00bfEl tiempo enfr\u00eda los sentimientos? - Blog de Magdalena Grande\" \/>\n<meta property=\"og:description\" content=\"Ayer os preguntaba vuestra opini\u00f3n y un 74% cree que s\u00ed, que el tiempo tiene esa habilidad para enfriar nuestros sentimientos. Otros me hab\u00e9is escrito d\u00e1ndome vuestra opini\u00f3n (infinitas gracias) y hab\u00eda respuestas desde depende hasta otras que inclu\u00edan nuevos factores como la actitud de las personas. Es una pregunta muy general que tiene infinidad [&hellip;]\" \/>\n<meta property=\"og:url\" content=\"https:\/\/magdalenagrande.com\/blog\/el-tiempo-enfria-los-sentimientos\/\" \/>\n<meta property=\"og:site_name\" content=\"Blog de Magdalena Grande\" \/>\n<meta property=\"article:published_time\" content=\"2021-09-13T17:28:22+00:00\" \/>\n<meta property=\"article:modified_time\" content=\"2021-09-13T17:28:34+00:00\" \/>\n<meta property=\"og:image\" content=\"https:\/\/magdalenagrande.com\/blog\/wp-content\/uploads\/2021\/09\/image_editor_output_image1780531623-1631554075176-880x1024.jpg\" \/>\n<meta name=\"twitter:card\" content=\"summary\" \/>\n<meta name=\"twitter:label1\" content=\"Escrito por\" \/>\n\t<meta name=\"twitter:data1\" content=\"magdalena_grande\" \/>\n\t<meta name=\"twitter:label2\" content=\"Tiempo de lectura\" \/>\n\t<meta name=\"twitter:data2\" content=\"1 minuto\" \/>\n<script type=\"application\/ld+json\" class=\"yoast-schema-graph\">{\"@context\":\"https:\/\/schema.org\",\"@graph\":[{\"@type\":\"WebSite\",\"@id\":\"https:\/\/magdalenagrande.com\/blog\/#website\",\"url\":\"https:\/\/magdalenagrande.com\/blog\/\",\"name\":\"Blog de Magdalena Grande\",\"description\":\"Crecimiento personal, alta sensibilidad y educaci\\u00f3n emocional\",\"potentialAction\":[{\"@type\":\"SearchAction\",\"target\":{\"@type\":\"EntryPoint\",\"urlTemplate\":\"https:\/\/magdalenagrande.com\/blog\/?s={search_term_string}\"},\"query-input\":\"required name=search_term_string\"}],\"inLanguage\":\"es\"},{\"@type\":\"ImageObject\",\"@id\":\"https:\/\/magdalenagrande.com\/blog\/el-tiempo-enfria-los-sentimientos\/#primaryimage\",\"inLanguage\":\"es\",\"url\":\"https:\/\/magdalenagrande.com\/blog\/wp-content\/uploads\/2021\/09\/image_editor_output_image1780531623-1631554075176.jpg\",\"contentUrl\":\"https:\/\/magdalenagrande.com\/blog\/wp-content\/uploads\/2021\/09\/image_editor_output_image1780531623-1631554075176.jpg\",\"width\":1051,\"height\":1223},{\"@type\":\"WebPage\",\"@id\":\"https:\/\/magdalenagrande.com\/blog\/el-tiempo-enfria-los-sentimientos\/#webpage\",\"url\":\"https:\/\/magdalenagrande.com\/blog\/el-tiempo-enfria-los-sentimientos\/\",\"name\":\"\\u00bfEl tiempo enfr\\u00eda los sentimientos? - Blog de Magdalena Grande\",\"isPartOf\":{\"@id\":\"https:\/\/magdalenagrande.com\/blog\/#website\"},\"primaryImageOfPage\":{\"@id\":\"https:\/\/magdalenagrande.com\/blog\/el-tiempo-enfria-los-sentimientos\/#primaryimage\"},\"datePublished\":\"2021-09-13T17:28:22+00:00\",\"dateModified\":\"2021-09-13T17:28:34+00:00\",\"author\":{\"@id\":\"https:\/\/magdalenagrande.com\/blog\/#\/schema\/person\/f8460fd9e22f0d0d09ef55ae7a4f6791\"},\"breadcrumb\":{\"@id\":\"https:\/\/magdalenagrande.com\/blog\/el-tiempo-enfria-los-sentimientos\/#breadcrumb\"},\"inLanguage\":\"es\",\"potentialAction\":[{\"@type\":\"ReadAction\",\"target\":[\"https:\/\/magdalenagrande.com\/blog\/el-tiempo-enfria-los-sentimientos\/\"]}]},{\"@type\":\"BreadcrumbList\",\"@id\":\"https:\/\/magdalenagrande.com\/blog\/el-tiempo-enfria-los-sentimientos\/#breadcrumb\",\"itemListElement\":[{\"@type\":\"ListItem\",\"position\":1,\"name\":\"Portada\",\"item\":\"https:\/\/magdalenagrande.com\/blog\/\"},{\"@type\":\"ListItem\",\"position\":2,\"name\":\"\\u00bfEl tiempo enfr\\u00eda los sentimientos?\"}]},{\"@type\":\"Person\",\"@id\":\"https:\/\/magdalenagrande.com\/blog\/#\/schema\/person\/f8460fd9e22f0d0d09ef55ae7a4f6791\",\"name\":\"magdalena_grande\"}]}<\/script>\n<!-- \/ Yoast SEO plugin. -->","yoast_head_json":{"title":"\u00bfEl tiempo enfr\u00eda los sentimientos? - Blog de Magdalena Grande","robots":{"index":"index","follow":"follow","max-snippet":"max-snippet:-1","max-image-preview":"max-image-preview:large","max-video-preview":"max-video-preview:-1"},"canonical":"https:\/\/magdalenagrande.com\/blog\/el-tiempo-enfria-los-sentimientos\/","og_locale":"es_ES","og_type":"article","og_title":"\u00bfEl tiempo enfr\u00eda los sentimientos? - Blog de Magdalena Grande","og_description":"Ayer os preguntaba vuestra opini\u00f3n y un 74% cree que s\u00ed, que el tiempo tiene esa habilidad para enfriar nuestros sentimientos. Otros me hab\u00e9is escrito d\u00e1ndome vuestra opini\u00f3n (infinitas gracias) y hab\u00eda respuestas desde depende hasta otras que inclu\u00edan nuevos factores como la actitud de las personas. Es una pregunta muy general que tiene infinidad [&hellip;]","og_url":"https:\/\/magdalenagrande.com\/blog\/el-tiempo-enfria-los-sentimientos\/","og_site_name":"Blog de Magdalena Grande","article_published_time":"2021-09-13T17:28:22+00:00","article_modified_time":"2021-09-13T17:28:34+00:00","og_image":[{"url":"https:\/\/magdalenagrande.com\/blog\/wp-content\/uploads\/2021\/09\/image_editor_output_image1780531623-1631554075176-880x1024.jpg"}],"twitter_card":"summary","twitter_misc":{"Escrito por":"magdalena_grande","Tiempo de lectura":"1 minuto"},"schema":{"@context":"https:\/\/schema.org","@graph":[{"@type":"WebSite","@id":"https:\/\/magdalenagrande.com\/blog\/#website","url":"https:\/\/magdalenagrande.com\/blog\/","name":"Blog de Magdalena Grande","description":"Crecimiento personal, alta sensibilidad y educaci\u00f3n emocional","potentialAction":[{"@type":"SearchAction","target":{"@type":"EntryPoint","urlTemplate":"https:\/\/magdalenagrande.com\/blog\/?s={search_term_string}"},"query-input":"required name=search_term_string"}],"inLanguage":"es"},{"@type":"ImageObject","@id":"https:\/\/magdalenagrande.com\/blog\/el-tiempo-enfria-los-sentimientos\/#primaryimage","inLanguage":"es","url":"https:\/\/magdalenagrande.com\/blog\/wp-content\/uploads\/2021\/09\/image_editor_output_image1780531623-1631554075176.jpg","contentUrl":"https:\/\/magdalenagrande.com\/blog\/wp-content\/uploads\/2021\/09\/image_editor_output_image1780531623-1631554075176.jpg","width":1051,"height":1223},{"@type":"WebPage","@id":"https:\/\/magdalenagrande.com\/blog\/el-tiempo-enfria-los-sentimientos\/#webpage","url":"https:\/\/magdalenagrande.com\/blog\/el-tiempo-enfria-los-sentimientos\/","name":"\u00bfEl tiempo enfr\u00eda los sentimientos? - Blog de Magdalena Grande","isPartOf":{"@id":"https:\/\/magdalenagrande.com\/blog\/#website"},"primaryImageOfPage":{"@id":"https:\/\/magdalenagrande.com\/blog\/el-tiempo-enfria-los-sentimientos\/#primaryimage"},"datePublished":"2021-09-13T17:28:22+00:00","dateModified":"2021-09-13T17:28:34+00:00","author":{"@id":"https:\/\/magdalenagrande.com\/blog\/#\/schema\/person\/f8460fd9e22f0d0d09ef55ae7a4f6791"},"breadcrumb":{"@id":"https:\/\/magdalenagrande.com\/blog\/el-tiempo-enfria-los-sentimientos\/#breadcrumb"},"inLanguage":"es","potentialAction":[{"@type":"ReadAction","target":["https:\/\/magdalenagrande.com\/blog\/el-tiempo-enfria-los-sentimientos\/"]}]},{"@type":"BreadcrumbList","@id":"https:\/\/magdalenagrande.com\/blog\/el-tiempo-enfria-los-sentimientos\/#breadcrumb","itemListElement":[{"@type":"ListItem","position":1,"name":"Portada","item":"https:\/\/magdalenagrande.com\/blog\/"},{"@type":"ListItem","position":2,"name":"\u00bfEl tiempo enfr\u00eda los sentimientos?"}]},{"@type":"Person","@id":"https:\/\/magdalenagrande.com\/blog\/#\/schema\/person\/f8460fd9e22f0d0d09ef55ae7a4f6791","name":"magdalena_grande"}]}},"_links":{"self":[{"href":"https:\/\/magdalenagrande.com\/blog\/wp-json\/wp\/v2\/posts\/485","targetHints":{"allow":["GET"]}}],"collection":[{"href":"https:\/\/magdalenagrande.com\/blog\/wp-json\/wp\/v2\/posts"}],"about":[{"href":"https:\/\/magdalenagrande.com\/blog\/wp-json\/wp\/v2\/types\/post"}],"author":[{"embeddable":true,"href":"https:\/\/magdalenagrande.com\/blog\/wp-json\/wp\/v2\/users\/1"}],"replies":[{"embeddable":true,"href":"https:\/\/magdalenagrande.com\/blog\/wp-json\/wp\/v2\/comments?post=485"}],"version-history":[{"count":1,"href":"https:\/\/magdalenagrande.com\/blog\/wp-json\/wp\/v2\/posts\/485\/revisions"}],"predecessor-version":[{"id":486,"href":"https:\/\/magdalenagrande.com\/blog\/wp-json\/wp\/v2\/posts\/485\/revisions\/486"}],"wp:attachment":[{"href":"https:\/\/magdalenagrande.com\/blog\/wp-json\/wp\/v2\/media?parent=485"}],"wp:term":[{"taxonomy":"category","embeddable":true,"href":"https:\/\/magdalenagrande.com\/blog\/wp-json\/wp\/v2\/categories?post=485"},{"taxonomy":"post_tag","embeddable":true,"href":"https:\/\/magdalenagrande.com\/blog\/wp-json\/wp\/v2\/tags?post=485"}],"curies":[{"name":"wp","href":"https:\/\/api.w.org\/{rel}","templated":true}]}}