{"id":500,"date":"2021-09-13T17:37:53","date_gmt":"2021-09-13T17:37:53","guid":{"rendered":"https:\/\/magdalenagrande.com\/blog\/?p=500"},"modified":"2021-09-13T17:38:00","modified_gmt":"2021-09-13T17:38:00","slug":"oscuridad","status":"publish","type":"post","link":"https:\/\/magdalenagrande.com\/blog\/oscuridad\/","title":{"rendered":"Oscuridad"},"content":{"rendered":"\n<p>A oscuras.<\/p>\n\n\n\n<p>No recuerdo la \u00faltima vez que te pens\u00e9, ni que te vi.<\/p>\n\n\n\n<p>No recuerdo el dolor en las entra\u00f1as tras cada pu\u00f1alada.<\/p>\n\n\n\n<p>Ni el vac\u00edo.<\/p>\n\n\n\n<p>Sin ti,<br \/>Sin mi.<\/p>\n\n\n\n<p>Porque en realidad, al perdernos, perdimos los dos.<\/p>\n\n\n\n<p>Y seguramente, al perdemos, nos ganamos a nosotros mismos.<\/p>\n\n\n\n<p>Si vali\u00f3 la pena o si hubiera compensado otro camino, no lo sabremos.<\/p>\n\n\n\n<p>Sabemos que estamos vivos, en este aqu\u00ed y ahora, separados por la distancia y el tiempo pero unidos en un mill\u00f3n de formas.<\/p>\n\n\n\n<p>Sabemos que hay que vivir, que para eso vinimos.<\/p>\n\n\n\n<p>Sabemos, a oscuras, que la sombra ocupa la misma proporci\u00f3n que la luz y que hay que adentrarse y perder el miedo.<\/p>\n\n\n\n<p>No pierdas de vista tu objetivo.<\/p>\n\n\n\n<p>Viniste a vivir.<\/p>\n\n\n\n<p>\u00bfEstoy viviendo? \u00bfEst\u00e1s viviendo?<\/p>\n\n\n\n<p>#personasaltamentesensibles #sensibilidadconsciente #altasensibilidad #PAS #cursoparapas #consultaonline #terapiaonline #magdalenagrande #cursoaltasensibilidad<\/p>\n\n\n\n<p>@personas_altamente_sensibles<\/p>\n\n\n\n<p>Www.magdalenagrande.com <\/p>\n\n\n\n<figure class=\"wp-block-image size-large\"><img loading=\"lazy\" decoding=\"async\" width=\"895\" height=\"1024\" src=\"https:\/\/magdalenagrande.com\/blog\/wp-content\/uploads\/2021\/09\/image_editor_output_image-1286768984-1631554662506-895x1024.jpg\" alt=\"\" class=\"wp-image-499\" srcset=\"https:\/\/magdalenagrande.com\/blog\/wp-content\/uploads\/2021\/09\/image_editor_output_image-1286768984-1631554662506-895x1024.jpg 895w, https:\/\/magdalenagrande.com\/blog\/wp-content\/uploads\/2021\/09\/image_editor_output_image-1286768984-1631554662506-262x300.jpg 262w, https:\/\/magdalenagrande.com\/blog\/wp-content\/uploads\/2021\/09\/image_editor_output_image-1286768984-1631554662506-768x879.jpg 768w, https:\/\/magdalenagrande.com\/blog\/wp-content\/uploads\/2021\/09\/image_editor_output_image-1286768984-1631554662506.jpg 1080w\" sizes=\"auto, (max-width: 895px) 100vw, 895px\" \/><\/figure>\n","protected":false},"excerpt":{"rendered":"<p>A oscuras. No recuerdo la \u00faltima vez que te pens\u00e9, ni que te vi. No recuerdo el dolor en las entra\u00f1as tras cada pu\u00f1alada. Ni el vac\u00edo. Sin ti,Sin mi. Porque en realidad, al perdernos, perdimos los dos. Y seguramente, al perdemos, nos ganamos a nosotros mismos. Si vali\u00f3 la pena o si hubiera compensado [&hellip;]<\/p>\n","protected":false},"author":1,"featured_media":0,"comment_status":"closed","ping_status":"closed","sticky":false,"template":"","format":"standard","meta":{"sfsi_plus_gutenberg_text_before_share":"","sfsi_plus_gutenberg_show_text_before_share":"","sfsi_plus_gutenberg_icon_type":"","sfsi_plus_gutenberg_icon_alignemt":"","sfsi_plus_gutenburg_max_per_row":"","footnotes":""},"categories":[76],"tags":[],"class_list":["post-500","post","type-post","status-publish","format-standard","hentry","category-palabras-consciencia"],"yoast_head":"<!-- This site is optimized with the Yoast SEO plugin v17.0 - https:\/\/yoast.com\/wordpress\/plugins\/seo\/ -->\n<title>Oscuridad - Blog de Magdalena Grande<\/title>\n<meta name=\"robots\" content=\"index, follow, max-snippet:-1, max-image-preview:large, max-video-preview:-1\" \/>\n<link rel=\"canonical\" href=\"https:\/\/magdalenagrande.com\/blog\/oscuridad\/\" \/>\n<meta property=\"og:locale\" content=\"es_ES\" \/>\n<meta property=\"og:type\" content=\"article\" \/>\n<meta property=\"og:title\" content=\"Oscuridad - Blog de Magdalena Grande\" \/>\n<meta property=\"og:description\" content=\"A oscuras. No recuerdo la \u00faltima vez que te pens\u00e9, ni que te vi. No recuerdo el dolor en las entra\u00f1as tras cada pu\u00f1alada. Ni el vac\u00edo. Sin ti,Sin mi. Porque en realidad, al perdernos, perdimos los dos. Y seguramente, al perdemos, nos ganamos a nosotros mismos. Si vali\u00f3 la pena o si hubiera compensado [&hellip;]\" \/>\n<meta property=\"og:url\" content=\"https:\/\/magdalenagrande.com\/blog\/oscuridad\/\" \/>\n<meta property=\"og:site_name\" content=\"Blog de Magdalena Grande\" \/>\n<meta property=\"article:published_time\" content=\"2021-09-13T17:37:53+00:00\" \/>\n<meta property=\"article:modified_time\" content=\"2021-09-13T17:38:00+00:00\" \/>\n<meta property=\"og:image\" content=\"https:\/\/magdalenagrande.com\/blog\/wp-content\/uploads\/2021\/09\/image_editor_output_image-1286768984-1631554662506-895x1024.jpg\" \/>\n<meta name=\"twitter:card\" content=\"summary\" \/>\n<meta name=\"twitter:label1\" content=\"Escrito por\" \/>\n\t<meta name=\"twitter:data1\" content=\"magdalena_grande\" \/>\n\t<meta name=\"twitter:label2\" content=\"Tiempo de lectura\" \/>\n\t<meta name=\"twitter:data2\" content=\"1 minuto\" \/>\n<script type=\"application\/ld+json\" class=\"yoast-schema-graph\">{\"@context\":\"https:\/\/schema.org\",\"@graph\":[{\"@type\":\"WebSite\",\"@id\":\"https:\/\/magdalenagrande.com\/blog\/#website\",\"url\":\"https:\/\/magdalenagrande.com\/blog\/\",\"name\":\"Blog de Magdalena Grande\",\"description\":\"Crecimiento personal, alta sensibilidad y educaci\\u00f3n emocional\",\"potentialAction\":[{\"@type\":\"SearchAction\",\"target\":{\"@type\":\"EntryPoint\",\"urlTemplate\":\"https:\/\/magdalenagrande.com\/blog\/?s={search_term_string}\"},\"query-input\":\"required name=search_term_string\"}],\"inLanguage\":\"es\"},{\"@type\":\"ImageObject\",\"@id\":\"https:\/\/magdalenagrande.com\/blog\/oscuridad\/#primaryimage\",\"inLanguage\":\"es\",\"url\":\"https:\/\/magdalenagrande.com\/blog\/wp-content\/uploads\/2021\/09\/image_editor_output_image-1286768984-1631554662506.jpg\",\"contentUrl\":\"https:\/\/magdalenagrande.com\/blog\/wp-content\/uploads\/2021\/09\/image_editor_output_image-1286768984-1631554662506.jpg\",\"width\":1080,\"height\":1236},{\"@type\":\"WebPage\",\"@id\":\"https:\/\/magdalenagrande.com\/blog\/oscuridad\/#webpage\",\"url\":\"https:\/\/magdalenagrande.com\/blog\/oscuridad\/\",\"name\":\"Oscuridad - Blog de Magdalena Grande\",\"isPartOf\":{\"@id\":\"https:\/\/magdalenagrande.com\/blog\/#website\"},\"primaryImageOfPage\":{\"@id\":\"https:\/\/magdalenagrande.com\/blog\/oscuridad\/#primaryimage\"},\"datePublished\":\"2021-09-13T17:37:53+00:00\",\"dateModified\":\"2021-09-13T17:38:00+00:00\",\"author\":{\"@id\":\"https:\/\/magdalenagrande.com\/blog\/#\/schema\/person\/f8460fd9e22f0d0d09ef55ae7a4f6791\"},\"breadcrumb\":{\"@id\":\"https:\/\/magdalenagrande.com\/blog\/oscuridad\/#breadcrumb\"},\"inLanguage\":\"es\",\"potentialAction\":[{\"@type\":\"ReadAction\",\"target\":[\"https:\/\/magdalenagrande.com\/blog\/oscuridad\/\"]}]},{\"@type\":\"BreadcrumbList\",\"@id\":\"https:\/\/magdalenagrande.com\/blog\/oscuridad\/#breadcrumb\",\"itemListElement\":[{\"@type\":\"ListItem\",\"position\":1,\"name\":\"Portada\",\"item\":\"https:\/\/magdalenagrande.com\/blog\/\"},{\"@type\":\"ListItem\",\"position\":2,\"name\":\"Oscuridad\"}]},{\"@type\":\"Person\",\"@id\":\"https:\/\/magdalenagrande.com\/blog\/#\/schema\/person\/f8460fd9e22f0d0d09ef55ae7a4f6791\",\"name\":\"magdalena_grande\"}]}<\/script>\n<!-- \/ Yoast SEO plugin. -->","yoast_head_json":{"title":"Oscuridad - Blog de Magdalena Grande","robots":{"index":"index","follow":"follow","max-snippet":"max-snippet:-1","max-image-preview":"max-image-preview:large","max-video-preview":"max-video-preview:-1"},"canonical":"https:\/\/magdalenagrande.com\/blog\/oscuridad\/","og_locale":"es_ES","og_type":"article","og_title":"Oscuridad - Blog de Magdalena Grande","og_description":"A oscuras. No recuerdo la \u00faltima vez que te pens\u00e9, ni que te vi. No recuerdo el dolor en las entra\u00f1as tras cada pu\u00f1alada. Ni el vac\u00edo. Sin ti,Sin mi. Porque en realidad, al perdernos, perdimos los dos. Y seguramente, al perdemos, nos ganamos a nosotros mismos. Si vali\u00f3 la pena o si hubiera compensado [&hellip;]","og_url":"https:\/\/magdalenagrande.com\/blog\/oscuridad\/","og_site_name":"Blog de Magdalena Grande","article_published_time":"2021-09-13T17:37:53+00:00","article_modified_time":"2021-09-13T17:38:00+00:00","og_image":[{"url":"https:\/\/magdalenagrande.com\/blog\/wp-content\/uploads\/2021\/09\/image_editor_output_image-1286768984-1631554662506-895x1024.jpg"}],"twitter_card":"summary","twitter_misc":{"Escrito por":"magdalena_grande","Tiempo de lectura":"1 minuto"},"schema":{"@context":"https:\/\/schema.org","@graph":[{"@type":"WebSite","@id":"https:\/\/magdalenagrande.com\/blog\/#website","url":"https:\/\/magdalenagrande.com\/blog\/","name":"Blog de Magdalena Grande","description":"Crecimiento personal, alta sensibilidad y educaci\u00f3n emocional","potentialAction":[{"@type":"SearchAction","target":{"@type":"EntryPoint","urlTemplate":"https:\/\/magdalenagrande.com\/blog\/?s={search_term_string}"},"query-input":"required name=search_term_string"}],"inLanguage":"es"},{"@type":"ImageObject","@id":"https:\/\/magdalenagrande.com\/blog\/oscuridad\/#primaryimage","inLanguage":"es","url":"https:\/\/magdalenagrande.com\/blog\/wp-content\/uploads\/2021\/09\/image_editor_output_image-1286768984-1631554662506.jpg","contentUrl":"https:\/\/magdalenagrande.com\/blog\/wp-content\/uploads\/2021\/09\/image_editor_output_image-1286768984-1631554662506.jpg","width":1080,"height":1236},{"@type":"WebPage","@id":"https:\/\/magdalenagrande.com\/blog\/oscuridad\/#webpage","url":"https:\/\/magdalenagrande.com\/blog\/oscuridad\/","name":"Oscuridad - Blog de Magdalena Grande","isPartOf":{"@id":"https:\/\/magdalenagrande.com\/blog\/#website"},"primaryImageOfPage":{"@id":"https:\/\/magdalenagrande.com\/blog\/oscuridad\/#primaryimage"},"datePublished":"2021-09-13T17:37:53+00:00","dateModified":"2021-09-13T17:38:00+00:00","author":{"@id":"https:\/\/magdalenagrande.com\/blog\/#\/schema\/person\/f8460fd9e22f0d0d09ef55ae7a4f6791"},"breadcrumb":{"@id":"https:\/\/magdalenagrande.com\/blog\/oscuridad\/#breadcrumb"},"inLanguage":"es","potentialAction":[{"@type":"ReadAction","target":["https:\/\/magdalenagrande.com\/blog\/oscuridad\/"]}]},{"@type":"BreadcrumbList","@id":"https:\/\/magdalenagrande.com\/blog\/oscuridad\/#breadcrumb","itemListElement":[{"@type":"ListItem","position":1,"name":"Portada","item":"https:\/\/magdalenagrande.com\/blog\/"},{"@type":"ListItem","position":2,"name":"Oscuridad"}]},{"@type":"Person","@id":"https:\/\/magdalenagrande.com\/blog\/#\/schema\/person\/f8460fd9e22f0d0d09ef55ae7a4f6791","name":"magdalena_grande"}]}},"_links":{"self":[{"href":"https:\/\/magdalenagrande.com\/blog\/wp-json\/wp\/v2\/posts\/500","targetHints":{"allow":["GET"]}}],"collection":[{"href":"https:\/\/magdalenagrande.com\/blog\/wp-json\/wp\/v2\/posts"}],"about":[{"href":"https:\/\/magdalenagrande.com\/blog\/wp-json\/wp\/v2\/types\/post"}],"author":[{"embeddable":true,"href":"https:\/\/magdalenagrande.com\/blog\/wp-json\/wp\/v2\/users\/1"}],"replies":[{"embeddable":true,"href":"https:\/\/magdalenagrande.com\/blog\/wp-json\/wp\/v2\/comments?post=500"}],"version-history":[{"count":1,"href":"https:\/\/magdalenagrande.com\/blog\/wp-json\/wp\/v2\/posts\/500\/revisions"}],"predecessor-version":[{"id":501,"href":"https:\/\/magdalenagrande.com\/blog\/wp-json\/wp\/v2\/posts\/500\/revisions\/501"}],"wp:attachment":[{"href":"https:\/\/magdalenagrande.com\/blog\/wp-json\/wp\/v2\/media?parent=500"}],"wp:term":[{"taxonomy":"category","embeddable":true,"href":"https:\/\/magdalenagrande.com\/blog\/wp-json\/wp\/v2\/categories?post=500"},{"taxonomy":"post_tag","embeddable":true,"href":"https:\/\/magdalenagrande.com\/blog\/wp-json\/wp\/v2\/tags?post=500"}],"curies":[{"name":"wp","href":"https:\/\/api.w.org\/{rel}","templated":true}]}}