{"id":509,"date":"2021-09-13T17:44:29","date_gmt":"2021-09-13T17:44:29","guid":{"rendered":"https:\/\/magdalenagrande.com\/blog\/?p=509"},"modified":"2021-09-13T17:45:42","modified_gmt":"2021-09-13T17:45:42","slug":"es-real-el-miedo-al-fracaso","status":"publish","type":"post","link":"https:\/\/magdalenagrande.com\/blog\/es-real-el-miedo-al-fracaso\/","title":{"rendered":"\u00bfEs real el miedo al fracaso?"},"content":{"rendered":"\n<p>El concepto de fracaso siempre me ha parecido bastante relativo. \u00bfQu\u00e9 diferencia hay entre fracasar y equivocarse o perder o perderse? Para aprender hay que equivocarse (necesariamente), para encontrarse hay que haberse perdido (al menos un par de veces).<\/p>\n\n\n\n<p>\u00bfQu\u00e9 co\u00f1o es fracasar (con perd\u00f3n) y por qu\u00e9 nos da tanto miedo?<\/p>\n\n\n\n<p>En realidad ese miedo es irracional porque, si lo piensas bien, se trata de hacer. Claro que todos queremos que nos salga a la primera y que nos encantar\u00eda ser exitosos (proclamemos la abundancia) aunque el camino hay que recorrerlo y cuando es cuesti\u00f3n pura de azar, no tenemos por qu\u00e9 acertar.<\/p>\n\n\n\n<p>\u00bfNo ser\u00e1 el problema de las expectativas que nos pusimos? Pongamos, por ejemplo, que queremos emprender algo y tenemos miedo a hacerlo (ejem). Veamos, \u00bfqu\u00e9 es lo peor que nos podr\u00eda suceder? Si hacemos una planificaci\u00f3n adecuada, una inversi\u00f3n progresiva y responsable, unas expectativas realistas&#8230;<\/p>\n\n\n\n<p>Quiz\u00e1 ah\u00ed el problema ser\u00e1 que esperemos petarlo a la primera, no encontrar ning\u00fan inconveniente e imaginar que seremos los mejores en ese proyecto a la semana&#8230; Tambi\u00e9n es posible que sea al rev\u00e9s, que piense que no estoy suficientemente preparada para emprender y que jam\u00e1s saldr\u00e1 bien porque no ser\u00e9 capaz de hacerlo bien&#8230; \u00a1A veces puede ser hasta una mezcla de las dos! Pero ni lo uno, ni lo otro. Ah\u00ed habr\u00e1 que revisar eso, \u00bfverdad?<\/p>\n\n\n\n<p>Miremos ese miedo a la cara y desnud\u00e9moslo (o desnud\u00e9monos nosotros, lo que sea m\u00e1s f\u00e1cil).<\/p>\n\n\n\n<p>\u00bfC\u00f3mo superas tu miedo al fracaso? \u00bfCrees que cuanto m\u00e1s mayores nos volvemos,&nbsp; menos miedo tenemos?<\/p>\n\n\n\n<p>#miedoalfracaso #personasaltamentesensibles #gesti\u00f3nemocional #PAS #sensibilidadconsciente #inteligenciaemocional #cursoaltasensibilidad #cursoparapas #consultaonline #terapiaonline #magdalenagrande<\/p>\n\n\n\n<p>@personas_altamente_sensibles<\/p>\n\n\n\n<p>Www.magdalenagrande.com <\/p>\n\n\n\n<figure class=\"wp-block-image size-large\"><img loading=\"lazy\" decoding=\"async\" width=\"858\" height=\"1024\" src=\"https:\/\/magdalenagrande.com\/blog\/wp-content\/uploads\/2021\/09\/image_editor_output_image-667320279-1631555061301-858x1024.jpg\" alt=\"\" class=\"wp-image-508\" srcset=\"https:\/\/magdalenagrande.com\/blog\/wp-content\/uploads\/2021\/09\/image_editor_output_image-667320279-1631555061301-858x1024.jpg 858w, https:\/\/magdalenagrande.com\/blog\/wp-content\/uploads\/2021\/09\/image_editor_output_image-667320279-1631555061301-251x300.jpg 251w, https:\/\/magdalenagrande.com\/blog\/wp-content\/uploads\/2021\/09\/image_editor_output_image-667320279-1631555061301-768x917.jpg 768w, https:\/\/magdalenagrande.com\/blog\/wp-content\/uploads\/2021\/09\/image_editor_output_image-667320279-1631555061301.jpg 1070w\" sizes=\"auto, (max-width: 858px) 100vw, 858px\" \/><\/figure>\n","protected":false},"excerpt":{"rendered":"<p>El concepto de fracaso siempre me ha parecido bastante relativo. \u00bfQu\u00e9 diferencia hay entre fracasar y equivocarse o perder o perderse? Para aprender hay que equivocarse (necesariamente), para encontrarse hay que haberse perdido (al menos un par de veces). \u00bfQu\u00e9 co\u00f1o es fracasar (con perd\u00f3n) y por qu\u00e9 nos da tanto miedo? En realidad ese [&hellip;]<\/p>\n","protected":false},"author":1,"featured_media":0,"comment_status":"closed","ping_status":"closed","sticky":false,"template":"","format":"standard","meta":{"sfsi_plus_gutenberg_text_before_share":"","sfsi_plus_gutenberg_show_text_before_share":"","sfsi_plus_gutenberg_icon_type":"","sfsi_plus_gutenberg_icon_alignemt":"","sfsi_plus_gutenburg_max_per_row":"","footnotes":""},"categories":[10,80,77],"tags":[],"class_list":["post-509","post","type-post","status-publish","format-standard","hentry","category-emociones","category-inteligencia-emocional","category-preguntas-alta-sensibilidad"],"yoast_head":"<!-- This site is optimized with the Yoast SEO plugin v17.0 - https:\/\/yoast.com\/wordpress\/plugins\/seo\/ -->\n<title>\u00bfEs real el miedo al fracaso? - Blog de Magdalena Grande<\/title>\n<meta name=\"robots\" content=\"index, follow, max-snippet:-1, max-image-preview:large, max-video-preview:-1\" \/>\n<link rel=\"canonical\" href=\"https:\/\/magdalenagrande.com\/blog\/es-real-el-miedo-al-fracaso\/\" \/>\n<meta property=\"og:locale\" content=\"es_ES\" \/>\n<meta property=\"og:type\" content=\"article\" \/>\n<meta property=\"og:title\" content=\"\u00bfEs real el miedo al fracaso? - Blog de Magdalena Grande\" \/>\n<meta property=\"og:description\" content=\"El concepto de fracaso siempre me ha parecido bastante relativo. \u00bfQu\u00e9 diferencia hay entre fracasar y equivocarse o perder o perderse? Para aprender hay que equivocarse (necesariamente), para encontrarse hay que haberse perdido (al menos un par de veces). \u00bfQu\u00e9 co\u00f1o es fracasar (con perd\u00f3n) y por qu\u00e9 nos da tanto miedo? En realidad ese [&hellip;]\" \/>\n<meta property=\"og:url\" content=\"https:\/\/magdalenagrande.com\/blog\/es-real-el-miedo-al-fracaso\/\" \/>\n<meta property=\"og:site_name\" content=\"Blog de Magdalena Grande\" \/>\n<meta property=\"article:published_time\" content=\"2021-09-13T17:44:29+00:00\" \/>\n<meta property=\"article:modified_time\" content=\"2021-09-13T17:45:42+00:00\" \/>\n<meta property=\"og:image\" content=\"https:\/\/magdalenagrande.com\/blog\/wp-content\/uploads\/2021\/09\/image_editor_output_image-667320279-1631555061301-858x1024.jpg\" \/>\n<meta name=\"twitter:card\" content=\"summary\" \/>\n<meta name=\"twitter:label1\" content=\"Escrito por\" \/>\n\t<meta name=\"twitter:data1\" content=\"magdalena_grande\" \/>\n\t<meta name=\"twitter:label2\" content=\"Tiempo de lectura\" \/>\n\t<meta name=\"twitter:data2\" content=\"1 minuto\" \/>\n<script type=\"application\/ld+json\" class=\"yoast-schema-graph\">{\"@context\":\"https:\/\/schema.org\",\"@graph\":[{\"@type\":\"WebSite\",\"@id\":\"https:\/\/magdalenagrande.com\/blog\/#website\",\"url\":\"https:\/\/magdalenagrande.com\/blog\/\",\"name\":\"Blog de Magdalena Grande\",\"description\":\"Crecimiento personal, alta sensibilidad y educaci\\u00f3n emocional\",\"potentialAction\":[{\"@type\":\"SearchAction\",\"target\":{\"@type\":\"EntryPoint\",\"urlTemplate\":\"https:\/\/magdalenagrande.com\/blog\/?s={search_term_string}\"},\"query-input\":\"required name=search_term_string\"}],\"inLanguage\":\"es\"},{\"@type\":\"ImageObject\",\"@id\":\"https:\/\/magdalenagrande.com\/blog\/es-real-el-miedo-al-fracaso\/#primaryimage\",\"inLanguage\":\"es\",\"url\":\"https:\/\/magdalenagrande.com\/blog\/wp-content\/uploads\/2021\/09\/image_editor_output_image-667320279-1631555061301.jpg\",\"contentUrl\":\"https:\/\/magdalenagrande.com\/blog\/wp-content\/uploads\/2021\/09\/image_editor_output_image-667320279-1631555061301.jpg\",\"width\":1070,\"height\":1277},{\"@type\":\"WebPage\",\"@id\":\"https:\/\/magdalenagrande.com\/blog\/es-real-el-miedo-al-fracaso\/#webpage\",\"url\":\"https:\/\/magdalenagrande.com\/blog\/es-real-el-miedo-al-fracaso\/\",\"name\":\"\\u00bfEs real el miedo al fracaso? - Blog de Magdalena Grande\",\"isPartOf\":{\"@id\":\"https:\/\/magdalenagrande.com\/blog\/#website\"},\"primaryImageOfPage\":{\"@id\":\"https:\/\/magdalenagrande.com\/blog\/es-real-el-miedo-al-fracaso\/#primaryimage\"},\"datePublished\":\"2021-09-13T17:44:29+00:00\",\"dateModified\":\"2021-09-13T17:45:42+00:00\",\"author\":{\"@id\":\"https:\/\/magdalenagrande.com\/blog\/#\/schema\/person\/f8460fd9e22f0d0d09ef55ae7a4f6791\"},\"breadcrumb\":{\"@id\":\"https:\/\/magdalenagrande.com\/blog\/es-real-el-miedo-al-fracaso\/#breadcrumb\"},\"inLanguage\":\"es\",\"potentialAction\":[{\"@type\":\"ReadAction\",\"target\":[\"https:\/\/magdalenagrande.com\/blog\/es-real-el-miedo-al-fracaso\/\"]}]},{\"@type\":\"BreadcrumbList\",\"@id\":\"https:\/\/magdalenagrande.com\/blog\/es-real-el-miedo-al-fracaso\/#breadcrumb\",\"itemListElement\":[{\"@type\":\"ListItem\",\"position\":1,\"name\":\"Portada\",\"item\":\"https:\/\/magdalenagrande.com\/blog\/\"},{\"@type\":\"ListItem\",\"position\":2,\"name\":\"\\u00bfEs real el miedo al fracaso?\"}]},{\"@type\":\"Person\",\"@id\":\"https:\/\/magdalenagrande.com\/blog\/#\/schema\/person\/f8460fd9e22f0d0d09ef55ae7a4f6791\",\"name\":\"magdalena_grande\"}]}<\/script>\n<!-- \/ Yoast SEO plugin. -->","yoast_head_json":{"title":"\u00bfEs real el miedo al fracaso? - Blog de Magdalena Grande","robots":{"index":"index","follow":"follow","max-snippet":"max-snippet:-1","max-image-preview":"max-image-preview:large","max-video-preview":"max-video-preview:-1"},"canonical":"https:\/\/magdalenagrande.com\/blog\/es-real-el-miedo-al-fracaso\/","og_locale":"es_ES","og_type":"article","og_title":"\u00bfEs real el miedo al fracaso? - Blog de Magdalena Grande","og_description":"El concepto de fracaso siempre me ha parecido bastante relativo. \u00bfQu\u00e9 diferencia hay entre fracasar y equivocarse o perder o perderse? Para aprender hay que equivocarse (necesariamente), para encontrarse hay que haberse perdido (al menos un par de veces). \u00bfQu\u00e9 co\u00f1o es fracasar (con perd\u00f3n) y por qu\u00e9 nos da tanto miedo? En realidad ese [&hellip;]","og_url":"https:\/\/magdalenagrande.com\/blog\/es-real-el-miedo-al-fracaso\/","og_site_name":"Blog de Magdalena Grande","article_published_time":"2021-09-13T17:44:29+00:00","article_modified_time":"2021-09-13T17:45:42+00:00","og_image":[{"url":"https:\/\/magdalenagrande.com\/blog\/wp-content\/uploads\/2021\/09\/image_editor_output_image-667320279-1631555061301-858x1024.jpg"}],"twitter_card":"summary","twitter_misc":{"Escrito por":"magdalena_grande","Tiempo de lectura":"1 minuto"},"schema":{"@context":"https:\/\/schema.org","@graph":[{"@type":"WebSite","@id":"https:\/\/magdalenagrande.com\/blog\/#website","url":"https:\/\/magdalenagrande.com\/blog\/","name":"Blog de Magdalena Grande","description":"Crecimiento personal, alta sensibilidad y educaci\u00f3n emocional","potentialAction":[{"@type":"SearchAction","target":{"@type":"EntryPoint","urlTemplate":"https:\/\/magdalenagrande.com\/blog\/?s={search_term_string}"},"query-input":"required name=search_term_string"}],"inLanguage":"es"},{"@type":"ImageObject","@id":"https:\/\/magdalenagrande.com\/blog\/es-real-el-miedo-al-fracaso\/#primaryimage","inLanguage":"es","url":"https:\/\/magdalenagrande.com\/blog\/wp-content\/uploads\/2021\/09\/image_editor_output_image-667320279-1631555061301.jpg","contentUrl":"https:\/\/magdalenagrande.com\/blog\/wp-content\/uploads\/2021\/09\/image_editor_output_image-667320279-1631555061301.jpg","width":1070,"height":1277},{"@type":"WebPage","@id":"https:\/\/magdalenagrande.com\/blog\/es-real-el-miedo-al-fracaso\/#webpage","url":"https:\/\/magdalenagrande.com\/blog\/es-real-el-miedo-al-fracaso\/","name":"\u00bfEs real el miedo al fracaso? - Blog de Magdalena Grande","isPartOf":{"@id":"https:\/\/magdalenagrande.com\/blog\/#website"},"primaryImageOfPage":{"@id":"https:\/\/magdalenagrande.com\/blog\/es-real-el-miedo-al-fracaso\/#primaryimage"},"datePublished":"2021-09-13T17:44:29+00:00","dateModified":"2021-09-13T17:45:42+00:00","author":{"@id":"https:\/\/magdalenagrande.com\/blog\/#\/schema\/person\/f8460fd9e22f0d0d09ef55ae7a4f6791"},"breadcrumb":{"@id":"https:\/\/magdalenagrande.com\/blog\/es-real-el-miedo-al-fracaso\/#breadcrumb"},"inLanguage":"es","potentialAction":[{"@type":"ReadAction","target":["https:\/\/magdalenagrande.com\/blog\/es-real-el-miedo-al-fracaso\/"]}]},{"@type":"BreadcrumbList","@id":"https:\/\/magdalenagrande.com\/blog\/es-real-el-miedo-al-fracaso\/#breadcrumb","itemListElement":[{"@type":"ListItem","position":1,"name":"Portada","item":"https:\/\/magdalenagrande.com\/blog\/"},{"@type":"ListItem","position":2,"name":"\u00bfEs real el miedo al fracaso?"}]},{"@type":"Person","@id":"https:\/\/magdalenagrande.com\/blog\/#\/schema\/person\/f8460fd9e22f0d0d09ef55ae7a4f6791","name":"magdalena_grande"}]}},"_links":{"self":[{"href":"https:\/\/magdalenagrande.com\/blog\/wp-json\/wp\/v2\/posts\/509","targetHints":{"allow":["GET"]}}],"collection":[{"href":"https:\/\/magdalenagrande.com\/blog\/wp-json\/wp\/v2\/posts"}],"about":[{"href":"https:\/\/magdalenagrande.com\/blog\/wp-json\/wp\/v2\/types\/post"}],"author":[{"embeddable":true,"href":"https:\/\/magdalenagrande.com\/blog\/wp-json\/wp\/v2\/users\/1"}],"replies":[{"embeddable":true,"href":"https:\/\/magdalenagrande.com\/blog\/wp-json\/wp\/v2\/comments?post=509"}],"version-history":[{"count":1,"href":"https:\/\/magdalenagrande.com\/blog\/wp-json\/wp\/v2\/posts\/509\/revisions"}],"predecessor-version":[{"id":510,"href":"https:\/\/magdalenagrande.com\/blog\/wp-json\/wp\/v2\/posts\/509\/revisions\/510"}],"wp:attachment":[{"href":"https:\/\/magdalenagrande.com\/blog\/wp-json\/wp\/v2\/media?parent=509"}],"wp:term":[{"taxonomy":"category","embeddable":true,"href":"https:\/\/magdalenagrande.com\/blog\/wp-json\/wp\/v2\/categories?post=509"},{"taxonomy":"post_tag","embeddable":true,"href":"https:\/\/magdalenagrande.com\/blog\/wp-json\/wp\/v2\/tags?post=509"}],"curies":[{"name":"wp","href":"https:\/\/api.w.org\/{rel}","templated":true}]}}