{"id":512,"date":"2021-09-13T17:46:53","date_gmt":"2021-09-13T17:46:53","guid":{"rendered":"https:\/\/magdalenagrande.com\/blog\/?p=512"},"modified":"2021-09-13T17:47:01","modified_gmt":"2021-09-13T17:47:01","slug":"estres","status":"publish","type":"post","link":"https:\/\/magdalenagrande.com\/blog\/estres\/","title":{"rendered":"Estr\u00e9s"},"content":{"rendered":"\n<p>Ese mal tan com\u00fan hoy en d\u00eda, junto a la ansiedad. Esa herida que presentamos, que no tenemos claro todav\u00eda c\u00f3mo afrontar, eso que sentimos explotar en el pecho cuando creemos que no podemos m\u00e1s.<\/p>\n\n\n\n<p>El estr\u00e9s se produce cuando sentimos que las exigencias de la situaci\u00f3n o del entorno superan nuestros recursos personales. En un primer momento, la reacci\u00f3n natural ser\u00e1 dar el 200% con el objetivo de llegar. Si la situaci\u00f3n es puntual, este estr\u00e9s incluso nos ayudar\u00e1 y mejorar\u00e1 nuestro rendimiento (una entrega puntual, un examen concreto&#8230;). Si este estr\u00e9s es sostenido en el tiempo y\/o nos sobrepasa en intensidad, supondr\u00e1 un descenso de nuestro rendimiento y puede llegar a generarnos problemas (m\u00e1s o menos) serios.<\/p>\n\n\n\n<p>No tomemos el estr\u00e9s a broma porque si no se le hace caso, si no se atiende a la sensaci\u00f3n y se toman medidas para regularlo, podemos llegar a enfermar por este motivo.<\/p>\n\n\n\n<p>El estr\u00e9s laboral muy sostenido en el tiempo puede llegar a generar burnout (entre otros) que es la sensaci\u00f3n de estar quemados.<\/p>\n\n\n\n<p>No olvides que el estr\u00e9s puede ser m\u00e1s perjudicial cuanto m\u00e1s sensibles seamos.<\/p>\n\n\n\n<p>\u00bfQu\u00e9 podemos hacer?<\/p>\n\n\n\n<p>&#8211; Atenci\u00f3n a lo que sentimos. Mucha conciencia a las se\u00f1ales e indicadores y a nuestras emociones y pensamientos. La prevenci\u00f3n es lo m\u00e1s importante.<br \/><br \/>&#8211; Poner l\u00edmites saludables y sensatos, realistas.<\/p>\n\n\n\n<p>&#8211; Parar cuando no queda m\u00e1s remedio.<\/p>\n\n\n\n<p>&#8211; Recargarse con los momentos &#8216;que s\u00ed&#8217;.<\/p>\n\n\n\n<p>&#8211; Pedir ayuda si lo necesitamos.<\/p>\n\n\n\n<p>\u00bfC\u00f3mo gestionas el estr\u00e9s?<\/p>\n\n\n\n<p>#altasensibilidad #sensibilidadconsciente #estr\u00e9s #PAS #gesti\u00f3ndelestr\u00e9s #inteligenciaemocional #gesti\u00f3nemocional #consultaonline #terapiaonline #magdalenagrande #cursoaltasensibilidad #cursoparapas<\/p>\n\n\n\n<p>@personas_altamente_sensibles<\/p>\n\n\n\n<p>Www.magdalenagrande.com <\/p>\n\n\n\n<figure class=\"wp-block-image size-large\"><img loading=\"lazy\" decoding=\"async\" width=\"858\" height=\"1024\" src=\"https:\/\/magdalenagrande.com\/blog\/wp-content\/uploads\/2021\/09\/image_editor_output_image-300063065-1631555203666-858x1024.jpg\" alt=\"\" class=\"wp-image-511\" srcset=\"https:\/\/magdalenagrande.com\/blog\/wp-content\/uploads\/2021\/09\/image_editor_output_image-300063065-1631555203666-858x1024.jpg 858w, https:\/\/magdalenagrande.com\/blog\/wp-content\/uploads\/2021\/09\/image_editor_output_image-300063065-1631555203666-251x300.jpg 251w, https:\/\/magdalenagrande.com\/blog\/wp-content\/uploads\/2021\/09\/image_editor_output_image-300063065-1631555203666-768x916.jpg 768w, https:\/\/magdalenagrande.com\/blog\/wp-content\/uploads\/2021\/09\/image_editor_output_image-300063065-1631555203666.jpg 1067w\" sizes=\"auto, (max-width: 858px) 100vw, 858px\" \/><\/figure>\n","protected":false},"excerpt":{"rendered":"<p>Ese mal tan com\u00fan hoy en d\u00eda, junto a la ansiedad. Esa herida que presentamos, que no tenemos claro todav\u00eda c\u00f3mo afrontar, eso que sentimos explotar en el pecho cuando creemos que no podemos m\u00e1s. El estr\u00e9s se produce cuando sentimos que las exigencias de la situaci\u00f3n o del entorno superan nuestros recursos personales. En [&hellip;]<\/p>\n","protected":false},"author":1,"featured_media":0,"comment_status":"closed","ping_status":"closed","sticky":false,"template":"","format":"standard","meta":{"sfsi_plus_gutenberg_text_before_share":"","sfsi_plus_gutenberg_show_text_before_share":"","sfsi_plus_gutenberg_icon_type":"","sfsi_plus_gutenberg_icon_alignemt":"","sfsi_plus_gutenburg_max_per_row":"","footnotes":""},"categories":[76],"tags":[],"class_list":["post-512","post","type-post","status-publish","format-standard","hentry","category-palabras-consciencia"],"yoast_head":"<!-- This site is optimized with the Yoast SEO plugin v17.0 - https:\/\/yoast.com\/wordpress\/plugins\/seo\/ -->\n<title>Estr\u00e9s - Blog de Magdalena Grande<\/title>\n<meta name=\"robots\" content=\"index, follow, max-snippet:-1, max-image-preview:large, max-video-preview:-1\" \/>\n<link rel=\"canonical\" href=\"https:\/\/magdalenagrande.com\/blog\/estres\/\" \/>\n<meta property=\"og:locale\" content=\"es_ES\" \/>\n<meta property=\"og:type\" content=\"article\" \/>\n<meta property=\"og:title\" content=\"Estr\u00e9s - Blog de Magdalena Grande\" \/>\n<meta property=\"og:description\" content=\"Ese mal tan com\u00fan hoy en d\u00eda, junto a la ansiedad. Esa herida que presentamos, que no tenemos claro todav\u00eda c\u00f3mo afrontar, eso que sentimos explotar en el pecho cuando creemos que no podemos m\u00e1s. El estr\u00e9s se produce cuando sentimos que las exigencias de la situaci\u00f3n o del entorno superan nuestros recursos personales. En [&hellip;]\" \/>\n<meta property=\"og:url\" content=\"https:\/\/magdalenagrande.com\/blog\/estres\/\" \/>\n<meta property=\"og:site_name\" content=\"Blog de Magdalena Grande\" \/>\n<meta property=\"article:published_time\" content=\"2021-09-13T17:46:53+00:00\" \/>\n<meta property=\"article:modified_time\" content=\"2021-09-13T17:47:01+00:00\" \/>\n<meta property=\"og:image\" content=\"https:\/\/magdalenagrande.com\/blog\/wp-content\/uploads\/2021\/09\/image_editor_output_image-300063065-1631555203666-858x1024.jpg\" \/>\n<meta name=\"twitter:card\" content=\"summary\" \/>\n<meta name=\"twitter:label1\" content=\"Escrito por\" \/>\n\t<meta name=\"twitter:data1\" content=\"magdalena_grande\" \/>\n\t<meta name=\"twitter:label2\" content=\"Tiempo de lectura\" \/>\n\t<meta name=\"twitter:data2\" content=\"1 minuto\" \/>\n<script type=\"application\/ld+json\" class=\"yoast-schema-graph\">{\"@context\":\"https:\/\/schema.org\",\"@graph\":[{\"@type\":\"WebSite\",\"@id\":\"https:\/\/magdalenagrande.com\/blog\/#website\",\"url\":\"https:\/\/magdalenagrande.com\/blog\/\",\"name\":\"Blog de Magdalena Grande\",\"description\":\"Crecimiento personal, alta sensibilidad y educaci\\u00f3n emocional\",\"potentialAction\":[{\"@type\":\"SearchAction\",\"target\":{\"@type\":\"EntryPoint\",\"urlTemplate\":\"https:\/\/magdalenagrande.com\/blog\/?s={search_term_string}\"},\"query-input\":\"required name=search_term_string\"}],\"inLanguage\":\"es\"},{\"@type\":\"ImageObject\",\"@id\":\"https:\/\/magdalenagrande.com\/blog\/estres\/#primaryimage\",\"inLanguage\":\"es\",\"url\":\"https:\/\/magdalenagrande.com\/blog\/wp-content\/uploads\/2021\/09\/image_editor_output_image-300063065-1631555203666.jpg\",\"contentUrl\":\"https:\/\/magdalenagrande.com\/blog\/wp-content\/uploads\/2021\/09\/image_editor_output_image-300063065-1631555203666.jpg\",\"width\":1067,\"height\":1273},{\"@type\":\"WebPage\",\"@id\":\"https:\/\/magdalenagrande.com\/blog\/estres\/#webpage\",\"url\":\"https:\/\/magdalenagrande.com\/blog\/estres\/\",\"name\":\"Estr\\u00e9s - Blog de Magdalena Grande\",\"isPartOf\":{\"@id\":\"https:\/\/magdalenagrande.com\/blog\/#website\"},\"primaryImageOfPage\":{\"@id\":\"https:\/\/magdalenagrande.com\/blog\/estres\/#primaryimage\"},\"datePublished\":\"2021-09-13T17:46:53+00:00\",\"dateModified\":\"2021-09-13T17:47:01+00:00\",\"author\":{\"@id\":\"https:\/\/magdalenagrande.com\/blog\/#\/schema\/person\/f8460fd9e22f0d0d09ef55ae7a4f6791\"},\"breadcrumb\":{\"@id\":\"https:\/\/magdalenagrande.com\/blog\/estres\/#breadcrumb\"},\"inLanguage\":\"es\",\"potentialAction\":[{\"@type\":\"ReadAction\",\"target\":[\"https:\/\/magdalenagrande.com\/blog\/estres\/\"]}]},{\"@type\":\"BreadcrumbList\",\"@id\":\"https:\/\/magdalenagrande.com\/blog\/estres\/#breadcrumb\",\"itemListElement\":[{\"@type\":\"ListItem\",\"position\":1,\"name\":\"Portada\",\"item\":\"https:\/\/magdalenagrande.com\/blog\/\"},{\"@type\":\"ListItem\",\"position\":2,\"name\":\"Estr\\u00e9s\"}]},{\"@type\":\"Person\",\"@id\":\"https:\/\/magdalenagrande.com\/blog\/#\/schema\/person\/f8460fd9e22f0d0d09ef55ae7a4f6791\",\"name\":\"magdalena_grande\"}]}<\/script>\n<!-- \/ Yoast SEO plugin. -->","yoast_head_json":{"title":"Estr\u00e9s - Blog de Magdalena Grande","robots":{"index":"index","follow":"follow","max-snippet":"max-snippet:-1","max-image-preview":"max-image-preview:large","max-video-preview":"max-video-preview:-1"},"canonical":"https:\/\/magdalenagrande.com\/blog\/estres\/","og_locale":"es_ES","og_type":"article","og_title":"Estr\u00e9s - Blog de Magdalena Grande","og_description":"Ese mal tan com\u00fan hoy en d\u00eda, junto a la ansiedad. Esa herida que presentamos, que no tenemos claro todav\u00eda c\u00f3mo afrontar, eso que sentimos explotar en el pecho cuando creemos que no podemos m\u00e1s. El estr\u00e9s se produce cuando sentimos que las exigencias de la situaci\u00f3n o del entorno superan nuestros recursos personales. En [&hellip;]","og_url":"https:\/\/magdalenagrande.com\/blog\/estres\/","og_site_name":"Blog de Magdalena Grande","article_published_time":"2021-09-13T17:46:53+00:00","article_modified_time":"2021-09-13T17:47:01+00:00","og_image":[{"url":"https:\/\/magdalenagrande.com\/blog\/wp-content\/uploads\/2021\/09\/image_editor_output_image-300063065-1631555203666-858x1024.jpg"}],"twitter_card":"summary","twitter_misc":{"Escrito por":"magdalena_grande","Tiempo de lectura":"1 minuto"},"schema":{"@context":"https:\/\/schema.org","@graph":[{"@type":"WebSite","@id":"https:\/\/magdalenagrande.com\/blog\/#website","url":"https:\/\/magdalenagrande.com\/blog\/","name":"Blog de Magdalena Grande","description":"Crecimiento personal, alta sensibilidad y educaci\u00f3n emocional","potentialAction":[{"@type":"SearchAction","target":{"@type":"EntryPoint","urlTemplate":"https:\/\/magdalenagrande.com\/blog\/?s={search_term_string}"},"query-input":"required name=search_term_string"}],"inLanguage":"es"},{"@type":"ImageObject","@id":"https:\/\/magdalenagrande.com\/blog\/estres\/#primaryimage","inLanguage":"es","url":"https:\/\/magdalenagrande.com\/blog\/wp-content\/uploads\/2021\/09\/image_editor_output_image-300063065-1631555203666.jpg","contentUrl":"https:\/\/magdalenagrande.com\/blog\/wp-content\/uploads\/2021\/09\/image_editor_output_image-300063065-1631555203666.jpg","width":1067,"height":1273},{"@type":"WebPage","@id":"https:\/\/magdalenagrande.com\/blog\/estres\/#webpage","url":"https:\/\/magdalenagrande.com\/blog\/estres\/","name":"Estr\u00e9s - Blog de Magdalena Grande","isPartOf":{"@id":"https:\/\/magdalenagrande.com\/blog\/#website"},"primaryImageOfPage":{"@id":"https:\/\/magdalenagrande.com\/blog\/estres\/#primaryimage"},"datePublished":"2021-09-13T17:46:53+00:00","dateModified":"2021-09-13T17:47:01+00:00","author":{"@id":"https:\/\/magdalenagrande.com\/blog\/#\/schema\/person\/f8460fd9e22f0d0d09ef55ae7a4f6791"},"breadcrumb":{"@id":"https:\/\/magdalenagrande.com\/blog\/estres\/#breadcrumb"},"inLanguage":"es","potentialAction":[{"@type":"ReadAction","target":["https:\/\/magdalenagrande.com\/blog\/estres\/"]}]},{"@type":"BreadcrumbList","@id":"https:\/\/magdalenagrande.com\/blog\/estres\/#breadcrumb","itemListElement":[{"@type":"ListItem","position":1,"name":"Portada","item":"https:\/\/magdalenagrande.com\/blog\/"},{"@type":"ListItem","position":2,"name":"Estr\u00e9s"}]},{"@type":"Person","@id":"https:\/\/magdalenagrande.com\/blog\/#\/schema\/person\/f8460fd9e22f0d0d09ef55ae7a4f6791","name":"magdalena_grande"}]}},"_links":{"self":[{"href":"https:\/\/magdalenagrande.com\/blog\/wp-json\/wp\/v2\/posts\/512","targetHints":{"allow":["GET"]}}],"collection":[{"href":"https:\/\/magdalenagrande.com\/blog\/wp-json\/wp\/v2\/posts"}],"about":[{"href":"https:\/\/magdalenagrande.com\/blog\/wp-json\/wp\/v2\/types\/post"}],"author":[{"embeddable":true,"href":"https:\/\/magdalenagrande.com\/blog\/wp-json\/wp\/v2\/users\/1"}],"replies":[{"embeddable":true,"href":"https:\/\/magdalenagrande.com\/blog\/wp-json\/wp\/v2\/comments?post=512"}],"version-history":[{"count":1,"href":"https:\/\/magdalenagrande.com\/blog\/wp-json\/wp\/v2\/posts\/512\/revisions"}],"predecessor-version":[{"id":513,"href":"https:\/\/magdalenagrande.com\/blog\/wp-json\/wp\/v2\/posts\/512\/revisions\/513"}],"wp:attachment":[{"href":"https:\/\/magdalenagrande.com\/blog\/wp-json\/wp\/v2\/media?parent=512"}],"wp:term":[{"taxonomy":"category","embeddable":true,"href":"https:\/\/magdalenagrande.com\/blog\/wp-json\/wp\/v2\/categories?post=512"},{"taxonomy":"post_tag","embeddable":true,"href":"https:\/\/magdalenagrande.com\/blog\/wp-json\/wp\/v2\/tags?post=512"}],"curies":[{"name":"wp","href":"https:\/\/api.w.org\/{rel}","templated":true}]}}