{"id":515,"date":"2021-09-13T17:49:42","date_gmt":"2021-09-13T17:49:42","guid":{"rendered":"https:\/\/magdalenagrande.com\/blog\/?p=515"},"modified":"2021-09-13T17:49:58","modified_gmt":"2021-09-13T17:49:58","slug":"aquello-que-no-se-ve-con-los-ojos-es-igual-de-real-que-lo-que-si","status":"publish","type":"post","link":"https:\/\/magdalenagrande.com\/blog\/aquello-que-no-se-ve-con-los-ojos-es-igual-de-real-que-lo-que-si\/","title":{"rendered":"Aquello que no se ve con los ojos es igual de real que lo que s\u00ed"},"content":{"rendered":"\n<p>Damos m\u00e1s valor a aquello que se puede percibir con los sentidos. Mi mente m\u00e1s racional y cient\u00edfica se resiste a creer que algunos conceptos o creencias puedan existir realmente. Y a\u00fan as\u00ed creo, a veces como un acto de fe, en muchas cosas que jam\u00e1s he visto con estos ojos f\u00edsicos.<\/p>\n\n\n\n<p>S\u00e9 lo que percibo, cuando conozco a una persona por primera vez y eso es muy real. Puedo sentirlo, aunque no sea una informaci\u00f3n que me llega a trav\u00e9s de esos manidos 5 sentidos: s\u00e9 si lo que me transmite es agradable, desagradable o neutro para m\u00ed, s\u00e9 si hay conexi\u00f3n aunque no la haya visto antes, s\u00e9 que sus ojos me hablan.<\/p>\n\n\n\n<p>Cuando tengo sesiones a veces nos re\u00edmos porque sienten que les leo los pensamientos. Hay una conexi\u00f3n m\u00e1s all\u00e1 de este cuerpo f\u00edsico que no podemos seguir obviando.<\/p>\n\n\n\n<p>Lo inmaterial es tan real como el cuerpo f\u00edsico.<\/p>\n\n\n\n<p>Lo que sientes y sabes es muy, muy real.<\/p>\n\n\n\n<p>(Esto es a modo de recordatorio personal)<\/p>\n\n\n\n<p>\u00bfTe sucede lo mismo? \u00bfTe cuesta creer en lo que no ves pero las evidencias te aplastan?<\/p>\n\n\n\n<p>#personasaltamentesensibles #sensibilidadconsciente #sentir #loquenoves #altasensibilidad #PAS #cursoparapas #consultaonline #terapiaonline #magdalenagrande #cursoaltasensibilidad<\/p>\n\n\n\n<p>@personas_altamente_sensibles<\/p>\n\n\n\n<p>Www.magdalenagrande.com <\/p>\n\n\n\n<figure class=\"wp-block-image size-large\"><img loading=\"lazy\" decoding=\"async\" width=\"863\" height=\"1024\" src=\"https:\/\/magdalenagrande.com\/blog\/wp-content\/uploads\/2021\/09\/image_editor_output_image2105086509-1631555369454-863x1024.jpg\" alt=\"\" class=\"wp-image-514\" srcset=\"https:\/\/magdalenagrande.com\/blog\/wp-content\/uploads\/2021\/09\/image_editor_output_image2105086509-1631555369454-863x1024.jpg 863w, https:\/\/magdalenagrande.com\/blog\/wp-content\/uploads\/2021\/09\/image_editor_output_image2105086509-1631555369454-253x300.jpg 253w, https:\/\/magdalenagrande.com\/blog\/wp-content\/uploads\/2021\/09\/image_editor_output_image2105086509-1631555369454-768x912.jpg 768w, https:\/\/magdalenagrande.com\/blog\/wp-content\/uploads\/2021\/09\/image_editor_output_image2105086509-1631555369454.jpg 1069w\" sizes=\"auto, (max-width: 863px) 100vw, 863px\" \/><\/figure>\n","protected":false},"excerpt":{"rendered":"<p>Damos m\u00e1s valor a aquello que se puede percibir con los sentidos. Mi mente m\u00e1s racional y cient\u00edfica se resiste a creer que algunos conceptos o creencias puedan existir realmente. Y a\u00fan as\u00ed creo, a veces como un acto de fe, en muchas cosas que jam\u00e1s he visto con estos ojos f\u00edsicos. S\u00e9 lo que [&hellip;]<\/p>\n","protected":false},"author":1,"featured_media":0,"comment_status":"closed","ping_status":"closed","sticky":false,"template":"","format":"standard","meta":{"sfsi_plus_gutenberg_text_before_share":"","sfsi_plus_gutenberg_show_text_before_share":"","sfsi_plus_gutenberg_icon_type":"","sfsi_plus_gutenberg_icon_alignemt":"","sfsi_plus_gutenburg_max_per_row":"","footnotes":""},"categories":[71],"tags":[],"class_list":["post-515","post","type-post","status-publish","format-standard","hentry","category-espiritualidad"],"yoast_head":"<!-- This site is optimized with the Yoast SEO plugin v17.0 - https:\/\/yoast.com\/wordpress\/plugins\/seo\/ -->\n<title>Aquello que no se ve con los ojos es igual de real que lo que s\u00ed - Blog de Magdalena Grande<\/title>\n<meta name=\"robots\" content=\"index, follow, max-snippet:-1, max-image-preview:large, max-video-preview:-1\" \/>\n<link rel=\"canonical\" href=\"https:\/\/magdalenagrande.com\/blog\/aquello-que-no-se-ve-con-los-ojos-es-igual-de-real-que-lo-que-si\/\" \/>\n<meta property=\"og:locale\" content=\"es_ES\" \/>\n<meta property=\"og:type\" content=\"article\" \/>\n<meta property=\"og:title\" content=\"Aquello que no se ve con los ojos es igual de real que lo que s\u00ed - Blog de Magdalena Grande\" \/>\n<meta property=\"og:description\" content=\"Damos m\u00e1s valor a aquello que se puede percibir con los sentidos. Mi mente m\u00e1s racional y cient\u00edfica se resiste a creer que algunos conceptos o creencias puedan existir realmente. Y a\u00fan as\u00ed creo, a veces como un acto de fe, en muchas cosas que jam\u00e1s he visto con estos ojos f\u00edsicos. S\u00e9 lo que [&hellip;]\" \/>\n<meta property=\"og:url\" content=\"https:\/\/magdalenagrande.com\/blog\/aquello-que-no-se-ve-con-los-ojos-es-igual-de-real-que-lo-que-si\/\" \/>\n<meta property=\"og:site_name\" content=\"Blog de Magdalena Grande\" \/>\n<meta property=\"article:published_time\" content=\"2021-09-13T17:49:42+00:00\" \/>\n<meta property=\"article:modified_time\" content=\"2021-09-13T17:49:58+00:00\" \/>\n<meta property=\"og:image\" content=\"https:\/\/magdalenagrande.com\/blog\/wp-content\/uploads\/2021\/09\/image_editor_output_image2105086509-1631555369454-863x1024.jpg\" \/>\n<meta name=\"twitter:card\" content=\"summary\" \/>\n<meta name=\"twitter:label1\" content=\"Escrito por\" \/>\n\t<meta name=\"twitter:data1\" content=\"magdalena_grande\" \/>\n\t<meta name=\"twitter:label2\" content=\"Tiempo de lectura\" \/>\n\t<meta name=\"twitter:data2\" content=\"1 minuto\" \/>\n<script type=\"application\/ld+json\" class=\"yoast-schema-graph\">{\"@context\":\"https:\/\/schema.org\",\"@graph\":[{\"@type\":\"WebSite\",\"@id\":\"https:\/\/magdalenagrande.com\/blog\/#website\",\"url\":\"https:\/\/magdalenagrande.com\/blog\/\",\"name\":\"Blog de Magdalena Grande\",\"description\":\"Crecimiento personal, alta sensibilidad y educaci\\u00f3n emocional\",\"potentialAction\":[{\"@type\":\"SearchAction\",\"target\":{\"@type\":\"EntryPoint\",\"urlTemplate\":\"https:\/\/magdalenagrande.com\/blog\/?s={search_term_string}\"},\"query-input\":\"required name=search_term_string\"}],\"inLanguage\":\"es\"},{\"@type\":\"ImageObject\",\"@id\":\"https:\/\/magdalenagrande.com\/blog\/aquello-que-no-se-ve-con-los-ojos-es-igual-de-real-que-lo-que-si\/#primaryimage\",\"inLanguage\":\"es\",\"url\":\"https:\/\/magdalenagrande.com\/blog\/wp-content\/uploads\/2021\/09\/image_editor_output_image2105086509-1631555369454.jpg\",\"contentUrl\":\"https:\/\/magdalenagrande.com\/blog\/wp-content\/uploads\/2021\/09\/image_editor_output_image2105086509-1631555369454.jpg\",\"width\":1069,\"height\":1269},{\"@type\":\"WebPage\",\"@id\":\"https:\/\/magdalenagrande.com\/blog\/aquello-que-no-se-ve-con-los-ojos-es-igual-de-real-que-lo-que-si\/#webpage\",\"url\":\"https:\/\/magdalenagrande.com\/blog\/aquello-que-no-se-ve-con-los-ojos-es-igual-de-real-que-lo-que-si\/\",\"name\":\"Aquello que no se ve con los ojos es igual de real que lo que s\\u00ed - Blog de Magdalena Grande\",\"isPartOf\":{\"@id\":\"https:\/\/magdalenagrande.com\/blog\/#website\"},\"primaryImageOfPage\":{\"@id\":\"https:\/\/magdalenagrande.com\/blog\/aquello-que-no-se-ve-con-los-ojos-es-igual-de-real-que-lo-que-si\/#primaryimage\"},\"datePublished\":\"2021-09-13T17:49:42+00:00\",\"dateModified\":\"2021-09-13T17:49:58+00:00\",\"author\":{\"@id\":\"https:\/\/magdalenagrande.com\/blog\/#\/schema\/person\/f8460fd9e22f0d0d09ef55ae7a4f6791\"},\"breadcrumb\":{\"@id\":\"https:\/\/magdalenagrande.com\/blog\/aquello-que-no-se-ve-con-los-ojos-es-igual-de-real-que-lo-que-si\/#breadcrumb\"},\"inLanguage\":\"es\",\"potentialAction\":[{\"@type\":\"ReadAction\",\"target\":[\"https:\/\/magdalenagrande.com\/blog\/aquello-que-no-se-ve-con-los-ojos-es-igual-de-real-que-lo-que-si\/\"]}]},{\"@type\":\"BreadcrumbList\",\"@id\":\"https:\/\/magdalenagrande.com\/blog\/aquello-que-no-se-ve-con-los-ojos-es-igual-de-real-que-lo-que-si\/#breadcrumb\",\"itemListElement\":[{\"@type\":\"ListItem\",\"position\":1,\"name\":\"Portada\",\"item\":\"https:\/\/magdalenagrande.com\/blog\/\"},{\"@type\":\"ListItem\",\"position\":2,\"name\":\"Aquello que no se ve con los ojos es igual de real que lo que s\\u00ed\"}]},{\"@type\":\"Person\",\"@id\":\"https:\/\/magdalenagrande.com\/blog\/#\/schema\/person\/f8460fd9e22f0d0d09ef55ae7a4f6791\",\"name\":\"magdalena_grande\"}]}<\/script>\n<!-- \/ Yoast SEO plugin. -->","yoast_head_json":{"title":"Aquello que no se ve con los ojos es igual de real que lo que s\u00ed - Blog de Magdalena Grande","robots":{"index":"index","follow":"follow","max-snippet":"max-snippet:-1","max-image-preview":"max-image-preview:large","max-video-preview":"max-video-preview:-1"},"canonical":"https:\/\/magdalenagrande.com\/blog\/aquello-que-no-se-ve-con-los-ojos-es-igual-de-real-que-lo-que-si\/","og_locale":"es_ES","og_type":"article","og_title":"Aquello que no se ve con los ojos es igual de real que lo que s\u00ed - Blog de Magdalena Grande","og_description":"Damos m\u00e1s valor a aquello que se puede percibir con los sentidos. Mi mente m\u00e1s racional y cient\u00edfica se resiste a creer que algunos conceptos o creencias puedan existir realmente. Y a\u00fan as\u00ed creo, a veces como un acto de fe, en muchas cosas que jam\u00e1s he visto con estos ojos f\u00edsicos. S\u00e9 lo que [&hellip;]","og_url":"https:\/\/magdalenagrande.com\/blog\/aquello-que-no-se-ve-con-los-ojos-es-igual-de-real-que-lo-que-si\/","og_site_name":"Blog de Magdalena Grande","article_published_time":"2021-09-13T17:49:42+00:00","article_modified_time":"2021-09-13T17:49:58+00:00","og_image":[{"url":"https:\/\/magdalenagrande.com\/blog\/wp-content\/uploads\/2021\/09\/image_editor_output_image2105086509-1631555369454-863x1024.jpg"}],"twitter_card":"summary","twitter_misc":{"Escrito por":"magdalena_grande","Tiempo de lectura":"1 minuto"},"schema":{"@context":"https:\/\/schema.org","@graph":[{"@type":"WebSite","@id":"https:\/\/magdalenagrande.com\/blog\/#website","url":"https:\/\/magdalenagrande.com\/blog\/","name":"Blog de Magdalena Grande","description":"Crecimiento personal, alta sensibilidad y educaci\u00f3n emocional","potentialAction":[{"@type":"SearchAction","target":{"@type":"EntryPoint","urlTemplate":"https:\/\/magdalenagrande.com\/blog\/?s={search_term_string}"},"query-input":"required name=search_term_string"}],"inLanguage":"es"},{"@type":"ImageObject","@id":"https:\/\/magdalenagrande.com\/blog\/aquello-que-no-se-ve-con-los-ojos-es-igual-de-real-que-lo-que-si\/#primaryimage","inLanguage":"es","url":"https:\/\/magdalenagrande.com\/blog\/wp-content\/uploads\/2021\/09\/image_editor_output_image2105086509-1631555369454.jpg","contentUrl":"https:\/\/magdalenagrande.com\/blog\/wp-content\/uploads\/2021\/09\/image_editor_output_image2105086509-1631555369454.jpg","width":1069,"height":1269},{"@type":"WebPage","@id":"https:\/\/magdalenagrande.com\/blog\/aquello-que-no-se-ve-con-los-ojos-es-igual-de-real-que-lo-que-si\/#webpage","url":"https:\/\/magdalenagrande.com\/blog\/aquello-que-no-se-ve-con-los-ojos-es-igual-de-real-que-lo-que-si\/","name":"Aquello que no se ve con los ojos es igual de real que lo que s\u00ed - Blog de Magdalena Grande","isPartOf":{"@id":"https:\/\/magdalenagrande.com\/blog\/#website"},"primaryImageOfPage":{"@id":"https:\/\/magdalenagrande.com\/blog\/aquello-que-no-se-ve-con-los-ojos-es-igual-de-real-que-lo-que-si\/#primaryimage"},"datePublished":"2021-09-13T17:49:42+00:00","dateModified":"2021-09-13T17:49:58+00:00","author":{"@id":"https:\/\/magdalenagrande.com\/blog\/#\/schema\/person\/f8460fd9e22f0d0d09ef55ae7a4f6791"},"breadcrumb":{"@id":"https:\/\/magdalenagrande.com\/blog\/aquello-que-no-se-ve-con-los-ojos-es-igual-de-real-que-lo-que-si\/#breadcrumb"},"inLanguage":"es","potentialAction":[{"@type":"ReadAction","target":["https:\/\/magdalenagrande.com\/blog\/aquello-que-no-se-ve-con-los-ojos-es-igual-de-real-que-lo-que-si\/"]}]},{"@type":"BreadcrumbList","@id":"https:\/\/magdalenagrande.com\/blog\/aquello-que-no-se-ve-con-los-ojos-es-igual-de-real-que-lo-que-si\/#breadcrumb","itemListElement":[{"@type":"ListItem","position":1,"name":"Portada","item":"https:\/\/magdalenagrande.com\/blog\/"},{"@type":"ListItem","position":2,"name":"Aquello que no se ve con los ojos es igual de real que lo que s\u00ed"}]},{"@type":"Person","@id":"https:\/\/magdalenagrande.com\/blog\/#\/schema\/person\/f8460fd9e22f0d0d09ef55ae7a4f6791","name":"magdalena_grande"}]}},"_links":{"self":[{"href":"https:\/\/magdalenagrande.com\/blog\/wp-json\/wp\/v2\/posts\/515","targetHints":{"allow":["GET"]}}],"collection":[{"href":"https:\/\/magdalenagrande.com\/blog\/wp-json\/wp\/v2\/posts"}],"about":[{"href":"https:\/\/magdalenagrande.com\/blog\/wp-json\/wp\/v2\/types\/post"}],"author":[{"embeddable":true,"href":"https:\/\/magdalenagrande.com\/blog\/wp-json\/wp\/v2\/users\/1"}],"replies":[{"embeddable":true,"href":"https:\/\/magdalenagrande.com\/blog\/wp-json\/wp\/v2\/comments?post=515"}],"version-history":[{"count":1,"href":"https:\/\/magdalenagrande.com\/blog\/wp-json\/wp\/v2\/posts\/515\/revisions"}],"predecessor-version":[{"id":516,"href":"https:\/\/magdalenagrande.com\/blog\/wp-json\/wp\/v2\/posts\/515\/revisions\/516"}],"wp:attachment":[{"href":"https:\/\/magdalenagrande.com\/blog\/wp-json\/wp\/v2\/media?parent=515"}],"wp:term":[{"taxonomy":"category","embeddable":true,"href":"https:\/\/magdalenagrande.com\/blog\/wp-json\/wp\/v2\/categories?post=515"},{"taxonomy":"post_tag","embeddable":true,"href":"https:\/\/magdalenagrande.com\/blog\/wp-json\/wp\/v2\/tags?post=515"}],"curies":[{"name":"wp","href":"https:\/\/api.w.org\/{rel}","templated":true}]}}