{"id":518,"date":"2021-09-13T17:51:13","date_gmt":"2021-09-13T17:51:13","guid":{"rendered":"https:\/\/magdalenagrande.com\/blog\/?p=518"},"modified":"2021-09-13T17:51:24","modified_gmt":"2021-09-13T17:51:24","slug":"expresion-emocional","status":"publish","type":"post","link":"https:\/\/magdalenagrande.com\/blog\/expresion-emocional\/","title":{"rendered":"Expresi\u00f3n emocional"},"content":{"rendered":"\n<p>La expresi\u00f3n emocional ser\u00eda la siguiente de las competencias emocionales dentro de la clasificaci\u00f3n sobre la que hemos estado hablando.<\/p>\n\n\n\n<p>El primer paso era el reconocimiento, despu\u00e9s la comprensi\u00f3n, el etiquetaje y hoy veremos la expresi\u00f3n.<\/p>\n\n\n\n<p>Esta competencia consiste en expresar de forma adecuada nuestras emociones. Aqu\u00ed empiezan los problemillas.<\/p>\n\n\n\n<p>Las emociones desagradables tendemos a expresarlas de formas inadecuadas. Cuando sentimos tristeza, la forma de expresarla suele ser el llanto y ya sab\u00e9is qu\u00e9 sucede cuando alg\u00fan adulto llora. De inmediato el resto empieza a sentirse inc\u00f3modo (si no conoce) o a revolotear alrededor (si conoce) como si fuera algo extra\u00f1\u00edsimo. Si lo hace un ni\u00f1o o ni\u00f1a, es muy posible que se le diga que deje de llorar por semejante tonter\u00eda o se le ignore.<\/p>\n\n\n\n<p>Cuando sentimos rabia o ira, tenemos tendencia o a reprimirla y vertirla (sin querer o queriendo) hacia dentro o a expresarla con gritos, buscando fuera culpables y &#8216;de malas maneras&#8217;. Cualquiera de esas formas de expresi\u00f3n no es la m\u00e1s adecuada.<\/p>\n\n\n\n<p>No cre\u00e1is que con las emociones agradables la cosa cambia demasiado. La alegr\u00eda, la ilusi\u00f3n, la motivaci\u00f3n, el entusiasmo, \u00bfconoces mucha gente que sepa y suela expresarlas? Suele quedar en la comunicaci\u00f3n no verbal, mostrando una sonrisa o una actitud corporal abierta.<\/p>\n\n\n\n<p>Expresar las emociones es una de las competencias m\u00e1s complicadas, junto con la regulaci\u00f3n.<\/p>\n\n\n\n<p>Las personas con alta sensibilidad tenemos mucha tendencia a reprimir la expresi\u00f3n de nuestras emociones. En general, aprendimos que &#8216;no est\u00e1 bien sentir tan abiertamente&#8217; y que &#8216;molest\u00e1bamos menos si sent\u00edamos hacia dentro&#8217;. Craso error para nuestra salud emocional, mental y personal.<\/p>\n\n\n\n<p>\u00bfY t\u00fa? \u00bfHas tenido que contener muchas veces el llanto o reprimir el enfado? \u00bfEres consciente de c\u00f3mo sueles expresar tus emociones?<\/p>\n\n\n\n<p>#sensibilidadconsciente #inteligenciaemocional #expresi\u00f3nemocional #altasensibilidad #PAS #personasaltamentesensibles #cursoaltasensibilidad #cursoparapas #consultaonline #terapiaonline #magdalenagrande<\/p>\n\n\n\n<p>@personas_altamente_sensibles<\/p>\n\n\n\n<p>Www.magdalenagrande.com <\/p>\n\n\n\n<figure class=\"wp-block-image size-large\"><img loading=\"lazy\" decoding=\"async\" width=\"857\" height=\"1024\" src=\"https:\/\/magdalenagrande.com\/blog\/wp-content\/uploads\/2021\/09\/image_editor_output_image2008169281-1631555462993-857x1024.jpg\" alt=\"\" class=\"wp-image-517\" srcset=\"https:\/\/magdalenagrande.com\/blog\/wp-content\/uploads\/2021\/09\/image_editor_output_image2008169281-1631555462993-857x1024.jpg 857w, https:\/\/magdalenagrande.com\/blog\/wp-content\/uploads\/2021\/09\/image_editor_output_image2008169281-1631555462993-251x300.jpg 251w, https:\/\/magdalenagrande.com\/blog\/wp-content\/uploads\/2021\/09\/image_editor_output_image2008169281-1631555462993-768x918.jpg 768w, https:\/\/magdalenagrande.com\/blog\/wp-content\/uploads\/2021\/09\/image_editor_output_image2008169281-1631555462993.jpg 1080w\" sizes=\"auto, (max-width: 857px) 100vw, 857px\" \/><\/figure>\n","protected":false},"excerpt":{"rendered":"<p>La expresi\u00f3n emocional ser\u00eda la siguiente de las competencias emocionales dentro de la clasificaci\u00f3n sobre la que hemos estado hablando. El primer paso era el reconocimiento, despu\u00e9s la comprensi\u00f3n, el etiquetaje y hoy veremos la expresi\u00f3n. Esta competencia consiste en expresar de forma adecuada nuestras emociones. Aqu\u00ed empiezan los problemillas. Las emociones desagradables tendemos a [&hellip;]<\/p>\n","protected":false},"author":1,"featured_media":0,"comment_status":"closed","ping_status":"closed","sticky":false,"template":"","format":"standard","meta":{"sfsi_plus_gutenberg_text_before_share":"","sfsi_plus_gutenberg_show_text_before_share":"","sfsi_plus_gutenberg_icon_type":"","sfsi_plus_gutenberg_icon_alignemt":"","sfsi_plus_gutenburg_max_per_row":"","footnotes":""},"categories":[10,80],"tags":[],"class_list":["post-518","post","type-post","status-publish","format-standard","hentry","category-emociones","category-inteligencia-emocional"],"yoast_head":"<!-- This site is optimized with the Yoast SEO plugin v17.0 - https:\/\/yoast.com\/wordpress\/plugins\/seo\/ -->\n<title>Expresi\u00f3n emocional - Blog de Magdalena Grande<\/title>\n<meta name=\"robots\" content=\"index, follow, max-snippet:-1, max-image-preview:large, max-video-preview:-1\" \/>\n<link rel=\"canonical\" href=\"https:\/\/magdalenagrande.com\/blog\/expresion-emocional\/\" \/>\n<meta property=\"og:locale\" content=\"es_ES\" \/>\n<meta property=\"og:type\" content=\"article\" \/>\n<meta property=\"og:title\" content=\"Expresi\u00f3n emocional - Blog de Magdalena Grande\" \/>\n<meta property=\"og:description\" content=\"La expresi\u00f3n emocional ser\u00eda la siguiente de las competencias emocionales dentro de la clasificaci\u00f3n sobre la que hemos estado hablando. El primer paso era el reconocimiento, despu\u00e9s la comprensi\u00f3n, el etiquetaje y hoy veremos la expresi\u00f3n. Esta competencia consiste en expresar de forma adecuada nuestras emociones. Aqu\u00ed empiezan los problemillas. Las emociones desagradables tendemos a [&hellip;]\" \/>\n<meta property=\"og:url\" content=\"https:\/\/magdalenagrande.com\/blog\/expresion-emocional\/\" \/>\n<meta property=\"og:site_name\" content=\"Blog de Magdalena Grande\" \/>\n<meta property=\"article:published_time\" content=\"2021-09-13T17:51:13+00:00\" \/>\n<meta property=\"article:modified_time\" content=\"2021-09-13T17:51:24+00:00\" \/>\n<meta property=\"og:image\" content=\"https:\/\/magdalenagrande.com\/blog\/wp-content\/uploads\/2021\/09\/image_editor_output_image2008169281-1631555462993-857x1024.jpg\" \/>\n<meta name=\"twitter:card\" content=\"summary\" \/>\n<meta name=\"twitter:label1\" content=\"Escrito por\" \/>\n\t<meta name=\"twitter:data1\" content=\"magdalena_grande\" \/>\n\t<meta name=\"twitter:label2\" content=\"Tiempo de lectura\" \/>\n\t<meta name=\"twitter:data2\" content=\"2 minutos\" \/>\n<script type=\"application\/ld+json\" class=\"yoast-schema-graph\">{\"@context\":\"https:\/\/schema.org\",\"@graph\":[{\"@type\":\"WebSite\",\"@id\":\"https:\/\/magdalenagrande.com\/blog\/#website\",\"url\":\"https:\/\/magdalenagrande.com\/blog\/\",\"name\":\"Blog de Magdalena Grande\",\"description\":\"Crecimiento personal, alta sensibilidad y educaci\\u00f3n emocional\",\"potentialAction\":[{\"@type\":\"SearchAction\",\"target\":{\"@type\":\"EntryPoint\",\"urlTemplate\":\"https:\/\/magdalenagrande.com\/blog\/?s={search_term_string}\"},\"query-input\":\"required name=search_term_string\"}],\"inLanguage\":\"es\"},{\"@type\":\"ImageObject\",\"@id\":\"https:\/\/magdalenagrande.com\/blog\/expresion-emocional\/#primaryimage\",\"inLanguage\":\"es\",\"url\":\"https:\/\/magdalenagrande.com\/blog\/wp-content\/uploads\/2021\/09\/image_editor_output_image2008169281-1631555462993.jpg\",\"contentUrl\":\"https:\/\/magdalenagrande.com\/blog\/wp-content\/uploads\/2021\/09\/image_editor_output_image2008169281-1631555462993.jpg\",\"width\":1080,\"height\":1291},{\"@type\":\"WebPage\",\"@id\":\"https:\/\/magdalenagrande.com\/blog\/expresion-emocional\/#webpage\",\"url\":\"https:\/\/magdalenagrande.com\/blog\/expresion-emocional\/\",\"name\":\"Expresi\\u00f3n emocional - Blog de Magdalena Grande\",\"isPartOf\":{\"@id\":\"https:\/\/magdalenagrande.com\/blog\/#website\"},\"primaryImageOfPage\":{\"@id\":\"https:\/\/magdalenagrande.com\/blog\/expresion-emocional\/#primaryimage\"},\"datePublished\":\"2021-09-13T17:51:13+00:00\",\"dateModified\":\"2021-09-13T17:51:24+00:00\",\"author\":{\"@id\":\"https:\/\/magdalenagrande.com\/blog\/#\/schema\/person\/f8460fd9e22f0d0d09ef55ae7a4f6791\"},\"breadcrumb\":{\"@id\":\"https:\/\/magdalenagrande.com\/blog\/expresion-emocional\/#breadcrumb\"},\"inLanguage\":\"es\",\"potentialAction\":[{\"@type\":\"ReadAction\",\"target\":[\"https:\/\/magdalenagrande.com\/blog\/expresion-emocional\/\"]}]},{\"@type\":\"BreadcrumbList\",\"@id\":\"https:\/\/magdalenagrande.com\/blog\/expresion-emocional\/#breadcrumb\",\"itemListElement\":[{\"@type\":\"ListItem\",\"position\":1,\"name\":\"Portada\",\"item\":\"https:\/\/magdalenagrande.com\/blog\/\"},{\"@type\":\"ListItem\",\"position\":2,\"name\":\"Expresi\\u00f3n emocional\"}]},{\"@type\":\"Person\",\"@id\":\"https:\/\/magdalenagrande.com\/blog\/#\/schema\/person\/f8460fd9e22f0d0d09ef55ae7a4f6791\",\"name\":\"magdalena_grande\"}]}<\/script>\n<!-- \/ Yoast SEO plugin. -->","yoast_head_json":{"title":"Expresi\u00f3n emocional - Blog de Magdalena Grande","robots":{"index":"index","follow":"follow","max-snippet":"max-snippet:-1","max-image-preview":"max-image-preview:large","max-video-preview":"max-video-preview:-1"},"canonical":"https:\/\/magdalenagrande.com\/blog\/expresion-emocional\/","og_locale":"es_ES","og_type":"article","og_title":"Expresi\u00f3n emocional - Blog de Magdalena Grande","og_description":"La expresi\u00f3n emocional ser\u00eda la siguiente de las competencias emocionales dentro de la clasificaci\u00f3n sobre la que hemos estado hablando. El primer paso era el reconocimiento, despu\u00e9s la comprensi\u00f3n, el etiquetaje y hoy veremos la expresi\u00f3n. Esta competencia consiste en expresar de forma adecuada nuestras emociones. Aqu\u00ed empiezan los problemillas. Las emociones desagradables tendemos a [&hellip;]","og_url":"https:\/\/magdalenagrande.com\/blog\/expresion-emocional\/","og_site_name":"Blog de Magdalena Grande","article_published_time":"2021-09-13T17:51:13+00:00","article_modified_time":"2021-09-13T17:51:24+00:00","og_image":[{"url":"https:\/\/magdalenagrande.com\/blog\/wp-content\/uploads\/2021\/09\/image_editor_output_image2008169281-1631555462993-857x1024.jpg"}],"twitter_card":"summary","twitter_misc":{"Escrito por":"magdalena_grande","Tiempo de lectura":"2 minutos"},"schema":{"@context":"https:\/\/schema.org","@graph":[{"@type":"WebSite","@id":"https:\/\/magdalenagrande.com\/blog\/#website","url":"https:\/\/magdalenagrande.com\/blog\/","name":"Blog de Magdalena Grande","description":"Crecimiento personal, alta sensibilidad y educaci\u00f3n emocional","potentialAction":[{"@type":"SearchAction","target":{"@type":"EntryPoint","urlTemplate":"https:\/\/magdalenagrande.com\/blog\/?s={search_term_string}"},"query-input":"required name=search_term_string"}],"inLanguage":"es"},{"@type":"ImageObject","@id":"https:\/\/magdalenagrande.com\/blog\/expresion-emocional\/#primaryimage","inLanguage":"es","url":"https:\/\/magdalenagrande.com\/blog\/wp-content\/uploads\/2021\/09\/image_editor_output_image2008169281-1631555462993.jpg","contentUrl":"https:\/\/magdalenagrande.com\/blog\/wp-content\/uploads\/2021\/09\/image_editor_output_image2008169281-1631555462993.jpg","width":1080,"height":1291},{"@type":"WebPage","@id":"https:\/\/magdalenagrande.com\/blog\/expresion-emocional\/#webpage","url":"https:\/\/magdalenagrande.com\/blog\/expresion-emocional\/","name":"Expresi\u00f3n emocional - Blog de Magdalena Grande","isPartOf":{"@id":"https:\/\/magdalenagrande.com\/blog\/#website"},"primaryImageOfPage":{"@id":"https:\/\/magdalenagrande.com\/blog\/expresion-emocional\/#primaryimage"},"datePublished":"2021-09-13T17:51:13+00:00","dateModified":"2021-09-13T17:51:24+00:00","author":{"@id":"https:\/\/magdalenagrande.com\/blog\/#\/schema\/person\/f8460fd9e22f0d0d09ef55ae7a4f6791"},"breadcrumb":{"@id":"https:\/\/magdalenagrande.com\/blog\/expresion-emocional\/#breadcrumb"},"inLanguage":"es","potentialAction":[{"@type":"ReadAction","target":["https:\/\/magdalenagrande.com\/blog\/expresion-emocional\/"]}]},{"@type":"BreadcrumbList","@id":"https:\/\/magdalenagrande.com\/blog\/expresion-emocional\/#breadcrumb","itemListElement":[{"@type":"ListItem","position":1,"name":"Portada","item":"https:\/\/magdalenagrande.com\/blog\/"},{"@type":"ListItem","position":2,"name":"Expresi\u00f3n emocional"}]},{"@type":"Person","@id":"https:\/\/magdalenagrande.com\/blog\/#\/schema\/person\/f8460fd9e22f0d0d09ef55ae7a4f6791","name":"magdalena_grande"}]}},"_links":{"self":[{"href":"https:\/\/magdalenagrande.com\/blog\/wp-json\/wp\/v2\/posts\/518","targetHints":{"allow":["GET"]}}],"collection":[{"href":"https:\/\/magdalenagrande.com\/blog\/wp-json\/wp\/v2\/posts"}],"about":[{"href":"https:\/\/magdalenagrande.com\/blog\/wp-json\/wp\/v2\/types\/post"}],"author":[{"embeddable":true,"href":"https:\/\/magdalenagrande.com\/blog\/wp-json\/wp\/v2\/users\/1"}],"replies":[{"embeddable":true,"href":"https:\/\/magdalenagrande.com\/blog\/wp-json\/wp\/v2\/comments?post=518"}],"version-history":[{"count":1,"href":"https:\/\/magdalenagrande.com\/blog\/wp-json\/wp\/v2\/posts\/518\/revisions"}],"predecessor-version":[{"id":519,"href":"https:\/\/magdalenagrande.com\/blog\/wp-json\/wp\/v2\/posts\/518\/revisions\/519"}],"wp:attachment":[{"href":"https:\/\/magdalenagrande.com\/blog\/wp-json\/wp\/v2\/media?parent=518"}],"wp:term":[{"taxonomy":"category","embeddable":true,"href":"https:\/\/magdalenagrande.com\/blog\/wp-json\/wp\/v2\/categories?post=518"},{"taxonomy":"post_tag","embeddable":true,"href":"https:\/\/magdalenagrande.com\/blog\/wp-json\/wp\/v2\/tags?post=518"}],"curies":[{"name":"wp","href":"https:\/\/api.w.org\/{rel}","templated":true}]}}