{"id":528,"date":"2021-09-13T18:00:01","date_gmt":"2021-09-13T18:00:01","guid":{"rendered":"https:\/\/magdalenagrande.com\/blog\/?p=528"},"modified":"2021-09-13T18:00:55","modified_gmt":"2021-09-13T18:00:55","slug":"el-poder-del-ahora","status":"publish","type":"post","link":"https:\/\/magdalenagrande.com\/blog\/el-poder-del-ahora\/","title":{"rendered":"El poder del ahora"},"content":{"rendered":"\n<p>&#8216;La inconsciencia ordinaria siempre est\u00e1 vinculada de alg\u00fan modo con la negaci\u00f3n del ahora. El ahora, por supuesto, tambi\u00e9n implica el aqu\u00ed. \u00bfEst\u00e1s resisti\u00e9ndote a tu aqu\u00ed y ahora? Algunas personas siempre prefieren estar en otra parte. Su aqu\u00ed nunca es lo suficientemente bueno. Averigua si este es tu caso mediante la autoobservaci\u00f3n. Est\u00e9s donde est\u00e9s, estate totalmente all\u00ed. Si tu aqu\u00ed y ahora te resulta intolerable y te hace desgraciado, tienes tres opciones: retirarte de la situaci\u00f3n, cambiarla o aceptarla totalmente. Si quieres asumir la responsabilidad de tu vida, debes elegir una de estas tres opciones y debes elegirla ahora. Despu\u00e9s acepta las consecuencias. Sin excusas, sin negatividad, sin contaminaci\u00f3n ps\u00edquica. Mant\u00e9n limpio tu espacio interno.&#8217;<\/p>\n\n\n\n<p>Este es el libro que m\u00e1s he recomendado dentro y fuera de la consulta. Podr\u00eda haber elegido cualquier p\u00e1gina y cualquier p\u00e1rrafo porque todos son adecuados en cada momento. Si te apetece una lectura intensa pero muy profunda, ah\u00ed lo tienes.<\/p>\n\n\n\n<p>Muy feliz d\u00eda para ti \u2764\ufe0f<\/p>\n\n\n\n<p>#espiritualidad #aqu\u00edyahora #librosparapas #librosparanopas #altasensibilidad #tolle #bibliotecasensible @eckharttolle #personasaltamentesensibles #PAS #cursoparapas #consultaonline #terapiaonline #magdalenagrande #cursoaltasensibilidad<\/p>\n\n\n\n<p>@personas_altamente_sensibles<\/p>\n\n\n\n<p>Www.magdalenagrande.com <\/p>\n\n\n\n<figure class=\"wp-block-image size-large\"><img loading=\"lazy\" decoding=\"async\" width=\"883\" height=\"1024\" src=\"https:\/\/magdalenagrande.com\/blog\/wp-content\/uploads\/2021\/09\/image_editor_output_image1097456456-1631555974738-883x1024.jpg\" alt=\"\" class=\"wp-image-526\" srcset=\"https:\/\/magdalenagrande.com\/blog\/wp-content\/uploads\/2021\/09\/image_editor_output_image1097456456-1631555974738-883x1024.jpg 883w, https:\/\/magdalenagrande.com\/blog\/wp-content\/uploads\/2021\/09\/image_editor_output_image1097456456-1631555974738-259x300.jpg 259w, https:\/\/magdalenagrande.com\/blog\/wp-content\/uploads\/2021\/09\/image_editor_output_image1097456456-1631555974738-768x890.jpg 768w, https:\/\/magdalenagrande.com\/blog\/wp-content\/uploads\/2021\/09\/image_editor_output_image1097456456-1631555974738.jpg 1067w\" sizes=\"auto, (max-width: 883px) 100vw, 883px\" \/><\/figure>\n\n\n\n<figure class=\"wp-block-image\"><img loading=\"lazy\" decoding=\"async\" width=\"1074\" height=\"1198\" src=\"https:\/\/magdalenagrande.com\/blog\/wp-content\/uploads\/2021\/09\/image_editor_output_image-631996895-1631555985420.jpg\" alt=\"\" class=\"wp-image-527\" srcset=\"https:\/\/magdalenagrande.com\/blog\/wp-content\/uploads\/2021\/09\/image_editor_output_image-631996895-1631555985420.jpg 1074w, https:\/\/magdalenagrande.com\/blog\/wp-content\/uploads\/2021\/09\/image_editor_output_image-631996895-1631555985420-269x300.jpg 269w, https:\/\/magdalenagrande.com\/blog\/wp-content\/uploads\/2021\/09\/image_editor_output_image-631996895-1631555985420-918x1024.jpg 918w, https:\/\/magdalenagrande.com\/blog\/wp-content\/uploads\/2021\/09\/image_editor_output_image-631996895-1631555985420-768x857.jpg 768w\" sizes=\"auto, (max-width: 1074px) 100vw, 1074px\" \/><\/figure>\n","protected":false},"excerpt":{"rendered":"<p>&#8216;La inconsciencia ordinaria siempre est\u00e1 vinculada de alg\u00fan modo con la negaci\u00f3n del ahora. El ahora, por supuesto, tambi\u00e9n implica el aqu\u00ed. \u00bfEst\u00e1s resisti\u00e9ndote a tu aqu\u00ed y ahora? Algunas personas siempre prefieren estar en otra parte. Su aqu\u00ed nunca es lo suficientemente bueno. Averigua si este es tu caso mediante la autoobservaci\u00f3n. Est\u00e9s donde [&hellip;]<\/p>\n","protected":false},"author":1,"featured_media":0,"comment_status":"closed","ping_status":"closed","sticky":false,"template":"","format":"standard","meta":{"sfsi_plus_gutenberg_text_before_share":"","sfsi_plus_gutenberg_show_text_before_share":"","sfsi_plus_gutenberg_icon_type":"","sfsi_plus_gutenberg_icon_alignemt":"","sfsi_plus_gutenburg_max_per_row":"","footnotes":""},"categories":[81],"tags":[],"class_list":["post-528","post","type-post","status-publish","format-standard","hentry","category-libros-pas"],"yoast_head":"<!-- This site is optimized with the Yoast SEO plugin v17.0 - https:\/\/yoast.com\/wordpress\/plugins\/seo\/ -->\n<title>El poder del ahora - Blog de Magdalena Grande<\/title>\n<meta name=\"robots\" content=\"index, follow, max-snippet:-1, max-image-preview:large, max-video-preview:-1\" \/>\n<link rel=\"canonical\" href=\"https:\/\/magdalenagrande.com\/blog\/el-poder-del-ahora\/\" \/>\n<meta property=\"og:locale\" content=\"es_ES\" \/>\n<meta property=\"og:type\" content=\"article\" \/>\n<meta property=\"og:title\" content=\"El poder del ahora - Blog de Magdalena Grande\" \/>\n<meta property=\"og:description\" content=\"&#8216;La inconsciencia ordinaria siempre est\u00e1 vinculada de alg\u00fan modo con la negaci\u00f3n del ahora. El ahora, por supuesto, tambi\u00e9n implica el aqu\u00ed. \u00bfEst\u00e1s resisti\u00e9ndote a tu aqu\u00ed y ahora? Algunas personas siempre prefieren estar en otra parte. Su aqu\u00ed nunca es lo suficientemente bueno. Averigua si este es tu caso mediante la autoobservaci\u00f3n. Est\u00e9s donde [&hellip;]\" \/>\n<meta property=\"og:url\" content=\"https:\/\/magdalenagrande.com\/blog\/el-poder-del-ahora\/\" \/>\n<meta property=\"og:site_name\" content=\"Blog de Magdalena Grande\" \/>\n<meta property=\"article:published_time\" content=\"2021-09-13T18:00:01+00:00\" \/>\n<meta property=\"article:modified_time\" content=\"2021-09-13T18:00:55+00:00\" \/>\n<meta property=\"og:image\" content=\"https:\/\/magdalenagrande.com\/blog\/wp-content\/uploads\/2021\/09\/image_editor_output_image1097456456-1631555974738-883x1024.jpg\" \/>\n<meta name=\"twitter:card\" content=\"summary\" \/>\n<meta name=\"twitter:label1\" content=\"Escrito por\" \/>\n\t<meta name=\"twitter:data1\" content=\"magdalena_grande\" \/>\n\t<meta name=\"twitter:label2\" content=\"Tiempo de lectura\" \/>\n\t<meta name=\"twitter:data2\" content=\"1 minuto\" \/>\n<script type=\"application\/ld+json\" class=\"yoast-schema-graph\">{\"@context\":\"https:\/\/schema.org\",\"@graph\":[{\"@type\":\"WebSite\",\"@id\":\"https:\/\/magdalenagrande.com\/blog\/#website\",\"url\":\"https:\/\/magdalenagrande.com\/blog\/\",\"name\":\"Blog de Magdalena Grande\",\"description\":\"Crecimiento personal, alta sensibilidad y educaci\\u00f3n emocional\",\"potentialAction\":[{\"@type\":\"SearchAction\",\"target\":{\"@type\":\"EntryPoint\",\"urlTemplate\":\"https:\/\/magdalenagrande.com\/blog\/?s={search_term_string}\"},\"query-input\":\"required name=search_term_string\"}],\"inLanguage\":\"es\"},{\"@type\":\"ImageObject\",\"@id\":\"https:\/\/magdalenagrande.com\/blog\/el-poder-del-ahora\/#primaryimage\",\"inLanguage\":\"es\",\"url\":\"https:\/\/magdalenagrande.com\/blog\/wp-content\/uploads\/2021\/09\/image_editor_output_image1097456456-1631555974738.jpg\",\"contentUrl\":\"https:\/\/magdalenagrande.com\/blog\/wp-content\/uploads\/2021\/09\/image_editor_output_image1097456456-1631555974738.jpg\",\"width\":1067,\"height\":1237},{\"@type\":\"WebPage\",\"@id\":\"https:\/\/magdalenagrande.com\/blog\/el-poder-del-ahora\/#webpage\",\"url\":\"https:\/\/magdalenagrande.com\/blog\/el-poder-del-ahora\/\",\"name\":\"El poder del ahora - Blog de Magdalena Grande\",\"isPartOf\":{\"@id\":\"https:\/\/magdalenagrande.com\/blog\/#website\"},\"primaryImageOfPage\":{\"@id\":\"https:\/\/magdalenagrande.com\/blog\/el-poder-del-ahora\/#primaryimage\"},\"datePublished\":\"2021-09-13T18:00:01+00:00\",\"dateModified\":\"2021-09-13T18:00:55+00:00\",\"author\":{\"@id\":\"https:\/\/magdalenagrande.com\/blog\/#\/schema\/person\/f8460fd9e22f0d0d09ef55ae7a4f6791\"},\"breadcrumb\":{\"@id\":\"https:\/\/magdalenagrande.com\/blog\/el-poder-del-ahora\/#breadcrumb\"},\"inLanguage\":\"es\",\"potentialAction\":[{\"@type\":\"ReadAction\",\"target\":[\"https:\/\/magdalenagrande.com\/blog\/el-poder-del-ahora\/\"]}]},{\"@type\":\"BreadcrumbList\",\"@id\":\"https:\/\/magdalenagrande.com\/blog\/el-poder-del-ahora\/#breadcrumb\",\"itemListElement\":[{\"@type\":\"ListItem\",\"position\":1,\"name\":\"Portada\",\"item\":\"https:\/\/magdalenagrande.com\/blog\/\"},{\"@type\":\"ListItem\",\"position\":2,\"name\":\"El poder del ahora\"}]},{\"@type\":\"Person\",\"@id\":\"https:\/\/magdalenagrande.com\/blog\/#\/schema\/person\/f8460fd9e22f0d0d09ef55ae7a4f6791\",\"name\":\"magdalena_grande\"}]}<\/script>\n<!-- \/ Yoast SEO plugin. -->","yoast_head_json":{"title":"El poder del ahora - Blog de Magdalena Grande","robots":{"index":"index","follow":"follow","max-snippet":"max-snippet:-1","max-image-preview":"max-image-preview:large","max-video-preview":"max-video-preview:-1"},"canonical":"https:\/\/magdalenagrande.com\/blog\/el-poder-del-ahora\/","og_locale":"es_ES","og_type":"article","og_title":"El poder del ahora - Blog de Magdalena Grande","og_description":"&#8216;La inconsciencia ordinaria siempre est\u00e1 vinculada de alg\u00fan modo con la negaci\u00f3n del ahora. El ahora, por supuesto, tambi\u00e9n implica el aqu\u00ed. \u00bfEst\u00e1s resisti\u00e9ndote a tu aqu\u00ed y ahora? Algunas personas siempre prefieren estar en otra parte. Su aqu\u00ed nunca es lo suficientemente bueno. Averigua si este es tu caso mediante la autoobservaci\u00f3n. Est\u00e9s donde [&hellip;]","og_url":"https:\/\/magdalenagrande.com\/blog\/el-poder-del-ahora\/","og_site_name":"Blog de Magdalena Grande","article_published_time":"2021-09-13T18:00:01+00:00","article_modified_time":"2021-09-13T18:00:55+00:00","og_image":[{"url":"https:\/\/magdalenagrande.com\/blog\/wp-content\/uploads\/2021\/09\/image_editor_output_image1097456456-1631555974738-883x1024.jpg"}],"twitter_card":"summary","twitter_misc":{"Escrito por":"magdalena_grande","Tiempo de lectura":"1 minuto"},"schema":{"@context":"https:\/\/schema.org","@graph":[{"@type":"WebSite","@id":"https:\/\/magdalenagrande.com\/blog\/#website","url":"https:\/\/magdalenagrande.com\/blog\/","name":"Blog de Magdalena Grande","description":"Crecimiento personal, alta sensibilidad y educaci\u00f3n emocional","potentialAction":[{"@type":"SearchAction","target":{"@type":"EntryPoint","urlTemplate":"https:\/\/magdalenagrande.com\/blog\/?s={search_term_string}"},"query-input":"required name=search_term_string"}],"inLanguage":"es"},{"@type":"ImageObject","@id":"https:\/\/magdalenagrande.com\/blog\/el-poder-del-ahora\/#primaryimage","inLanguage":"es","url":"https:\/\/magdalenagrande.com\/blog\/wp-content\/uploads\/2021\/09\/image_editor_output_image1097456456-1631555974738.jpg","contentUrl":"https:\/\/magdalenagrande.com\/blog\/wp-content\/uploads\/2021\/09\/image_editor_output_image1097456456-1631555974738.jpg","width":1067,"height":1237},{"@type":"WebPage","@id":"https:\/\/magdalenagrande.com\/blog\/el-poder-del-ahora\/#webpage","url":"https:\/\/magdalenagrande.com\/blog\/el-poder-del-ahora\/","name":"El poder del ahora - Blog de Magdalena Grande","isPartOf":{"@id":"https:\/\/magdalenagrande.com\/blog\/#website"},"primaryImageOfPage":{"@id":"https:\/\/magdalenagrande.com\/blog\/el-poder-del-ahora\/#primaryimage"},"datePublished":"2021-09-13T18:00:01+00:00","dateModified":"2021-09-13T18:00:55+00:00","author":{"@id":"https:\/\/magdalenagrande.com\/blog\/#\/schema\/person\/f8460fd9e22f0d0d09ef55ae7a4f6791"},"breadcrumb":{"@id":"https:\/\/magdalenagrande.com\/blog\/el-poder-del-ahora\/#breadcrumb"},"inLanguage":"es","potentialAction":[{"@type":"ReadAction","target":["https:\/\/magdalenagrande.com\/blog\/el-poder-del-ahora\/"]}]},{"@type":"BreadcrumbList","@id":"https:\/\/magdalenagrande.com\/blog\/el-poder-del-ahora\/#breadcrumb","itemListElement":[{"@type":"ListItem","position":1,"name":"Portada","item":"https:\/\/magdalenagrande.com\/blog\/"},{"@type":"ListItem","position":2,"name":"El poder del ahora"}]},{"@type":"Person","@id":"https:\/\/magdalenagrande.com\/blog\/#\/schema\/person\/f8460fd9e22f0d0d09ef55ae7a4f6791","name":"magdalena_grande"}]}},"_links":{"self":[{"href":"https:\/\/magdalenagrande.com\/blog\/wp-json\/wp\/v2\/posts\/528","targetHints":{"allow":["GET"]}}],"collection":[{"href":"https:\/\/magdalenagrande.com\/blog\/wp-json\/wp\/v2\/posts"}],"about":[{"href":"https:\/\/magdalenagrande.com\/blog\/wp-json\/wp\/v2\/types\/post"}],"author":[{"embeddable":true,"href":"https:\/\/magdalenagrande.com\/blog\/wp-json\/wp\/v2\/users\/1"}],"replies":[{"embeddable":true,"href":"https:\/\/magdalenagrande.com\/blog\/wp-json\/wp\/v2\/comments?post=528"}],"version-history":[{"count":1,"href":"https:\/\/magdalenagrande.com\/blog\/wp-json\/wp\/v2\/posts\/528\/revisions"}],"predecessor-version":[{"id":529,"href":"https:\/\/magdalenagrande.com\/blog\/wp-json\/wp\/v2\/posts\/528\/revisions\/529"}],"wp:attachment":[{"href":"https:\/\/magdalenagrande.com\/blog\/wp-json\/wp\/v2\/media?parent=528"}],"wp:term":[{"taxonomy":"category","embeddable":true,"href":"https:\/\/magdalenagrande.com\/blog\/wp-json\/wp\/v2\/categories?post=528"},{"taxonomy":"post_tag","embeddable":true,"href":"https:\/\/magdalenagrande.com\/blog\/wp-json\/wp\/v2\/tags?post=528"}],"curies":[{"name":"wp","href":"https:\/\/api.w.org\/{rel}","templated":true}]}}