{"id":540,"date":"2021-09-13T18:06:55","date_gmt":"2021-09-13T18:06:55","guid":{"rendered":"https:\/\/magdalenagrande.com\/blog\/?p=540"},"modified":"2021-09-13T18:07:02","modified_gmt":"2021-09-13T18:07:02","slug":"yo-soy-confianza","status":"publish","type":"post","link":"https:\/\/magdalenagrande.com\/blog\/yo-soy-confianza\/","title":{"rendered":"Yo soy confianza"},"content":{"rendered":"\n<p>La confianza es b\u00e1sica en nuestra vida como seres humanos y ah\u00ed podr\u00edamos incluir la autoconfianza, la confianza en los dem\u00e1s y la confianza en la vida. Veamos c\u00f3mo trabajar cada una de ellas:<\/p>\n\n\n\n<p>&#8211; Empezaremos con uno mismo, la autoconfianza: piensa en una cosa que hayas hecho esta semana de la cual te sientas orgulloso y refu\u00e9rzate. La autoconfianza nos permite sabernos capaces y sentir que nosotros podemos lograr lo que deseamos. En este sentido, las autoinstrucciones y hablar con nosotros mismos pueden ayudarnos a mejorar nuestra propia confianza. Decirnos, paso a paso lo que tenemos que ir haciendo si algo nos resulta dif\u00edcil, aumentar\u00e1 la probabilidad de \u00e9xito. Si, adem\u00e1s, nos vamos autoreforzando con los logros y siendo amorosos y compasivos, todav\u00eda nos ir\u00e1 mejor.<\/p>\n\n\n\n<p>&#8211; Confiar en los dem\u00e1s&#8230;\u00a1C\u00f3mo nos cuesta! Sentimos que al abrirnos y permitirnos ser transparentes, estamos dando licencia al resto para herirnos. Lo que no vemos es que el hecho de no ser nosotros mismos es, en s\u00ed, una manera de hacernos da\u00f1o. \u00bfTe permites ser t\u00fa misma? Descubre que tu pre-ocupaci\u00f3n a que te hagan da\u00f1o es s\u00f3lo eso, algo que todav\u00eda no ha sucedido y a lo que te est\u00e1s anticipando. \u00bfRecuerdas aquellos millones de pensamientos sobre situaciones que tuviste y no se produjeron? Empieza a arriesgarte y eval\u00faa, \u00bfqu\u00e9 ser\u00eda lo peor que podr\u00eda suceder? Es momento de abrirse&#8230;<\/p>\n\n\n\n<p>&#8211; Confiar en la vida ser\u00eda el siguiente nivel, trabajar la creencia de que el universo tiene lo mejor para ti preparado en cada momento y la idea de que todo es perfecto tal y como es. Esto me ha llevado a\u00f1os pero me ha tra\u00eddo tanta paz&#8230; En este sentido, tomar\u00e9 prestado un ejercicio del maravilloso Emilio Carrillo que nos sugiere que miremos por la noche el cielo estrellado e imaginemos el sin fin de galaxias y universos que coexisten a la vez. Imagina cada planeta con su particularidad movi\u00e9ndose como corresponde en un orden meticuloso y perfecto. Eres una infim\u00edsima parte de todo este entramado maravilloso que es la vida. Di en voz alta: &#8216;esto que me ha pasado es injusto&#8217;. Al pronunciarlo te dar\u00e1s cuenta de que no puede haber nada m\u00e1s rid\u00edculo que lo que acabas de decir. La vida, as\u00ed, es como tiene que ser.<\/p>\n\n\n\n<p>#altasensibilidad #personasaltamentesensibles #sensibilidadconsciente #PAS #cursoparapas #consultaonline #terapiaonline #magdalenagrande #cursoaltasensibilidad #yosoy<\/p>\n\n\n\n<p>@personas_altamente_sensibles<\/p>\n\n\n\n<p>Www.magdalenagrande.com <\/p>\n\n\n\n<figure class=\"wp-block-image size-large\"><img loading=\"lazy\" decoding=\"async\" width=\"942\" height=\"1024\" src=\"https:\/\/magdalenagrande.com\/blog\/wp-content\/uploads\/2021\/09\/image_editor_output_image1602586939-1631556400052-942x1024.jpg\" alt=\"\" class=\"wp-image-539\" srcset=\"https:\/\/magdalenagrande.com\/blog\/wp-content\/uploads\/2021\/09\/image_editor_output_image1602586939-1631556400052-942x1024.jpg 942w, https:\/\/magdalenagrande.com\/blog\/wp-content\/uploads\/2021\/09\/image_editor_output_image1602586939-1631556400052-276x300.jpg 276w, https:\/\/magdalenagrande.com\/blog\/wp-content\/uploads\/2021\/09\/image_editor_output_image1602586939-1631556400052-768x835.jpg 768w, https:\/\/magdalenagrande.com\/blog\/wp-content\/uploads\/2021\/09\/image_editor_output_image1602586939-1631556400052.jpg 1080w\" sizes=\"auto, (max-width: 942px) 100vw, 942px\" \/><\/figure>\n","protected":false},"excerpt":{"rendered":"<p>La confianza es b\u00e1sica en nuestra vida como seres humanos y ah\u00ed podr\u00edamos incluir la autoconfianza, la confianza en los dem\u00e1s y la confianza en la vida. Veamos c\u00f3mo trabajar cada una de ellas: &#8211; Empezaremos con uno mismo, la autoconfianza: piensa en una cosa que hayas hecho esta semana de la cual te sientas [&hellip;]<\/p>\n","protected":false},"author":1,"featured_media":0,"comment_status":"closed","ping_status":"closed","sticky":false,"template":"","format":"standard","meta":{"sfsi_plus_gutenberg_text_before_share":"","sfsi_plus_gutenberg_show_text_before_share":"","sfsi_plus_gutenberg_icon_type":"","sfsi_plus_gutenberg_icon_alignemt":"","sfsi_plus_gutenburg_max_per_row":"","footnotes":""},"categories":[79],"tags":[],"class_list":["post-540","post","type-post","status-publish","format-standard","hentry","category-yo-soy"],"yoast_head":"<!-- This site is optimized with the Yoast SEO plugin v17.0 - https:\/\/yoast.com\/wordpress\/plugins\/seo\/ -->\n<title>Yo soy confianza - Blog de Magdalena Grande<\/title>\n<meta name=\"robots\" content=\"index, follow, max-snippet:-1, max-image-preview:large, max-video-preview:-1\" \/>\n<link rel=\"canonical\" href=\"https:\/\/magdalenagrande.com\/blog\/yo-soy-confianza\/\" \/>\n<meta property=\"og:locale\" content=\"es_ES\" \/>\n<meta property=\"og:type\" content=\"article\" \/>\n<meta property=\"og:title\" content=\"Yo soy confianza - Blog de Magdalena Grande\" \/>\n<meta property=\"og:description\" content=\"La confianza es b\u00e1sica en nuestra vida como seres humanos y ah\u00ed podr\u00edamos incluir la autoconfianza, la confianza en los dem\u00e1s y la confianza en la vida. Veamos c\u00f3mo trabajar cada una de ellas: &#8211; Empezaremos con uno mismo, la autoconfianza: piensa en una cosa que hayas hecho esta semana de la cual te sientas [&hellip;]\" \/>\n<meta property=\"og:url\" content=\"https:\/\/magdalenagrande.com\/blog\/yo-soy-confianza\/\" \/>\n<meta property=\"og:site_name\" content=\"Blog de Magdalena Grande\" \/>\n<meta property=\"article:published_time\" content=\"2021-09-13T18:06:55+00:00\" \/>\n<meta property=\"article:modified_time\" content=\"2021-09-13T18:07:02+00:00\" \/>\n<meta property=\"og:image\" content=\"https:\/\/magdalenagrande.com\/blog\/wp-content\/uploads\/2021\/09\/image_editor_output_image1602586939-1631556400052-942x1024.jpg\" \/>\n<meta name=\"twitter:card\" content=\"summary\" \/>\n<meta name=\"twitter:label1\" content=\"Escrito por\" \/>\n\t<meta name=\"twitter:data1\" content=\"magdalena_grande\" \/>\n\t<meta name=\"twitter:label2\" content=\"Tiempo de lectura\" \/>\n\t<meta name=\"twitter:data2\" content=\"2 minutos\" \/>\n<script type=\"application\/ld+json\" class=\"yoast-schema-graph\">{\"@context\":\"https:\/\/schema.org\",\"@graph\":[{\"@type\":\"WebSite\",\"@id\":\"https:\/\/magdalenagrande.com\/blog\/#website\",\"url\":\"https:\/\/magdalenagrande.com\/blog\/\",\"name\":\"Blog de Magdalena Grande\",\"description\":\"Crecimiento personal, alta sensibilidad y educaci\\u00f3n emocional\",\"potentialAction\":[{\"@type\":\"SearchAction\",\"target\":{\"@type\":\"EntryPoint\",\"urlTemplate\":\"https:\/\/magdalenagrande.com\/blog\/?s={search_term_string}\"},\"query-input\":\"required name=search_term_string\"}],\"inLanguage\":\"es\"},{\"@type\":\"ImageObject\",\"@id\":\"https:\/\/magdalenagrande.com\/blog\/yo-soy-confianza\/#primaryimage\",\"inLanguage\":\"es\",\"url\":\"https:\/\/magdalenagrande.com\/blog\/wp-content\/uploads\/2021\/09\/image_editor_output_image1602586939-1631556400052.jpg\",\"contentUrl\":\"https:\/\/magdalenagrande.com\/blog\/wp-content\/uploads\/2021\/09\/image_editor_output_image1602586939-1631556400052.jpg\",\"width\":1080,\"height\":1174},{\"@type\":\"WebPage\",\"@id\":\"https:\/\/magdalenagrande.com\/blog\/yo-soy-confianza\/#webpage\",\"url\":\"https:\/\/magdalenagrande.com\/blog\/yo-soy-confianza\/\",\"name\":\"Yo soy confianza - Blog de Magdalena Grande\",\"isPartOf\":{\"@id\":\"https:\/\/magdalenagrande.com\/blog\/#website\"},\"primaryImageOfPage\":{\"@id\":\"https:\/\/magdalenagrande.com\/blog\/yo-soy-confianza\/#primaryimage\"},\"datePublished\":\"2021-09-13T18:06:55+00:00\",\"dateModified\":\"2021-09-13T18:07:02+00:00\",\"author\":{\"@id\":\"https:\/\/magdalenagrande.com\/blog\/#\/schema\/person\/f8460fd9e22f0d0d09ef55ae7a4f6791\"},\"breadcrumb\":{\"@id\":\"https:\/\/magdalenagrande.com\/blog\/yo-soy-confianza\/#breadcrumb\"},\"inLanguage\":\"es\",\"potentialAction\":[{\"@type\":\"ReadAction\",\"target\":[\"https:\/\/magdalenagrande.com\/blog\/yo-soy-confianza\/\"]}]},{\"@type\":\"BreadcrumbList\",\"@id\":\"https:\/\/magdalenagrande.com\/blog\/yo-soy-confianza\/#breadcrumb\",\"itemListElement\":[{\"@type\":\"ListItem\",\"position\":1,\"name\":\"Portada\",\"item\":\"https:\/\/magdalenagrande.com\/blog\/\"},{\"@type\":\"ListItem\",\"position\":2,\"name\":\"Yo soy confianza\"}]},{\"@type\":\"Person\",\"@id\":\"https:\/\/magdalenagrande.com\/blog\/#\/schema\/person\/f8460fd9e22f0d0d09ef55ae7a4f6791\",\"name\":\"magdalena_grande\"}]}<\/script>\n<!-- \/ Yoast SEO plugin. -->","yoast_head_json":{"title":"Yo soy confianza - Blog de Magdalena Grande","robots":{"index":"index","follow":"follow","max-snippet":"max-snippet:-1","max-image-preview":"max-image-preview:large","max-video-preview":"max-video-preview:-1"},"canonical":"https:\/\/magdalenagrande.com\/blog\/yo-soy-confianza\/","og_locale":"es_ES","og_type":"article","og_title":"Yo soy confianza - Blog de Magdalena Grande","og_description":"La confianza es b\u00e1sica en nuestra vida como seres humanos y ah\u00ed podr\u00edamos incluir la autoconfianza, la confianza en los dem\u00e1s y la confianza en la vida. Veamos c\u00f3mo trabajar cada una de ellas: &#8211; Empezaremos con uno mismo, la autoconfianza: piensa en una cosa que hayas hecho esta semana de la cual te sientas [&hellip;]","og_url":"https:\/\/magdalenagrande.com\/blog\/yo-soy-confianza\/","og_site_name":"Blog de Magdalena Grande","article_published_time":"2021-09-13T18:06:55+00:00","article_modified_time":"2021-09-13T18:07:02+00:00","og_image":[{"url":"https:\/\/magdalenagrande.com\/blog\/wp-content\/uploads\/2021\/09\/image_editor_output_image1602586939-1631556400052-942x1024.jpg"}],"twitter_card":"summary","twitter_misc":{"Escrito por":"magdalena_grande","Tiempo de lectura":"2 minutos"},"schema":{"@context":"https:\/\/schema.org","@graph":[{"@type":"WebSite","@id":"https:\/\/magdalenagrande.com\/blog\/#website","url":"https:\/\/magdalenagrande.com\/blog\/","name":"Blog de Magdalena Grande","description":"Crecimiento personal, alta sensibilidad y educaci\u00f3n emocional","potentialAction":[{"@type":"SearchAction","target":{"@type":"EntryPoint","urlTemplate":"https:\/\/magdalenagrande.com\/blog\/?s={search_term_string}"},"query-input":"required name=search_term_string"}],"inLanguage":"es"},{"@type":"ImageObject","@id":"https:\/\/magdalenagrande.com\/blog\/yo-soy-confianza\/#primaryimage","inLanguage":"es","url":"https:\/\/magdalenagrande.com\/blog\/wp-content\/uploads\/2021\/09\/image_editor_output_image1602586939-1631556400052.jpg","contentUrl":"https:\/\/magdalenagrande.com\/blog\/wp-content\/uploads\/2021\/09\/image_editor_output_image1602586939-1631556400052.jpg","width":1080,"height":1174},{"@type":"WebPage","@id":"https:\/\/magdalenagrande.com\/blog\/yo-soy-confianza\/#webpage","url":"https:\/\/magdalenagrande.com\/blog\/yo-soy-confianza\/","name":"Yo soy confianza - Blog de Magdalena Grande","isPartOf":{"@id":"https:\/\/magdalenagrande.com\/blog\/#website"},"primaryImageOfPage":{"@id":"https:\/\/magdalenagrande.com\/blog\/yo-soy-confianza\/#primaryimage"},"datePublished":"2021-09-13T18:06:55+00:00","dateModified":"2021-09-13T18:07:02+00:00","author":{"@id":"https:\/\/magdalenagrande.com\/blog\/#\/schema\/person\/f8460fd9e22f0d0d09ef55ae7a4f6791"},"breadcrumb":{"@id":"https:\/\/magdalenagrande.com\/blog\/yo-soy-confianza\/#breadcrumb"},"inLanguage":"es","potentialAction":[{"@type":"ReadAction","target":["https:\/\/magdalenagrande.com\/blog\/yo-soy-confianza\/"]}]},{"@type":"BreadcrumbList","@id":"https:\/\/magdalenagrande.com\/blog\/yo-soy-confianza\/#breadcrumb","itemListElement":[{"@type":"ListItem","position":1,"name":"Portada","item":"https:\/\/magdalenagrande.com\/blog\/"},{"@type":"ListItem","position":2,"name":"Yo soy confianza"}]},{"@type":"Person","@id":"https:\/\/magdalenagrande.com\/blog\/#\/schema\/person\/f8460fd9e22f0d0d09ef55ae7a4f6791","name":"magdalena_grande"}]}},"_links":{"self":[{"href":"https:\/\/magdalenagrande.com\/blog\/wp-json\/wp\/v2\/posts\/540","targetHints":{"allow":["GET"]}}],"collection":[{"href":"https:\/\/magdalenagrande.com\/blog\/wp-json\/wp\/v2\/posts"}],"about":[{"href":"https:\/\/magdalenagrande.com\/blog\/wp-json\/wp\/v2\/types\/post"}],"author":[{"embeddable":true,"href":"https:\/\/magdalenagrande.com\/blog\/wp-json\/wp\/v2\/users\/1"}],"replies":[{"embeddable":true,"href":"https:\/\/magdalenagrande.com\/blog\/wp-json\/wp\/v2\/comments?post=540"}],"version-history":[{"count":1,"href":"https:\/\/magdalenagrande.com\/blog\/wp-json\/wp\/v2\/posts\/540\/revisions"}],"predecessor-version":[{"id":541,"href":"https:\/\/magdalenagrande.com\/blog\/wp-json\/wp\/v2\/posts\/540\/revisions\/541"}],"wp:attachment":[{"href":"https:\/\/magdalenagrande.com\/blog\/wp-json\/wp\/v2\/media?parent=540"}],"wp:term":[{"taxonomy":"category","embeddable":true,"href":"https:\/\/magdalenagrande.com\/blog\/wp-json\/wp\/v2\/categories?post=540"},{"taxonomy":"post_tag","embeddable":true,"href":"https:\/\/magdalenagrande.com\/blog\/wp-json\/wp\/v2\/tags?post=540"}],"curies":[{"name":"wp","href":"https:\/\/api.w.org\/{rel}","templated":true}]}}