{"id":547,"date":"2021-09-13T18:14:44","date_gmt":"2021-09-13T18:14:44","guid":{"rendered":"https:\/\/magdalenagrande.com\/blog\/?p=547"},"modified":"2021-09-13T18:14:54","modified_gmt":"2021-09-13T18:14:54","slug":"despertar-es-vivir-con-los-ojos-abiertos","status":"publish","type":"post","link":"https:\/\/magdalenagrande.com\/blog\/despertar-es-vivir-con-los-ojos-abiertos\/","title":{"rendered":"Despertar es vivir con los ojos abiertos"},"content":{"rendered":"\n<p>No s\u00e9 d\u00f3nde encontr\u00e9 esta met\u00e1fora, seguramente en un mill\u00f3n de lugares y dentro de m\u00ed. En general, tiendo a no usar el verbo &#8216;despertar&#8217; al hablar de espiritualidad porque me hace sentir que algunos estamos dormidos y otros despiertos y no resueno en absoluto con esa idea de los extremos ni del blanco o negro.<\/p>\n\n\n\n<p>\u00bfC\u00f3mo sabes cu\u00e1ndo est\u00e1s verdaderamente despierto? \u00bfO dormido? \u00bfQui\u00e9n pone el l\u00edmite? \u00bfD\u00f3nde? \u00bfSe habla desde la esencia? \u00bfEs el ego qui\u00e9n se pone al mando?<\/p>\n\n\n\n<p>Me fascina, sin embargo, la idea de poder vivir con los ojos bien abiertos, los sentidos preparados, la sensibilidad a flor de piel, las emociones listas para este aqu\u00ed y ahora.<\/p>\n\n\n\n<p>Me maravilla sabernos vivos, en este mismo instante, siendo conscientes de la magia que eso supone en un mill\u00f3n de maneras diferentes.<\/p>\n\n\n\n<p>Quiero vivir as\u00ed, con los ojos bien abiertos y tratar de perderme lo menos posible dentro de esta experiencia, m\u00eda, tan propia que s\u00f3lo yo puedo vivir y contar.<\/p>\n\n\n\n<p>#altasensibilidad #personasaltamentesensibles #sensibilidadconsciente #vivir #aqu\u00edyahora #vivirconlosojosabiertos #PAS #cursoparapas #consultaonline #terapiaonline #magdalenagrande #cursoaltasensibilidad<\/p>\n\n\n\n<p>@personas_altamente_sensibles<\/p>\n\n\n\n<p>Www.magdalenagrande.com <\/p>\n\n\n\n<figure class=\"wp-block-image size-large\"><img loading=\"lazy\" decoding=\"async\" width=\"876\" height=\"1024\" src=\"https:\/\/magdalenagrande.com\/blog\/wp-content\/uploads\/2021\/09\/image_editor_output_image1246645852-1631556869726-876x1024.jpg\" alt=\"\" class=\"wp-image-546\" srcset=\"https:\/\/magdalenagrande.com\/blog\/wp-content\/uploads\/2021\/09\/image_editor_output_image1246645852-1631556869726-876x1024.jpg 876w, https:\/\/magdalenagrande.com\/blog\/wp-content\/uploads\/2021\/09\/image_editor_output_image1246645852-1631556869726-257x300.jpg 257w, https:\/\/magdalenagrande.com\/blog\/wp-content\/uploads\/2021\/09\/image_editor_output_image1246645852-1631556869726-768x898.jpg 768w, https:\/\/magdalenagrande.com\/blog\/wp-content\/uploads\/2021\/09\/image_editor_output_image1246645852-1631556869726.jpg 1080w\" sizes=\"auto, (max-width: 876px) 100vw, 876px\" \/><\/figure>\n","protected":false},"excerpt":{"rendered":"<p>No s\u00e9 d\u00f3nde encontr\u00e9 esta met\u00e1fora, seguramente en un mill\u00f3n de lugares y dentro de m\u00ed. En general, tiendo a no usar el verbo &#8216;despertar&#8217; al hablar de espiritualidad porque me hace sentir que algunos estamos dormidos y otros despiertos y no resueno en absoluto con esa idea de los extremos ni del blanco o [&hellip;]<\/p>\n","protected":false},"author":1,"featured_media":0,"comment_status":"closed","ping_status":"closed","sticky":false,"template":"","format":"standard","meta":{"sfsi_plus_gutenberg_text_before_share":"","sfsi_plus_gutenberg_show_text_before_share":"","sfsi_plus_gutenberg_icon_type":"","sfsi_plus_gutenberg_icon_alignemt":"","sfsi_plus_gutenburg_max_per_row":"","footnotes":""},"categories":[71],"tags":[],"class_list":["post-547","post","type-post","status-publish","format-standard","hentry","category-espiritualidad"],"yoast_head":"<!-- This site is optimized with the Yoast SEO plugin v17.0 - https:\/\/yoast.com\/wordpress\/plugins\/seo\/ -->\n<title>Despertar es vivir con los ojos abiertos - Blog de Magdalena Grande<\/title>\n<meta name=\"robots\" content=\"index, follow, max-snippet:-1, max-image-preview:large, max-video-preview:-1\" \/>\n<link rel=\"canonical\" href=\"https:\/\/magdalenagrande.com\/blog\/despertar-es-vivir-con-los-ojos-abiertos\/\" \/>\n<meta property=\"og:locale\" content=\"es_ES\" \/>\n<meta property=\"og:type\" content=\"article\" \/>\n<meta property=\"og:title\" content=\"Despertar es vivir con los ojos abiertos - Blog de Magdalena Grande\" \/>\n<meta property=\"og:description\" content=\"No s\u00e9 d\u00f3nde encontr\u00e9 esta met\u00e1fora, seguramente en un mill\u00f3n de lugares y dentro de m\u00ed. En general, tiendo a no usar el verbo &#8216;despertar&#8217; al hablar de espiritualidad porque me hace sentir que algunos estamos dormidos y otros despiertos y no resueno en absoluto con esa idea de los extremos ni del blanco o [&hellip;]\" \/>\n<meta property=\"og:url\" content=\"https:\/\/magdalenagrande.com\/blog\/despertar-es-vivir-con-los-ojos-abiertos\/\" \/>\n<meta property=\"og:site_name\" content=\"Blog de Magdalena Grande\" \/>\n<meta property=\"article:published_time\" content=\"2021-09-13T18:14:44+00:00\" \/>\n<meta property=\"article:modified_time\" content=\"2021-09-13T18:14:54+00:00\" \/>\n<meta property=\"og:image\" content=\"https:\/\/magdalenagrande.com\/blog\/wp-content\/uploads\/2021\/09\/image_editor_output_image1246645852-1631556869726-876x1024.jpg\" \/>\n<meta name=\"twitter:card\" content=\"summary\" \/>\n<meta name=\"twitter:label1\" content=\"Escrito por\" \/>\n\t<meta name=\"twitter:data1\" content=\"magdalena_grande\" \/>\n\t<meta name=\"twitter:label2\" content=\"Tiempo de lectura\" \/>\n\t<meta name=\"twitter:data2\" content=\"1 minuto\" \/>\n<script type=\"application\/ld+json\" class=\"yoast-schema-graph\">{\"@context\":\"https:\/\/schema.org\",\"@graph\":[{\"@type\":\"WebSite\",\"@id\":\"https:\/\/magdalenagrande.com\/blog\/#website\",\"url\":\"https:\/\/magdalenagrande.com\/blog\/\",\"name\":\"Blog de Magdalena Grande\",\"description\":\"Crecimiento personal, alta sensibilidad y educaci\\u00f3n emocional\",\"potentialAction\":[{\"@type\":\"SearchAction\",\"target\":{\"@type\":\"EntryPoint\",\"urlTemplate\":\"https:\/\/magdalenagrande.com\/blog\/?s={search_term_string}\"},\"query-input\":\"required name=search_term_string\"}],\"inLanguage\":\"es\"},{\"@type\":\"ImageObject\",\"@id\":\"https:\/\/magdalenagrande.com\/blog\/despertar-es-vivir-con-los-ojos-abiertos\/#primaryimage\",\"inLanguage\":\"es\",\"url\":\"https:\/\/magdalenagrande.com\/blog\/wp-content\/uploads\/2021\/09\/image_editor_output_image1246645852-1631556869726.jpg\",\"contentUrl\":\"https:\/\/magdalenagrande.com\/blog\/wp-content\/uploads\/2021\/09\/image_editor_output_image1246645852-1631556869726.jpg\",\"width\":1080,\"height\":1263},{\"@type\":\"WebPage\",\"@id\":\"https:\/\/magdalenagrande.com\/blog\/despertar-es-vivir-con-los-ojos-abiertos\/#webpage\",\"url\":\"https:\/\/magdalenagrande.com\/blog\/despertar-es-vivir-con-los-ojos-abiertos\/\",\"name\":\"Despertar es vivir con los ojos abiertos - Blog de Magdalena Grande\",\"isPartOf\":{\"@id\":\"https:\/\/magdalenagrande.com\/blog\/#website\"},\"primaryImageOfPage\":{\"@id\":\"https:\/\/magdalenagrande.com\/blog\/despertar-es-vivir-con-los-ojos-abiertos\/#primaryimage\"},\"datePublished\":\"2021-09-13T18:14:44+00:00\",\"dateModified\":\"2021-09-13T18:14:54+00:00\",\"author\":{\"@id\":\"https:\/\/magdalenagrande.com\/blog\/#\/schema\/person\/f8460fd9e22f0d0d09ef55ae7a4f6791\"},\"breadcrumb\":{\"@id\":\"https:\/\/magdalenagrande.com\/blog\/despertar-es-vivir-con-los-ojos-abiertos\/#breadcrumb\"},\"inLanguage\":\"es\",\"potentialAction\":[{\"@type\":\"ReadAction\",\"target\":[\"https:\/\/magdalenagrande.com\/blog\/despertar-es-vivir-con-los-ojos-abiertos\/\"]}]},{\"@type\":\"BreadcrumbList\",\"@id\":\"https:\/\/magdalenagrande.com\/blog\/despertar-es-vivir-con-los-ojos-abiertos\/#breadcrumb\",\"itemListElement\":[{\"@type\":\"ListItem\",\"position\":1,\"name\":\"Portada\",\"item\":\"https:\/\/magdalenagrande.com\/blog\/\"},{\"@type\":\"ListItem\",\"position\":2,\"name\":\"Despertar es vivir con los ojos abiertos\"}]},{\"@type\":\"Person\",\"@id\":\"https:\/\/magdalenagrande.com\/blog\/#\/schema\/person\/f8460fd9e22f0d0d09ef55ae7a4f6791\",\"name\":\"magdalena_grande\"}]}<\/script>\n<!-- \/ Yoast SEO plugin. -->","yoast_head_json":{"title":"Despertar es vivir con los ojos abiertos - Blog de Magdalena Grande","robots":{"index":"index","follow":"follow","max-snippet":"max-snippet:-1","max-image-preview":"max-image-preview:large","max-video-preview":"max-video-preview:-1"},"canonical":"https:\/\/magdalenagrande.com\/blog\/despertar-es-vivir-con-los-ojos-abiertos\/","og_locale":"es_ES","og_type":"article","og_title":"Despertar es vivir con los ojos abiertos - Blog de Magdalena Grande","og_description":"No s\u00e9 d\u00f3nde encontr\u00e9 esta met\u00e1fora, seguramente en un mill\u00f3n de lugares y dentro de m\u00ed. En general, tiendo a no usar el verbo &#8216;despertar&#8217; al hablar de espiritualidad porque me hace sentir que algunos estamos dormidos y otros despiertos y no resueno en absoluto con esa idea de los extremos ni del blanco o [&hellip;]","og_url":"https:\/\/magdalenagrande.com\/blog\/despertar-es-vivir-con-los-ojos-abiertos\/","og_site_name":"Blog de Magdalena Grande","article_published_time":"2021-09-13T18:14:44+00:00","article_modified_time":"2021-09-13T18:14:54+00:00","og_image":[{"url":"https:\/\/magdalenagrande.com\/blog\/wp-content\/uploads\/2021\/09\/image_editor_output_image1246645852-1631556869726-876x1024.jpg"}],"twitter_card":"summary","twitter_misc":{"Escrito por":"magdalena_grande","Tiempo de lectura":"1 minuto"},"schema":{"@context":"https:\/\/schema.org","@graph":[{"@type":"WebSite","@id":"https:\/\/magdalenagrande.com\/blog\/#website","url":"https:\/\/magdalenagrande.com\/blog\/","name":"Blog de Magdalena Grande","description":"Crecimiento personal, alta sensibilidad y educaci\u00f3n emocional","potentialAction":[{"@type":"SearchAction","target":{"@type":"EntryPoint","urlTemplate":"https:\/\/magdalenagrande.com\/blog\/?s={search_term_string}"},"query-input":"required name=search_term_string"}],"inLanguage":"es"},{"@type":"ImageObject","@id":"https:\/\/magdalenagrande.com\/blog\/despertar-es-vivir-con-los-ojos-abiertos\/#primaryimage","inLanguage":"es","url":"https:\/\/magdalenagrande.com\/blog\/wp-content\/uploads\/2021\/09\/image_editor_output_image1246645852-1631556869726.jpg","contentUrl":"https:\/\/magdalenagrande.com\/blog\/wp-content\/uploads\/2021\/09\/image_editor_output_image1246645852-1631556869726.jpg","width":1080,"height":1263},{"@type":"WebPage","@id":"https:\/\/magdalenagrande.com\/blog\/despertar-es-vivir-con-los-ojos-abiertos\/#webpage","url":"https:\/\/magdalenagrande.com\/blog\/despertar-es-vivir-con-los-ojos-abiertos\/","name":"Despertar es vivir con los ojos abiertos - Blog de Magdalena Grande","isPartOf":{"@id":"https:\/\/magdalenagrande.com\/blog\/#website"},"primaryImageOfPage":{"@id":"https:\/\/magdalenagrande.com\/blog\/despertar-es-vivir-con-los-ojos-abiertos\/#primaryimage"},"datePublished":"2021-09-13T18:14:44+00:00","dateModified":"2021-09-13T18:14:54+00:00","author":{"@id":"https:\/\/magdalenagrande.com\/blog\/#\/schema\/person\/f8460fd9e22f0d0d09ef55ae7a4f6791"},"breadcrumb":{"@id":"https:\/\/magdalenagrande.com\/blog\/despertar-es-vivir-con-los-ojos-abiertos\/#breadcrumb"},"inLanguage":"es","potentialAction":[{"@type":"ReadAction","target":["https:\/\/magdalenagrande.com\/blog\/despertar-es-vivir-con-los-ojos-abiertos\/"]}]},{"@type":"BreadcrumbList","@id":"https:\/\/magdalenagrande.com\/blog\/despertar-es-vivir-con-los-ojos-abiertos\/#breadcrumb","itemListElement":[{"@type":"ListItem","position":1,"name":"Portada","item":"https:\/\/magdalenagrande.com\/blog\/"},{"@type":"ListItem","position":2,"name":"Despertar es vivir con los ojos abiertos"}]},{"@type":"Person","@id":"https:\/\/magdalenagrande.com\/blog\/#\/schema\/person\/f8460fd9e22f0d0d09ef55ae7a4f6791","name":"magdalena_grande"}]}},"_links":{"self":[{"href":"https:\/\/magdalenagrande.com\/blog\/wp-json\/wp\/v2\/posts\/547","targetHints":{"allow":["GET"]}}],"collection":[{"href":"https:\/\/magdalenagrande.com\/blog\/wp-json\/wp\/v2\/posts"}],"about":[{"href":"https:\/\/magdalenagrande.com\/blog\/wp-json\/wp\/v2\/types\/post"}],"author":[{"embeddable":true,"href":"https:\/\/magdalenagrande.com\/blog\/wp-json\/wp\/v2\/users\/1"}],"replies":[{"embeddable":true,"href":"https:\/\/magdalenagrande.com\/blog\/wp-json\/wp\/v2\/comments?post=547"}],"version-history":[{"count":1,"href":"https:\/\/magdalenagrande.com\/blog\/wp-json\/wp\/v2\/posts\/547\/revisions"}],"predecessor-version":[{"id":548,"href":"https:\/\/magdalenagrande.com\/blog\/wp-json\/wp\/v2\/posts\/547\/revisions\/548"}],"wp:attachment":[{"href":"https:\/\/magdalenagrande.com\/blog\/wp-json\/wp\/v2\/media?parent=547"}],"wp:term":[{"taxonomy":"category","embeddable":true,"href":"https:\/\/magdalenagrande.com\/blog\/wp-json\/wp\/v2\/categories?post=547"},{"taxonomy":"post_tag","embeddable":true,"href":"https:\/\/magdalenagrande.com\/blog\/wp-json\/wp\/v2\/tags?post=547"}],"curies":[{"name":"wp","href":"https:\/\/api.w.org\/{rel}","templated":true}]}}