{"id":550,"date":"2021-09-13T18:16:34","date_gmt":"2021-09-13T18:16:34","guid":{"rendered":"https:\/\/magdalenagrande.com\/blog\/?p=550"},"modified":"2021-09-13T18:16:50","modified_gmt":"2021-09-13T18:16:50","slug":"tiempo","status":"publish","type":"post","link":"https:\/\/magdalenagrande.com\/blog\/tiempo\/","title":{"rendered":"Tiempo"},"content":{"rendered":"\n<p>Cuando pienso en el tiempo siempre me viene a la cabeza esta frase de Buda de &#8216;el problema es que crees que tienes tiempo&#8217;. Siempre creemos que habr\u00e1 tiempo para esto o aquello&#8230;<\/p>\n\n\n\n<p>Veamos, si trato de pensar que el tiempo y el espacio realmente no existen, a mi cerebro lineal y concreto se le mueren las pocas neuronas cuerdas que le quedan.<\/p>\n\n\n\n<p>El tiempo es muy cabr\u00f3n, ya lo siento.<\/p>\n\n\n\n<p>Pasa despacio cuando te aburres o lo pasas mal y resulta que vuela cuando todo es maravilloso. Que no es el tiempo, que ya lo s\u00e9, que somos nosotros con nuestras percepciones subjetivas, pero es la verdad.<\/p>\n\n\n\n<p>Pasamos mucho m\u00e1s tiempo pensando en el pasado y en el futuro que viviendo el presente. En este sentido, Tolle lo deja clar\u00edsimo. Nuestra vida es un ir y venir de atr\u00e1s a adelante sin centrarnos en el \u00fanico tiempo y espacio que es verdadero y real, que es este momento.<\/p>\n\n\n\n<p>Y ahora, reflexiona, de verdad, \u00bfdedicas tu tiempo a aquello que te satisface y te hace feliz? Si no todo, \u00bfbuscas actividades que te llenan y te aportan vida?<\/p>\n\n\n\n<p>#mixdeconceptos #deboestarespesa #tiempo #aqu\u00edyahora #sensibilidadconsciente #tiempoconsciente #altasensibilidad #personasaltamentesensibles #PAS #magdalenagrande #consultaonline #terapiaonline #cursoaltasensibilidad #cursoparapas<\/p>\n\n\n\n<p>@personas_altamente_sensibles<\/p>\n\n\n\n<p>Www.magdalenagrande.com <\/p>\n\n\n\n<figure class=\"wp-block-image size-large\"><img loading=\"lazy\" decoding=\"async\" width=\"924\" height=\"1024\" src=\"https:\/\/magdalenagrande.com\/blog\/wp-content\/uploads\/2021\/09\/image_editor_output_image1674864928-1631556981764-924x1024.jpg\" alt=\"\" class=\"wp-image-549\" srcset=\"https:\/\/magdalenagrande.com\/blog\/wp-content\/uploads\/2021\/09\/image_editor_output_image1674864928-1631556981764-924x1024.jpg 924w, https:\/\/magdalenagrande.com\/blog\/wp-content\/uploads\/2021\/09\/image_editor_output_image1674864928-1631556981764-271x300.jpg 271w, https:\/\/magdalenagrande.com\/blog\/wp-content\/uploads\/2021\/09\/image_editor_output_image1674864928-1631556981764-768x851.jpg 768w, https:\/\/magdalenagrande.com\/blog\/wp-content\/uploads\/2021\/09\/image_editor_output_image1674864928-1631556981764.jpg 1068w\" sizes=\"auto, (max-width: 924px) 100vw, 924px\" \/><\/figure>\n","protected":false},"excerpt":{"rendered":"<p>Cuando pienso en el tiempo siempre me viene a la cabeza esta frase de Buda de &#8216;el problema es que crees que tienes tiempo&#8217;. Siempre creemos que habr\u00e1 tiempo para esto o aquello&#8230; Veamos, si trato de pensar que el tiempo y el espacio realmente no existen, a mi cerebro lineal y concreto se le [&hellip;]<\/p>\n","protected":false},"author":1,"featured_media":0,"comment_status":"closed","ping_status":"closed","sticky":false,"template":"","format":"standard","meta":{"sfsi_plus_gutenberg_text_before_share":"","sfsi_plus_gutenberg_show_text_before_share":"","sfsi_plus_gutenberg_icon_type":"","sfsi_plus_gutenberg_icon_alignemt":"","sfsi_plus_gutenburg_max_per_row":"","footnotes":""},"categories":[76],"tags":[],"class_list":["post-550","post","type-post","status-publish","format-standard","hentry","category-palabras-consciencia"],"yoast_head":"<!-- This site is optimized with the Yoast SEO plugin v17.0 - https:\/\/yoast.com\/wordpress\/plugins\/seo\/ -->\n<title>Tiempo - Blog de Magdalena Grande<\/title>\n<meta name=\"robots\" content=\"index, follow, max-snippet:-1, max-image-preview:large, max-video-preview:-1\" \/>\n<link rel=\"canonical\" href=\"https:\/\/magdalenagrande.com\/blog\/tiempo\/\" \/>\n<meta property=\"og:locale\" content=\"es_ES\" \/>\n<meta property=\"og:type\" content=\"article\" \/>\n<meta property=\"og:title\" content=\"Tiempo - Blog de Magdalena Grande\" \/>\n<meta property=\"og:description\" content=\"Cuando pienso en el tiempo siempre me viene a la cabeza esta frase de Buda de &#8216;el problema es que crees que tienes tiempo&#8217;. Siempre creemos que habr\u00e1 tiempo para esto o aquello&#8230; Veamos, si trato de pensar que el tiempo y el espacio realmente no existen, a mi cerebro lineal y concreto se le [&hellip;]\" \/>\n<meta property=\"og:url\" content=\"https:\/\/magdalenagrande.com\/blog\/tiempo\/\" \/>\n<meta property=\"og:site_name\" content=\"Blog de Magdalena Grande\" \/>\n<meta property=\"article:published_time\" content=\"2021-09-13T18:16:34+00:00\" \/>\n<meta property=\"article:modified_time\" content=\"2021-09-13T18:16:50+00:00\" \/>\n<meta property=\"og:image\" content=\"https:\/\/magdalenagrande.com\/blog\/wp-content\/uploads\/2021\/09\/image_editor_output_image1674864928-1631556981764-924x1024.jpg\" \/>\n<meta name=\"twitter:card\" content=\"summary\" \/>\n<meta name=\"twitter:label1\" content=\"Escrito por\" \/>\n\t<meta name=\"twitter:data1\" content=\"magdalena_grande\" \/>\n\t<meta name=\"twitter:label2\" content=\"Tiempo de lectura\" \/>\n\t<meta name=\"twitter:data2\" content=\"1 minuto\" \/>\n<script type=\"application\/ld+json\" class=\"yoast-schema-graph\">{\"@context\":\"https:\/\/schema.org\",\"@graph\":[{\"@type\":\"WebSite\",\"@id\":\"https:\/\/magdalenagrande.com\/blog\/#website\",\"url\":\"https:\/\/magdalenagrande.com\/blog\/\",\"name\":\"Blog de Magdalena Grande\",\"description\":\"Crecimiento personal, alta sensibilidad y educaci\\u00f3n emocional\",\"potentialAction\":[{\"@type\":\"SearchAction\",\"target\":{\"@type\":\"EntryPoint\",\"urlTemplate\":\"https:\/\/magdalenagrande.com\/blog\/?s={search_term_string}\"},\"query-input\":\"required name=search_term_string\"}],\"inLanguage\":\"es\"},{\"@type\":\"ImageObject\",\"@id\":\"https:\/\/magdalenagrande.com\/blog\/tiempo\/#primaryimage\",\"inLanguage\":\"es\",\"url\":\"https:\/\/magdalenagrande.com\/blog\/wp-content\/uploads\/2021\/09\/image_editor_output_image1674864928-1631556981764.jpg\",\"contentUrl\":\"https:\/\/magdalenagrande.com\/blog\/wp-content\/uploads\/2021\/09\/image_editor_output_image1674864928-1631556981764.jpg\",\"width\":1068,\"height\":1184},{\"@type\":\"WebPage\",\"@id\":\"https:\/\/magdalenagrande.com\/blog\/tiempo\/#webpage\",\"url\":\"https:\/\/magdalenagrande.com\/blog\/tiempo\/\",\"name\":\"Tiempo - Blog de Magdalena Grande\",\"isPartOf\":{\"@id\":\"https:\/\/magdalenagrande.com\/blog\/#website\"},\"primaryImageOfPage\":{\"@id\":\"https:\/\/magdalenagrande.com\/blog\/tiempo\/#primaryimage\"},\"datePublished\":\"2021-09-13T18:16:34+00:00\",\"dateModified\":\"2021-09-13T18:16:50+00:00\",\"author\":{\"@id\":\"https:\/\/magdalenagrande.com\/blog\/#\/schema\/person\/f8460fd9e22f0d0d09ef55ae7a4f6791\"},\"breadcrumb\":{\"@id\":\"https:\/\/magdalenagrande.com\/blog\/tiempo\/#breadcrumb\"},\"inLanguage\":\"es\",\"potentialAction\":[{\"@type\":\"ReadAction\",\"target\":[\"https:\/\/magdalenagrande.com\/blog\/tiempo\/\"]}]},{\"@type\":\"BreadcrumbList\",\"@id\":\"https:\/\/magdalenagrande.com\/blog\/tiempo\/#breadcrumb\",\"itemListElement\":[{\"@type\":\"ListItem\",\"position\":1,\"name\":\"Portada\",\"item\":\"https:\/\/magdalenagrande.com\/blog\/\"},{\"@type\":\"ListItem\",\"position\":2,\"name\":\"Tiempo\"}]},{\"@type\":\"Person\",\"@id\":\"https:\/\/magdalenagrande.com\/blog\/#\/schema\/person\/f8460fd9e22f0d0d09ef55ae7a4f6791\",\"name\":\"magdalena_grande\"}]}<\/script>\n<!-- \/ Yoast SEO plugin. -->","yoast_head_json":{"title":"Tiempo - Blog de Magdalena Grande","robots":{"index":"index","follow":"follow","max-snippet":"max-snippet:-1","max-image-preview":"max-image-preview:large","max-video-preview":"max-video-preview:-1"},"canonical":"https:\/\/magdalenagrande.com\/blog\/tiempo\/","og_locale":"es_ES","og_type":"article","og_title":"Tiempo - Blog de Magdalena Grande","og_description":"Cuando pienso en el tiempo siempre me viene a la cabeza esta frase de Buda de &#8216;el problema es que crees que tienes tiempo&#8217;. Siempre creemos que habr\u00e1 tiempo para esto o aquello&#8230; Veamos, si trato de pensar que el tiempo y el espacio realmente no existen, a mi cerebro lineal y concreto se le [&hellip;]","og_url":"https:\/\/magdalenagrande.com\/blog\/tiempo\/","og_site_name":"Blog de Magdalena Grande","article_published_time":"2021-09-13T18:16:34+00:00","article_modified_time":"2021-09-13T18:16:50+00:00","og_image":[{"url":"https:\/\/magdalenagrande.com\/blog\/wp-content\/uploads\/2021\/09\/image_editor_output_image1674864928-1631556981764-924x1024.jpg"}],"twitter_card":"summary","twitter_misc":{"Escrito por":"magdalena_grande","Tiempo de lectura":"1 minuto"},"schema":{"@context":"https:\/\/schema.org","@graph":[{"@type":"WebSite","@id":"https:\/\/magdalenagrande.com\/blog\/#website","url":"https:\/\/magdalenagrande.com\/blog\/","name":"Blog de Magdalena Grande","description":"Crecimiento personal, alta sensibilidad y educaci\u00f3n emocional","potentialAction":[{"@type":"SearchAction","target":{"@type":"EntryPoint","urlTemplate":"https:\/\/magdalenagrande.com\/blog\/?s={search_term_string}"},"query-input":"required name=search_term_string"}],"inLanguage":"es"},{"@type":"ImageObject","@id":"https:\/\/magdalenagrande.com\/blog\/tiempo\/#primaryimage","inLanguage":"es","url":"https:\/\/magdalenagrande.com\/blog\/wp-content\/uploads\/2021\/09\/image_editor_output_image1674864928-1631556981764.jpg","contentUrl":"https:\/\/magdalenagrande.com\/blog\/wp-content\/uploads\/2021\/09\/image_editor_output_image1674864928-1631556981764.jpg","width":1068,"height":1184},{"@type":"WebPage","@id":"https:\/\/magdalenagrande.com\/blog\/tiempo\/#webpage","url":"https:\/\/magdalenagrande.com\/blog\/tiempo\/","name":"Tiempo - Blog de Magdalena Grande","isPartOf":{"@id":"https:\/\/magdalenagrande.com\/blog\/#website"},"primaryImageOfPage":{"@id":"https:\/\/magdalenagrande.com\/blog\/tiempo\/#primaryimage"},"datePublished":"2021-09-13T18:16:34+00:00","dateModified":"2021-09-13T18:16:50+00:00","author":{"@id":"https:\/\/magdalenagrande.com\/blog\/#\/schema\/person\/f8460fd9e22f0d0d09ef55ae7a4f6791"},"breadcrumb":{"@id":"https:\/\/magdalenagrande.com\/blog\/tiempo\/#breadcrumb"},"inLanguage":"es","potentialAction":[{"@type":"ReadAction","target":["https:\/\/magdalenagrande.com\/blog\/tiempo\/"]}]},{"@type":"BreadcrumbList","@id":"https:\/\/magdalenagrande.com\/blog\/tiempo\/#breadcrumb","itemListElement":[{"@type":"ListItem","position":1,"name":"Portada","item":"https:\/\/magdalenagrande.com\/blog\/"},{"@type":"ListItem","position":2,"name":"Tiempo"}]},{"@type":"Person","@id":"https:\/\/magdalenagrande.com\/blog\/#\/schema\/person\/f8460fd9e22f0d0d09ef55ae7a4f6791","name":"magdalena_grande"}]}},"_links":{"self":[{"href":"https:\/\/magdalenagrande.com\/blog\/wp-json\/wp\/v2\/posts\/550","targetHints":{"allow":["GET"]}}],"collection":[{"href":"https:\/\/magdalenagrande.com\/blog\/wp-json\/wp\/v2\/posts"}],"about":[{"href":"https:\/\/magdalenagrande.com\/blog\/wp-json\/wp\/v2\/types\/post"}],"author":[{"embeddable":true,"href":"https:\/\/magdalenagrande.com\/blog\/wp-json\/wp\/v2\/users\/1"}],"replies":[{"embeddable":true,"href":"https:\/\/magdalenagrande.com\/blog\/wp-json\/wp\/v2\/comments?post=550"}],"version-history":[{"count":1,"href":"https:\/\/magdalenagrande.com\/blog\/wp-json\/wp\/v2\/posts\/550\/revisions"}],"predecessor-version":[{"id":551,"href":"https:\/\/magdalenagrande.com\/blog\/wp-json\/wp\/v2\/posts\/550\/revisions\/551"}],"wp:attachment":[{"href":"https:\/\/magdalenagrande.com\/blog\/wp-json\/wp\/v2\/media?parent=550"}],"wp:term":[{"taxonomy":"category","embeddable":true,"href":"https:\/\/magdalenagrande.com\/blog\/wp-json\/wp\/v2\/categories?post=550"},{"taxonomy":"post_tag","embeddable":true,"href":"https:\/\/magdalenagrande.com\/blog\/wp-json\/wp\/v2\/tags?post=550"}],"curies":[{"name":"wp","href":"https:\/\/api.w.org\/{rel}","templated":true}]}}