{"id":553,"date":"2021-09-13T18:21:32","date_gmt":"2021-09-13T18:21:32","guid":{"rendered":"https:\/\/magdalenagrande.com\/blog\/?p=553"},"modified":"2021-09-13T18:22:08","modified_gmt":"2021-09-13T18:22:08","slug":"como-vivir-nuestra-sensibilidad-de-forma-consciente","status":"publish","type":"post","link":"https:\/\/magdalenagrande.com\/blog\/como-vivir-nuestra-sensibilidad-de-forma-consciente\/","title":{"rendered":"\u00bfC\u00f3mo vivir nuestra sensibilidad de forma consciente?"},"content":{"rendered":"\n<p>En muchas ocasiones hemos hablado sobre la posibilidad de vivir nuestra sensibilidad de manera consciente. De hecho, esta p\u00e1gina se llama as\u00ed, sensibilidad consciente. Y aunque muchas veces hablamos sobre PAS, las etiquetas se nos quedan cortas en este sentido porque este es un trabajo para todos, no s\u00f3lo para PAS.<\/p>\n\n\n\n<p>Tambi\u00e9n hemos hablado de que nos bloqueamos, con o sin intenci\u00f3n, y no sabemos de qu\u00e9 forma darle la vuelta. Aqu\u00ed lo tenemos&#8230;<\/p>\n\n\n\n<p>\u00bfC\u00f3mo hacer consciente nuestra sensibilidad?<\/p>\n\n\n\n<p>&#8211; Trabajando con nuestros sentidos. En breve, iremos viendo uno a uno c\u00f3mo potenciarlos.<\/p>\n\n\n\n<p>&#8211; Escuchando aquellas se\u00f1ales que no son tan visibles: la intuici\u00f3n, la energ\u00eda, los presentimientos&#8230;<\/p>\n\n\n\n<p>&#8211; Aumentando nuestra atenci\u00f3n y dedicaci\u00f3n a los detalles que, con el piloto autom\u00e1tico, pasar\u00edan desapercibidos.<\/p>\n\n\n\n<p>&#8211; Aprendiendo a vivir cada vez m\u00e1s en el aqu\u00ed y ahora.<\/p>\n\n\n\n<p>&#8211; Aumentando nuestro autoconocimiento y consciencia en c\u00f3mo hacemos las cosas, c\u00f3mo pensamos, c\u00f3mo nos relacionamos con los dem\u00e1s&#8230;<\/p>\n\n\n\n<p>&#8211; Diferenciando cu\u00e1ndo actuamos desde la esencia y cu\u00e1ndo lo hacemos desde el ego.<\/p>\n\n\n\n<p>&#8211; Cultivando la compasi\u00f3n, empezando por la autocompasi\u00f3n.<\/p>\n\n\n\n<p>&#8211; Conociendo sobre inteligencia emocional para trabajar todo aquello que est\u00e1 relacionado con nuestras emociones&#8230;<\/p>\n\n\n\n<p>&#8230;<\/p>\n\n\n\n<p>De momento, esto queda en una lista pero iremos desentra\u00f1\u00e1ndola punto por punto para conocer, realmente y en nuestro d\u00eda a d\u00eda, c\u00f3mo vivir nuestra sensibilidad de manera consciente.<\/p>\n\n\n\n<p>\u00bfMe acompa\u00f1as en este viaje?<\/p>\n\n\n\n<p>\u00bfQu\u00e9 haces para vivir tu sensibilidad desde esa consciencia?<\/p>\n\n\n\n<p><a class=\"xil3i\" href=\"https:\/\/www.instagram.com\/explore\/tags\/personasaltamentesensibles\/\">#personasaltamentesensibles<\/a> <a class=\"xil3i\" href=\"https:\/\/www.instagram.com\/explore\/tags\/altasensibilidad\/\">#altasensibilidad<\/a> <a class=\"xil3i\" href=\"https:\/\/www.instagram.com\/explore\/tags\/pas\/\">#PAS<\/a> <a class=\"xil3i\" href=\"https:\/\/www.instagram.com\/explore\/tags\/sensibilidadconsciente\/\">#sensibilidadconsciente<\/a> <a class=\"xil3i\" href=\"https:\/\/www.instagram.com\/explore\/tags\/transitandolaconsciencia\/\">#transitandolaconsciencia<\/a> <a class=\"xil3i\" href=\"https:\/\/www.instagram.com\/explore\/tags\/cursoaltasensibilidad\/\">#cursoaltasensibilidad<\/a> <a class=\"xil3i\" href=\"https:\/\/www.instagram.com\/explore\/tags\/cursoparapas\/\">#cursoparapas<\/a> <a class=\"xil3i\" href=\"https:\/\/www.instagram.com\/explore\/tags\/cursoparanopas\/\">#cursoparanopas<\/a> <a class=\"xil3i\" href=\"https:\/\/www.instagram.com\/explore\/tags\/cursosensibilidadconsciente\/\">#cursosensibilidadconsciente<\/a> #consultaonline #terapiaonline #magdalenagrande #cursoaltasensibilidad #cursoparapas<\/p>\n\n\n\n<p>@personas_altamente_sensibles<\/p>\n\n\n\n<p>Www.magdalenagrande.com <\/p>\n\n\n\n<figure class=\"wp-block-image size-large\"><img loading=\"lazy\" decoding=\"async\" width=\"898\" height=\"1024\" src=\"https:\/\/magdalenagrande.com\/blog\/wp-content\/uploads\/2021\/09\/image_editor_output_image-1940776446-1631557280551-898x1024.jpg\" alt=\"\" class=\"wp-image-552\" srcset=\"https:\/\/magdalenagrande.com\/blog\/wp-content\/uploads\/2021\/09\/image_editor_output_image-1940776446-1631557280551-898x1024.jpg 898w, https:\/\/magdalenagrande.com\/blog\/wp-content\/uploads\/2021\/09\/image_editor_output_image-1940776446-1631557280551-263x300.jpg 263w, https:\/\/magdalenagrande.com\/blog\/wp-content\/uploads\/2021\/09\/image_editor_output_image-1940776446-1631557280551-768x875.jpg 768w, https:\/\/magdalenagrande.com\/blog\/wp-content\/uploads\/2021\/09\/image_editor_output_image-1940776446-1631557280551.jpg 1080w\" sizes=\"auto, (max-width: 898px) 100vw, 898px\" \/><\/figure>\n\n\n\n<p><\/p>\n\n\n\n<p><a class=\"gKAyB Wn8y-\" href=\"https:\/\/www.instagram.com\/\"><\/a><a class=\"gKAyB \" href=\"https:\/\/www.instagram.com\/explore\/\"><\/a><a class=\"gKAyB \" href=\"https:\/\/www.instagram.com\/accounts\/activity\/\"><\/a><\/p>\n\n\n\n<p><a class=\"gKAyB \" href=\"https:\/\/www.instagram.com\/personas_altamente_sensibles\/\"><\/a><\/p>\n","protected":false},"excerpt":{"rendered":"<p>En muchas ocasiones hemos hablado sobre la posibilidad de vivir nuestra sensibilidad de manera consciente. De hecho, esta p\u00e1gina se llama as\u00ed, sensibilidad consciente. Y aunque muchas veces hablamos sobre PAS, las etiquetas se nos quedan cortas en este sentido porque este es un trabajo para todos, no s\u00f3lo para PAS. Tambi\u00e9n hemos hablado de [&hellip;]<\/p>\n","protected":false},"author":1,"featured_media":0,"comment_status":"closed","ping_status":"closed","sticky":false,"template":"","format":"standard","meta":{"sfsi_plus_gutenberg_text_before_share":"","sfsi_plus_gutenberg_show_text_before_share":"","sfsi_plus_gutenberg_icon_type":"","sfsi_plus_gutenberg_icon_alignemt":"","sfsi_plus_gutenburg_max_per_row":"","footnotes":""},"categories":[82],"tags":[],"class_list":["post-553","post","type-post","status-publish","format-standard","hentry","category-curso-alta-sensibilidad-sensibilidad-consciente"],"yoast_head":"<!-- This site is optimized with the Yoast SEO plugin v17.0 - https:\/\/yoast.com\/wordpress\/plugins\/seo\/ -->\n<title>\u00bfC\u00f3mo vivir nuestra sensibilidad de forma consciente? - Blog de Magdalena Grande<\/title>\n<meta name=\"robots\" content=\"index, follow, max-snippet:-1, max-image-preview:large, max-video-preview:-1\" \/>\n<link rel=\"canonical\" href=\"https:\/\/magdalenagrande.com\/blog\/como-vivir-nuestra-sensibilidad-de-forma-consciente\/\" \/>\n<meta property=\"og:locale\" content=\"es_ES\" \/>\n<meta property=\"og:type\" content=\"article\" \/>\n<meta property=\"og:title\" content=\"\u00bfC\u00f3mo vivir nuestra sensibilidad de forma consciente? - Blog de Magdalena Grande\" \/>\n<meta property=\"og:description\" content=\"En muchas ocasiones hemos hablado sobre la posibilidad de vivir nuestra sensibilidad de manera consciente. De hecho, esta p\u00e1gina se llama as\u00ed, sensibilidad consciente. Y aunque muchas veces hablamos sobre PAS, las etiquetas se nos quedan cortas en este sentido porque este es un trabajo para todos, no s\u00f3lo para PAS. Tambi\u00e9n hemos hablado de [&hellip;]\" \/>\n<meta property=\"og:url\" content=\"https:\/\/magdalenagrande.com\/blog\/como-vivir-nuestra-sensibilidad-de-forma-consciente\/\" \/>\n<meta property=\"og:site_name\" content=\"Blog de Magdalena Grande\" \/>\n<meta property=\"article:published_time\" content=\"2021-09-13T18:21:32+00:00\" \/>\n<meta property=\"article:modified_time\" content=\"2021-09-13T18:22:08+00:00\" \/>\n<meta property=\"og:image\" content=\"https:\/\/magdalenagrande.com\/blog\/wp-content\/uploads\/2021\/09\/image_editor_output_image-1940776446-1631557280551-898x1024.jpg\" \/>\n<meta name=\"twitter:card\" content=\"summary\" \/>\n<meta name=\"twitter:label1\" content=\"Escrito por\" \/>\n\t<meta name=\"twitter:data1\" content=\"magdalena_grande\" \/>\n\t<meta name=\"twitter:label2\" content=\"Tiempo de lectura\" \/>\n\t<meta name=\"twitter:data2\" content=\"1 minuto\" \/>\n<script type=\"application\/ld+json\" class=\"yoast-schema-graph\">{\"@context\":\"https:\/\/schema.org\",\"@graph\":[{\"@type\":\"WebSite\",\"@id\":\"https:\/\/magdalenagrande.com\/blog\/#website\",\"url\":\"https:\/\/magdalenagrande.com\/blog\/\",\"name\":\"Blog de Magdalena Grande\",\"description\":\"Crecimiento personal, alta sensibilidad y educaci\\u00f3n emocional\",\"potentialAction\":[{\"@type\":\"SearchAction\",\"target\":{\"@type\":\"EntryPoint\",\"urlTemplate\":\"https:\/\/magdalenagrande.com\/blog\/?s={search_term_string}\"},\"query-input\":\"required name=search_term_string\"}],\"inLanguage\":\"es\"},{\"@type\":\"ImageObject\",\"@id\":\"https:\/\/magdalenagrande.com\/blog\/como-vivir-nuestra-sensibilidad-de-forma-consciente\/#primaryimage\",\"inLanguage\":\"es\",\"url\":\"https:\/\/magdalenagrande.com\/blog\/wp-content\/uploads\/2021\/09\/image_editor_output_image-1940776446-1631557280551.jpg\",\"contentUrl\":\"https:\/\/magdalenagrande.com\/blog\/wp-content\/uploads\/2021\/09\/image_editor_output_image-1940776446-1631557280551.jpg\",\"width\":1080,\"height\":1231},{\"@type\":\"WebPage\",\"@id\":\"https:\/\/magdalenagrande.com\/blog\/como-vivir-nuestra-sensibilidad-de-forma-consciente\/#webpage\",\"url\":\"https:\/\/magdalenagrande.com\/blog\/como-vivir-nuestra-sensibilidad-de-forma-consciente\/\",\"name\":\"\\u00bfC\\u00f3mo vivir nuestra sensibilidad de forma consciente? - Blog de Magdalena Grande\",\"isPartOf\":{\"@id\":\"https:\/\/magdalenagrande.com\/blog\/#website\"},\"primaryImageOfPage\":{\"@id\":\"https:\/\/magdalenagrande.com\/blog\/como-vivir-nuestra-sensibilidad-de-forma-consciente\/#primaryimage\"},\"datePublished\":\"2021-09-13T18:21:32+00:00\",\"dateModified\":\"2021-09-13T18:22:08+00:00\",\"author\":{\"@id\":\"https:\/\/magdalenagrande.com\/blog\/#\/schema\/person\/f8460fd9e22f0d0d09ef55ae7a4f6791\"},\"breadcrumb\":{\"@id\":\"https:\/\/magdalenagrande.com\/blog\/como-vivir-nuestra-sensibilidad-de-forma-consciente\/#breadcrumb\"},\"inLanguage\":\"es\",\"potentialAction\":[{\"@type\":\"ReadAction\",\"target\":[\"https:\/\/magdalenagrande.com\/blog\/como-vivir-nuestra-sensibilidad-de-forma-consciente\/\"]}]},{\"@type\":\"BreadcrumbList\",\"@id\":\"https:\/\/magdalenagrande.com\/blog\/como-vivir-nuestra-sensibilidad-de-forma-consciente\/#breadcrumb\",\"itemListElement\":[{\"@type\":\"ListItem\",\"position\":1,\"name\":\"Portada\",\"item\":\"https:\/\/magdalenagrande.com\/blog\/\"},{\"@type\":\"ListItem\",\"position\":2,\"name\":\"\\u00bfC\\u00f3mo vivir nuestra sensibilidad de forma consciente?\"}]},{\"@type\":\"Person\",\"@id\":\"https:\/\/magdalenagrande.com\/blog\/#\/schema\/person\/f8460fd9e22f0d0d09ef55ae7a4f6791\",\"name\":\"magdalena_grande\"}]}<\/script>\n<!-- \/ Yoast SEO plugin. -->","yoast_head_json":{"title":"\u00bfC\u00f3mo vivir nuestra sensibilidad de forma consciente? - Blog de Magdalena Grande","robots":{"index":"index","follow":"follow","max-snippet":"max-snippet:-1","max-image-preview":"max-image-preview:large","max-video-preview":"max-video-preview:-1"},"canonical":"https:\/\/magdalenagrande.com\/blog\/como-vivir-nuestra-sensibilidad-de-forma-consciente\/","og_locale":"es_ES","og_type":"article","og_title":"\u00bfC\u00f3mo vivir nuestra sensibilidad de forma consciente? - Blog de Magdalena Grande","og_description":"En muchas ocasiones hemos hablado sobre la posibilidad de vivir nuestra sensibilidad de manera consciente. De hecho, esta p\u00e1gina se llama as\u00ed, sensibilidad consciente. Y aunque muchas veces hablamos sobre PAS, las etiquetas se nos quedan cortas en este sentido porque este es un trabajo para todos, no s\u00f3lo para PAS. Tambi\u00e9n hemos hablado de [&hellip;]","og_url":"https:\/\/magdalenagrande.com\/blog\/como-vivir-nuestra-sensibilidad-de-forma-consciente\/","og_site_name":"Blog de Magdalena Grande","article_published_time":"2021-09-13T18:21:32+00:00","article_modified_time":"2021-09-13T18:22:08+00:00","og_image":[{"url":"https:\/\/magdalenagrande.com\/blog\/wp-content\/uploads\/2021\/09\/image_editor_output_image-1940776446-1631557280551-898x1024.jpg"}],"twitter_card":"summary","twitter_misc":{"Escrito por":"magdalena_grande","Tiempo de lectura":"1 minuto"},"schema":{"@context":"https:\/\/schema.org","@graph":[{"@type":"WebSite","@id":"https:\/\/magdalenagrande.com\/blog\/#website","url":"https:\/\/magdalenagrande.com\/blog\/","name":"Blog de Magdalena Grande","description":"Crecimiento personal, alta sensibilidad y educaci\u00f3n emocional","potentialAction":[{"@type":"SearchAction","target":{"@type":"EntryPoint","urlTemplate":"https:\/\/magdalenagrande.com\/blog\/?s={search_term_string}"},"query-input":"required name=search_term_string"}],"inLanguage":"es"},{"@type":"ImageObject","@id":"https:\/\/magdalenagrande.com\/blog\/como-vivir-nuestra-sensibilidad-de-forma-consciente\/#primaryimage","inLanguage":"es","url":"https:\/\/magdalenagrande.com\/blog\/wp-content\/uploads\/2021\/09\/image_editor_output_image-1940776446-1631557280551.jpg","contentUrl":"https:\/\/magdalenagrande.com\/blog\/wp-content\/uploads\/2021\/09\/image_editor_output_image-1940776446-1631557280551.jpg","width":1080,"height":1231},{"@type":"WebPage","@id":"https:\/\/magdalenagrande.com\/blog\/como-vivir-nuestra-sensibilidad-de-forma-consciente\/#webpage","url":"https:\/\/magdalenagrande.com\/blog\/como-vivir-nuestra-sensibilidad-de-forma-consciente\/","name":"\u00bfC\u00f3mo vivir nuestra sensibilidad de forma consciente? - Blog de Magdalena Grande","isPartOf":{"@id":"https:\/\/magdalenagrande.com\/blog\/#website"},"primaryImageOfPage":{"@id":"https:\/\/magdalenagrande.com\/blog\/como-vivir-nuestra-sensibilidad-de-forma-consciente\/#primaryimage"},"datePublished":"2021-09-13T18:21:32+00:00","dateModified":"2021-09-13T18:22:08+00:00","author":{"@id":"https:\/\/magdalenagrande.com\/blog\/#\/schema\/person\/f8460fd9e22f0d0d09ef55ae7a4f6791"},"breadcrumb":{"@id":"https:\/\/magdalenagrande.com\/blog\/como-vivir-nuestra-sensibilidad-de-forma-consciente\/#breadcrumb"},"inLanguage":"es","potentialAction":[{"@type":"ReadAction","target":["https:\/\/magdalenagrande.com\/blog\/como-vivir-nuestra-sensibilidad-de-forma-consciente\/"]}]},{"@type":"BreadcrumbList","@id":"https:\/\/magdalenagrande.com\/blog\/como-vivir-nuestra-sensibilidad-de-forma-consciente\/#breadcrumb","itemListElement":[{"@type":"ListItem","position":1,"name":"Portada","item":"https:\/\/magdalenagrande.com\/blog\/"},{"@type":"ListItem","position":2,"name":"\u00bfC\u00f3mo vivir nuestra sensibilidad de forma consciente?"}]},{"@type":"Person","@id":"https:\/\/magdalenagrande.com\/blog\/#\/schema\/person\/f8460fd9e22f0d0d09ef55ae7a4f6791","name":"magdalena_grande"}]}},"_links":{"self":[{"href":"https:\/\/magdalenagrande.com\/blog\/wp-json\/wp\/v2\/posts\/553","targetHints":{"allow":["GET"]}}],"collection":[{"href":"https:\/\/magdalenagrande.com\/blog\/wp-json\/wp\/v2\/posts"}],"about":[{"href":"https:\/\/magdalenagrande.com\/blog\/wp-json\/wp\/v2\/types\/post"}],"author":[{"embeddable":true,"href":"https:\/\/magdalenagrande.com\/blog\/wp-json\/wp\/v2\/users\/1"}],"replies":[{"embeddable":true,"href":"https:\/\/magdalenagrande.com\/blog\/wp-json\/wp\/v2\/comments?post=553"}],"version-history":[{"count":1,"href":"https:\/\/magdalenagrande.com\/blog\/wp-json\/wp\/v2\/posts\/553\/revisions"}],"predecessor-version":[{"id":554,"href":"https:\/\/magdalenagrande.com\/blog\/wp-json\/wp\/v2\/posts\/553\/revisions\/554"}],"wp:attachment":[{"href":"https:\/\/magdalenagrande.com\/blog\/wp-json\/wp\/v2\/media?parent=553"}],"wp:term":[{"taxonomy":"category","embeddable":true,"href":"https:\/\/magdalenagrande.com\/blog\/wp-json\/wp\/v2\/categories?post=553"},{"taxonomy":"post_tag","embeddable":true,"href":"https:\/\/magdalenagrande.com\/blog\/wp-json\/wp\/v2\/tags?post=553"}],"curies":[{"name":"wp","href":"https:\/\/api.w.org\/{rel}","templated":true}]}}