{"id":559,"date":"2021-09-13T18:25:02","date_gmt":"2021-09-13T18:25:02","guid":{"rendered":"https:\/\/magdalenagrande.com\/blog\/?p=559"},"modified":"2021-09-13T18:25:11","modified_gmt":"2021-09-13T18:25:11","slug":"yo-soy-desconfianza","status":"publish","type":"post","link":"https:\/\/magdalenagrande.com\/blog\/yo-soy-desconfianza\/","title":{"rendered":"Yo soy desconfianza"},"content":{"rendered":"\n<p>Uy uy uy \u00bfCu\u00e1ntos somos por aqu\u00ed un poco desconfiados? Detr\u00e1s de todo esto suele haber uno o varios miedos&#8230; Veamos qu\u00e9 podemos hacer para ser menos desconfiados:<\/p>\n\n\n\n<p>&#8211; Muchos somos desconfiados puesto que llevamos incorporado el programa de &#8216;me la van a pegar&#8217;. Quiz\u00e1 una de nuestras figuras de apego ya se relacionaba as\u00ed y lo aprendimos por imitaci\u00f3n, o escuchamos mil veces &#8216;no tienes que ser tan ingenuo y confiado&#8217; o, tal vez, nos la pegamos fuerte con alguien y quedamos resentidos. \u00a1Qu\u00e9 dif\u00edcil abrirse a los dem\u00e1s cuando te han herido! Analiza en ti: \u00bfllevo este programa? \u00bfSiento y pienso que los dem\u00e1s me pueden herir o traicionar? \u00bfDesde cu\u00e1ndo me sucede?<\/p>\n\n\n\n<p>&#8211; Hagamos el ejercicio de los c\u00edrculos de confianza. Preg\u00fantate: \u00bfQu\u00e9 personas son dignas al 100% de mi confianza?, ellas estar\u00edan en un primer nivel, muy cerca de nosotros (situados en el centro). \u00bfA qui\u00e9n pondr\u00edas en el segundo nivel? Esas personas en quiem conf\u00edas pero no quiz\u00e1 al 100%, sino al 75%. El ejercicio consiste en realizar c\u00edrculos y ver a qu\u00e9 y cu\u00e1ntas personas tenemos en cada uno de ellos. Cuando lo hayas hecho analiza, \u00bfme cuesta confiar? \u00bfPuedo abrirme a los dem\u00e1s sin miedo o hay poca gente en los c\u00edrculos m\u00e1s \u00edntimos y cercanos?<\/p>\n\n\n\n<p>&#8211; Si la vida nos lo ha puesto dif\u00edcil, confiar en ella tambi\u00e9n puede ser un gran reto. Esto, para m\u00ed, no deja de ser una creencia pero me ha ayudado enormemente a confiar en la vida. Consiste en pensar y sentir que lo que tenga que sucederte, as\u00ed ser\u00e1 y adem\u00e1s podr\u00e1s extraer de ello alg\u00fan aprendizaje. En este sentido, vivirlo as\u00ed te libera de la angustia de no poder controlar lo que nos pasa pero, adem\u00e1s, intentamos aprovecharlo buscando algo positivo de ello. Sin embargo, si pienso la mala suerte que tengo, de que todo lo malo me pasa a m\u00ed y vivo aterrorizado por todo lo que podr\u00eda pasar: 1.ese miedo no evita que lo malo suceda, 2.me amargo la existencia con tanto catastrofismo. Si quieres una raz\u00f3n menos existencialista existe aquello de &#8216;si tiene soluci\u00f3n, \u00bfpara qu\u00e9 te preocupas?, si ni tiene soluci\u00f3n, \u00bfpara qu\u00e9 te preocupas?&#8217;.<\/p>\n\n\n\n<p>Cu\u00e9ntame t\u00fa, \u00bfte cuesta confiar en la gente? \u00bfY en la vida?<\/p>\n\n\n\n<p>#yosoy #personasaltamentesensibles #altasensibilidad #PAS #sensible #sensibilidadconsciente #cursoparapas #consultaonline #terapiaonline #magdalenagrande #cursoaltasensibilidad<\/p>\n\n\n\n<p>@personas_altamente_sensibles<\/p>\n\n\n\n<p>Www.magdalenagrande.com <\/p>\n\n\n\n<figure class=\"wp-block-image size-large\"><img loading=\"lazy\" decoding=\"async\" width=\"874\" height=\"1024\" src=\"https:\/\/magdalenagrande.com\/blog\/wp-content\/uploads\/2021\/09\/image_editor_output_image945893271-1631557491834-874x1024.jpg\" alt=\"\" class=\"wp-image-558\" srcset=\"https:\/\/magdalenagrande.com\/blog\/wp-content\/uploads\/2021\/09\/image_editor_output_image945893271-1631557491834-874x1024.jpg 874w, https:\/\/magdalenagrande.com\/blog\/wp-content\/uploads\/2021\/09\/image_editor_output_image945893271-1631557491834-256x300.jpg 256w, https:\/\/magdalenagrande.com\/blog\/wp-content\/uploads\/2021\/09\/image_editor_output_image945893271-1631557491834-768x900.jpg 768w, https:\/\/magdalenagrande.com\/blog\/wp-content\/uploads\/2021\/09\/image_editor_output_image945893271-1631557491834.jpg 1080w\" sizes=\"auto, (max-width: 874px) 100vw, 874px\" \/><\/figure>\n","protected":false},"excerpt":{"rendered":"<p>Uy uy uy \u00bfCu\u00e1ntos somos por aqu\u00ed un poco desconfiados? Detr\u00e1s de todo esto suele haber uno o varios miedos&#8230; Veamos qu\u00e9 podemos hacer para ser menos desconfiados: &#8211; Muchos somos desconfiados puesto que llevamos incorporado el programa de &#8216;me la van a pegar&#8217;. Quiz\u00e1 una de nuestras figuras de apego ya se relacionaba as\u00ed [&hellip;]<\/p>\n","protected":false},"author":1,"featured_media":0,"comment_status":"closed","ping_status":"closed","sticky":false,"template":"","format":"standard","meta":{"sfsi_plus_gutenberg_text_before_share":"","sfsi_plus_gutenberg_show_text_before_share":"","sfsi_plus_gutenberg_icon_type":"","sfsi_plus_gutenberg_icon_alignemt":"","sfsi_plus_gutenburg_max_per_row":"","footnotes":""},"categories":[79],"tags":[],"class_list":["post-559","post","type-post","status-publish","format-standard","hentry","category-yo-soy"],"yoast_head":"<!-- This site is optimized with the Yoast SEO plugin v17.0 - https:\/\/yoast.com\/wordpress\/plugins\/seo\/ -->\n<title>Yo soy desconfianza - Blog de Magdalena Grande<\/title>\n<meta name=\"robots\" content=\"index, follow, max-snippet:-1, max-image-preview:large, max-video-preview:-1\" \/>\n<link rel=\"canonical\" href=\"https:\/\/magdalenagrande.com\/blog\/yo-soy-desconfianza\/\" \/>\n<meta property=\"og:locale\" content=\"es_ES\" \/>\n<meta property=\"og:type\" content=\"article\" \/>\n<meta property=\"og:title\" content=\"Yo soy desconfianza - Blog de Magdalena Grande\" \/>\n<meta property=\"og:description\" content=\"Uy uy uy \u00bfCu\u00e1ntos somos por aqu\u00ed un poco desconfiados? Detr\u00e1s de todo esto suele haber uno o varios miedos&#8230; Veamos qu\u00e9 podemos hacer para ser menos desconfiados: &#8211; Muchos somos desconfiados puesto que llevamos incorporado el programa de &#8216;me la van a pegar&#8217;. Quiz\u00e1 una de nuestras figuras de apego ya se relacionaba as\u00ed [&hellip;]\" \/>\n<meta property=\"og:url\" content=\"https:\/\/magdalenagrande.com\/blog\/yo-soy-desconfianza\/\" \/>\n<meta property=\"og:site_name\" content=\"Blog de Magdalena Grande\" \/>\n<meta property=\"article:published_time\" content=\"2021-09-13T18:25:02+00:00\" \/>\n<meta property=\"article:modified_time\" content=\"2021-09-13T18:25:11+00:00\" \/>\n<meta property=\"og:image\" content=\"https:\/\/magdalenagrande.com\/blog\/wp-content\/uploads\/2021\/09\/image_editor_output_image945893271-1631557491834-874x1024.jpg\" \/>\n<meta name=\"twitter:card\" content=\"summary\" \/>\n<meta name=\"twitter:label1\" content=\"Escrito por\" \/>\n\t<meta name=\"twitter:data1\" content=\"magdalena_grande\" \/>\n\t<meta name=\"twitter:label2\" content=\"Tiempo de lectura\" \/>\n\t<meta name=\"twitter:data2\" content=\"2 minutos\" \/>\n<script type=\"application\/ld+json\" class=\"yoast-schema-graph\">{\"@context\":\"https:\/\/schema.org\",\"@graph\":[{\"@type\":\"WebSite\",\"@id\":\"https:\/\/magdalenagrande.com\/blog\/#website\",\"url\":\"https:\/\/magdalenagrande.com\/blog\/\",\"name\":\"Blog de Magdalena Grande\",\"description\":\"Crecimiento personal, alta sensibilidad y educaci\\u00f3n emocional\",\"potentialAction\":[{\"@type\":\"SearchAction\",\"target\":{\"@type\":\"EntryPoint\",\"urlTemplate\":\"https:\/\/magdalenagrande.com\/blog\/?s={search_term_string}\"},\"query-input\":\"required name=search_term_string\"}],\"inLanguage\":\"es\"},{\"@type\":\"ImageObject\",\"@id\":\"https:\/\/magdalenagrande.com\/blog\/yo-soy-desconfianza\/#primaryimage\",\"inLanguage\":\"es\",\"url\":\"https:\/\/magdalenagrande.com\/blog\/wp-content\/uploads\/2021\/09\/image_editor_output_image945893271-1631557491834.jpg\",\"contentUrl\":\"https:\/\/magdalenagrande.com\/blog\/wp-content\/uploads\/2021\/09\/image_editor_output_image945893271-1631557491834.jpg\",\"width\":1080,\"height\":1266},{\"@type\":\"WebPage\",\"@id\":\"https:\/\/magdalenagrande.com\/blog\/yo-soy-desconfianza\/#webpage\",\"url\":\"https:\/\/magdalenagrande.com\/blog\/yo-soy-desconfianza\/\",\"name\":\"Yo soy desconfianza - Blog de Magdalena Grande\",\"isPartOf\":{\"@id\":\"https:\/\/magdalenagrande.com\/blog\/#website\"},\"primaryImageOfPage\":{\"@id\":\"https:\/\/magdalenagrande.com\/blog\/yo-soy-desconfianza\/#primaryimage\"},\"datePublished\":\"2021-09-13T18:25:02+00:00\",\"dateModified\":\"2021-09-13T18:25:11+00:00\",\"author\":{\"@id\":\"https:\/\/magdalenagrande.com\/blog\/#\/schema\/person\/f8460fd9e22f0d0d09ef55ae7a4f6791\"},\"breadcrumb\":{\"@id\":\"https:\/\/magdalenagrande.com\/blog\/yo-soy-desconfianza\/#breadcrumb\"},\"inLanguage\":\"es\",\"potentialAction\":[{\"@type\":\"ReadAction\",\"target\":[\"https:\/\/magdalenagrande.com\/blog\/yo-soy-desconfianza\/\"]}]},{\"@type\":\"BreadcrumbList\",\"@id\":\"https:\/\/magdalenagrande.com\/blog\/yo-soy-desconfianza\/#breadcrumb\",\"itemListElement\":[{\"@type\":\"ListItem\",\"position\":1,\"name\":\"Portada\",\"item\":\"https:\/\/magdalenagrande.com\/blog\/\"},{\"@type\":\"ListItem\",\"position\":2,\"name\":\"Yo soy desconfianza\"}]},{\"@type\":\"Person\",\"@id\":\"https:\/\/magdalenagrande.com\/blog\/#\/schema\/person\/f8460fd9e22f0d0d09ef55ae7a4f6791\",\"name\":\"magdalena_grande\"}]}<\/script>\n<!-- \/ Yoast SEO plugin. -->","yoast_head_json":{"title":"Yo soy desconfianza - Blog de Magdalena Grande","robots":{"index":"index","follow":"follow","max-snippet":"max-snippet:-1","max-image-preview":"max-image-preview:large","max-video-preview":"max-video-preview:-1"},"canonical":"https:\/\/magdalenagrande.com\/blog\/yo-soy-desconfianza\/","og_locale":"es_ES","og_type":"article","og_title":"Yo soy desconfianza - Blog de Magdalena Grande","og_description":"Uy uy uy \u00bfCu\u00e1ntos somos por aqu\u00ed un poco desconfiados? Detr\u00e1s de todo esto suele haber uno o varios miedos&#8230; Veamos qu\u00e9 podemos hacer para ser menos desconfiados: &#8211; Muchos somos desconfiados puesto que llevamos incorporado el programa de &#8216;me la van a pegar&#8217;. Quiz\u00e1 una de nuestras figuras de apego ya se relacionaba as\u00ed [&hellip;]","og_url":"https:\/\/magdalenagrande.com\/blog\/yo-soy-desconfianza\/","og_site_name":"Blog de Magdalena Grande","article_published_time":"2021-09-13T18:25:02+00:00","article_modified_time":"2021-09-13T18:25:11+00:00","og_image":[{"url":"https:\/\/magdalenagrande.com\/blog\/wp-content\/uploads\/2021\/09\/image_editor_output_image945893271-1631557491834-874x1024.jpg"}],"twitter_card":"summary","twitter_misc":{"Escrito por":"magdalena_grande","Tiempo de lectura":"2 minutos"},"schema":{"@context":"https:\/\/schema.org","@graph":[{"@type":"WebSite","@id":"https:\/\/magdalenagrande.com\/blog\/#website","url":"https:\/\/magdalenagrande.com\/blog\/","name":"Blog de Magdalena Grande","description":"Crecimiento personal, alta sensibilidad y educaci\u00f3n emocional","potentialAction":[{"@type":"SearchAction","target":{"@type":"EntryPoint","urlTemplate":"https:\/\/magdalenagrande.com\/blog\/?s={search_term_string}"},"query-input":"required name=search_term_string"}],"inLanguage":"es"},{"@type":"ImageObject","@id":"https:\/\/magdalenagrande.com\/blog\/yo-soy-desconfianza\/#primaryimage","inLanguage":"es","url":"https:\/\/magdalenagrande.com\/blog\/wp-content\/uploads\/2021\/09\/image_editor_output_image945893271-1631557491834.jpg","contentUrl":"https:\/\/magdalenagrande.com\/blog\/wp-content\/uploads\/2021\/09\/image_editor_output_image945893271-1631557491834.jpg","width":1080,"height":1266},{"@type":"WebPage","@id":"https:\/\/magdalenagrande.com\/blog\/yo-soy-desconfianza\/#webpage","url":"https:\/\/magdalenagrande.com\/blog\/yo-soy-desconfianza\/","name":"Yo soy desconfianza - Blog de Magdalena Grande","isPartOf":{"@id":"https:\/\/magdalenagrande.com\/blog\/#website"},"primaryImageOfPage":{"@id":"https:\/\/magdalenagrande.com\/blog\/yo-soy-desconfianza\/#primaryimage"},"datePublished":"2021-09-13T18:25:02+00:00","dateModified":"2021-09-13T18:25:11+00:00","author":{"@id":"https:\/\/magdalenagrande.com\/blog\/#\/schema\/person\/f8460fd9e22f0d0d09ef55ae7a4f6791"},"breadcrumb":{"@id":"https:\/\/magdalenagrande.com\/blog\/yo-soy-desconfianza\/#breadcrumb"},"inLanguage":"es","potentialAction":[{"@type":"ReadAction","target":["https:\/\/magdalenagrande.com\/blog\/yo-soy-desconfianza\/"]}]},{"@type":"BreadcrumbList","@id":"https:\/\/magdalenagrande.com\/blog\/yo-soy-desconfianza\/#breadcrumb","itemListElement":[{"@type":"ListItem","position":1,"name":"Portada","item":"https:\/\/magdalenagrande.com\/blog\/"},{"@type":"ListItem","position":2,"name":"Yo soy desconfianza"}]},{"@type":"Person","@id":"https:\/\/magdalenagrande.com\/blog\/#\/schema\/person\/f8460fd9e22f0d0d09ef55ae7a4f6791","name":"magdalena_grande"}]}},"_links":{"self":[{"href":"https:\/\/magdalenagrande.com\/blog\/wp-json\/wp\/v2\/posts\/559","targetHints":{"allow":["GET"]}}],"collection":[{"href":"https:\/\/magdalenagrande.com\/blog\/wp-json\/wp\/v2\/posts"}],"about":[{"href":"https:\/\/magdalenagrande.com\/blog\/wp-json\/wp\/v2\/types\/post"}],"author":[{"embeddable":true,"href":"https:\/\/magdalenagrande.com\/blog\/wp-json\/wp\/v2\/users\/1"}],"replies":[{"embeddable":true,"href":"https:\/\/magdalenagrande.com\/blog\/wp-json\/wp\/v2\/comments?post=559"}],"version-history":[{"count":1,"href":"https:\/\/magdalenagrande.com\/blog\/wp-json\/wp\/v2\/posts\/559\/revisions"}],"predecessor-version":[{"id":560,"href":"https:\/\/magdalenagrande.com\/blog\/wp-json\/wp\/v2\/posts\/559\/revisions\/560"}],"wp:attachment":[{"href":"https:\/\/magdalenagrande.com\/blog\/wp-json\/wp\/v2\/media?parent=559"}],"wp:term":[{"taxonomy":"category","embeddable":true,"href":"https:\/\/magdalenagrande.com\/blog\/wp-json\/wp\/v2\/categories?post=559"},{"taxonomy":"post_tag","embeddable":true,"href":"https:\/\/magdalenagrande.com\/blog\/wp-json\/wp\/v2\/tags?post=559"}],"curies":[{"name":"wp","href":"https:\/\/api.w.org\/{rel}","templated":true}]}}