{"id":562,"date":"2021-09-13T18:26:47","date_gmt":"2021-09-13T18:26:47","guid":{"rendered":"https:\/\/magdalenagrande.com\/blog\/?p=562"},"modified":"2021-09-13T18:26:55","modified_gmt":"2021-09-13T18:26:55","slug":"merecer","status":"publish","type":"post","link":"https:\/\/magdalenagrande.com\/blog\/merecer\/","title":{"rendered":"Merecer"},"content":{"rendered":"\n<p>La herida m\u00e1s profunda se produce cuando no nos sentimos merecedores de amor.<\/p>\n\n\n\n<p>No es algo que uno planifique ni que los padres imaginen para sus hijos. Tampoco hace falta un gran trauma infantil para que se produzca, ni un agravio imposible.<\/p>\n\n\n\n<p>Son nuestras heridas y aparecen cuando necesitamos sanar algunos aspectos, a\u00fan sin quererlo, a\u00fan sin saberlo.<\/p>\n\n\n\n<p>As\u00ed que cuando han pasado los a\u00f1os y nos convertimos en adultos, algunos descubrimos esa herida profunda, que sangra en ocasiones abundantemente cuando alguien no nos quiere, que se vuelve a abrir con cada fracaso personal y parece no cerrar nunca.<\/p>\n\n\n\n<p>No cerrar\u00e1, eso es lo m\u00e1s probable. No porque no hayas trabajado lo suficiente en ello, sino porque es lo que necesitas llevar a la consciencia de manera recurrente para sentirte y saberte merecedor.<\/p>\n\n\n\n<p>As\u00ed que, de vez en cuando, recuerda a este adulto que eres y al ni\u00f1o que fuiste que eres merecedor de amor. Recu\u00e9rdale que te mereces todo lo bueno que te pasa y todo lo que tienes. Recu\u00e9rdate que mereces mucho mucho mucho amor. \u2764\ufe0f\u2764\ufe0f\u2764\ufe0f<\/p>\n\n\n\n<p>#altasensibilidad #personasaltamentesensibles #sensibilidadconsciente #merecer #PAS #cursoparapas #consultaonline #terapiaonline #magdalenagrande #cursoaltasensibilidad<\/p>\n\n\n\n<p>@personas_altamente_sensibles<\/p>\n\n\n\n<p>Www.magdalenagrande.com <\/p>\n\n\n\n<figure class=\"wp-block-image size-large\"><img loading=\"lazy\" decoding=\"async\" width=\"907\" height=\"1024\" src=\"https:\/\/magdalenagrande.com\/blog\/wp-content\/uploads\/2021\/09\/image_editor_output_image-1392435679-1631557599361-907x1024.jpg\" alt=\"\" class=\"wp-image-561\" srcset=\"https:\/\/magdalenagrande.com\/blog\/wp-content\/uploads\/2021\/09\/image_editor_output_image-1392435679-1631557599361-907x1024.jpg 907w, https:\/\/magdalenagrande.com\/blog\/wp-content\/uploads\/2021\/09\/image_editor_output_image-1392435679-1631557599361-266x300.jpg 266w, https:\/\/magdalenagrande.com\/blog\/wp-content\/uploads\/2021\/09\/image_editor_output_image-1392435679-1631557599361-768x867.jpg 768w, https:\/\/magdalenagrande.com\/blog\/wp-content\/uploads\/2021\/09\/image_editor_output_image-1392435679-1631557599361.jpg 1064w\" sizes=\"auto, (max-width: 907px) 100vw, 907px\" \/><\/figure>\n","protected":false},"excerpt":{"rendered":"<p>La herida m\u00e1s profunda se produce cuando no nos sentimos merecedores de amor. No es algo que uno planifique ni que los padres imaginen para sus hijos. Tampoco hace falta un gran trauma infantil para que se produzca, ni un agravio imposible. Son nuestras heridas y aparecen cuando necesitamos sanar algunos aspectos, a\u00fan sin quererlo, [&hellip;]<\/p>\n","protected":false},"author":1,"featured_media":0,"comment_status":"closed","ping_status":"closed","sticky":false,"template":"","format":"standard","meta":{"sfsi_plus_gutenberg_text_before_share":"","sfsi_plus_gutenberg_show_text_before_share":"","sfsi_plus_gutenberg_icon_type":"","sfsi_plus_gutenberg_icon_alignemt":"","sfsi_plus_gutenburg_max_per_row":"","footnotes":""},"categories":[76],"tags":[],"class_list":["post-562","post","type-post","status-publish","format-standard","hentry","category-palabras-consciencia"],"yoast_head":"<!-- This site is optimized with the Yoast SEO plugin v17.0 - https:\/\/yoast.com\/wordpress\/plugins\/seo\/ -->\n<title>Merecer - Blog de Magdalena Grande<\/title>\n<meta name=\"robots\" content=\"index, follow, max-snippet:-1, max-image-preview:large, max-video-preview:-1\" \/>\n<link rel=\"canonical\" href=\"https:\/\/magdalenagrande.com\/blog\/merecer\/\" \/>\n<meta property=\"og:locale\" content=\"es_ES\" \/>\n<meta property=\"og:type\" content=\"article\" \/>\n<meta property=\"og:title\" content=\"Merecer - Blog de Magdalena Grande\" \/>\n<meta property=\"og:description\" content=\"La herida m\u00e1s profunda se produce cuando no nos sentimos merecedores de amor. No es algo que uno planifique ni que los padres imaginen para sus hijos. Tampoco hace falta un gran trauma infantil para que se produzca, ni un agravio imposible. Son nuestras heridas y aparecen cuando necesitamos sanar algunos aspectos, a\u00fan sin quererlo, [&hellip;]\" \/>\n<meta property=\"og:url\" content=\"https:\/\/magdalenagrande.com\/blog\/merecer\/\" \/>\n<meta property=\"og:site_name\" content=\"Blog de Magdalena Grande\" \/>\n<meta property=\"article:published_time\" content=\"2021-09-13T18:26:47+00:00\" \/>\n<meta property=\"article:modified_time\" content=\"2021-09-13T18:26:55+00:00\" \/>\n<meta property=\"og:image\" content=\"https:\/\/magdalenagrande.com\/blog\/wp-content\/uploads\/2021\/09\/image_editor_output_image-1392435679-1631557599361-907x1024.jpg\" \/>\n<meta name=\"twitter:card\" content=\"summary\" \/>\n<meta name=\"twitter:label1\" content=\"Escrito por\" \/>\n\t<meta name=\"twitter:data1\" content=\"magdalena_grande\" \/>\n\t<meta name=\"twitter:label2\" content=\"Tiempo de lectura\" \/>\n\t<meta name=\"twitter:data2\" content=\"1 minuto\" \/>\n<script type=\"application\/ld+json\" class=\"yoast-schema-graph\">{\"@context\":\"https:\/\/schema.org\",\"@graph\":[{\"@type\":\"WebSite\",\"@id\":\"https:\/\/magdalenagrande.com\/blog\/#website\",\"url\":\"https:\/\/magdalenagrande.com\/blog\/\",\"name\":\"Blog de Magdalena Grande\",\"description\":\"Crecimiento personal, alta sensibilidad y educaci\\u00f3n emocional\",\"potentialAction\":[{\"@type\":\"SearchAction\",\"target\":{\"@type\":\"EntryPoint\",\"urlTemplate\":\"https:\/\/magdalenagrande.com\/blog\/?s={search_term_string}\"},\"query-input\":\"required name=search_term_string\"}],\"inLanguage\":\"es\"},{\"@type\":\"ImageObject\",\"@id\":\"https:\/\/magdalenagrande.com\/blog\/merecer\/#primaryimage\",\"inLanguage\":\"es\",\"url\":\"https:\/\/magdalenagrande.com\/blog\/wp-content\/uploads\/2021\/09\/image_editor_output_image-1392435679-1631557599361.jpg\",\"contentUrl\":\"https:\/\/magdalenagrande.com\/blog\/wp-content\/uploads\/2021\/09\/image_editor_output_image-1392435679-1631557599361.jpg\",\"width\":1064,\"height\":1201},{\"@type\":\"WebPage\",\"@id\":\"https:\/\/magdalenagrande.com\/blog\/merecer\/#webpage\",\"url\":\"https:\/\/magdalenagrande.com\/blog\/merecer\/\",\"name\":\"Merecer - Blog de Magdalena Grande\",\"isPartOf\":{\"@id\":\"https:\/\/magdalenagrande.com\/blog\/#website\"},\"primaryImageOfPage\":{\"@id\":\"https:\/\/magdalenagrande.com\/blog\/merecer\/#primaryimage\"},\"datePublished\":\"2021-09-13T18:26:47+00:00\",\"dateModified\":\"2021-09-13T18:26:55+00:00\",\"author\":{\"@id\":\"https:\/\/magdalenagrande.com\/blog\/#\/schema\/person\/f8460fd9e22f0d0d09ef55ae7a4f6791\"},\"breadcrumb\":{\"@id\":\"https:\/\/magdalenagrande.com\/blog\/merecer\/#breadcrumb\"},\"inLanguage\":\"es\",\"potentialAction\":[{\"@type\":\"ReadAction\",\"target\":[\"https:\/\/magdalenagrande.com\/blog\/merecer\/\"]}]},{\"@type\":\"BreadcrumbList\",\"@id\":\"https:\/\/magdalenagrande.com\/blog\/merecer\/#breadcrumb\",\"itemListElement\":[{\"@type\":\"ListItem\",\"position\":1,\"name\":\"Portada\",\"item\":\"https:\/\/magdalenagrande.com\/blog\/\"},{\"@type\":\"ListItem\",\"position\":2,\"name\":\"Merecer\"}]},{\"@type\":\"Person\",\"@id\":\"https:\/\/magdalenagrande.com\/blog\/#\/schema\/person\/f8460fd9e22f0d0d09ef55ae7a4f6791\",\"name\":\"magdalena_grande\"}]}<\/script>\n<!-- \/ Yoast SEO plugin. -->","yoast_head_json":{"title":"Merecer - Blog de Magdalena Grande","robots":{"index":"index","follow":"follow","max-snippet":"max-snippet:-1","max-image-preview":"max-image-preview:large","max-video-preview":"max-video-preview:-1"},"canonical":"https:\/\/magdalenagrande.com\/blog\/merecer\/","og_locale":"es_ES","og_type":"article","og_title":"Merecer - Blog de Magdalena Grande","og_description":"La herida m\u00e1s profunda se produce cuando no nos sentimos merecedores de amor. No es algo que uno planifique ni que los padres imaginen para sus hijos. Tampoco hace falta un gran trauma infantil para que se produzca, ni un agravio imposible. Son nuestras heridas y aparecen cuando necesitamos sanar algunos aspectos, a\u00fan sin quererlo, [&hellip;]","og_url":"https:\/\/magdalenagrande.com\/blog\/merecer\/","og_site_name":"Blog de Magdalena Grande","article_published_time":"2021-09-13T18:26:47+00:00","article_modified_time":"2021-09-13T18:26:55+00:00","og_image":[{"url":"https:\/\/magdalenagrande.com\/blog\/wp-content\/uploads\/2021\/09\/image_editor_output_image-1392435679-1631557599361-907x1024.jpg"}],"twitter_card":"summary","twitter_misc":{"Escrito por":"magdalena_grande","Tiempo de lectura":"1 minuto"},"schema":{"@context":"https:\/\/schema.org","@graph":[{"@type":"WebSite","@id":"https:\/\/magdalenagrande.com\/blog\/#website","url":"https:\/\/magdalenagrande.com\/blog\/","name":"Blog de Magdalena Grande","description":"Crecimiento personal, alta sensibilidad y educaci\u00f3n emocional","potentialAction":[{"@type":"SearchAction","target":{"@type":"EntryPoint","urlTemplate":"https:\/\/magdalenagrande.com\/blog\/?s={search_term_string}"},"query-input":"required name=search_term_string"}],"inLanguage":"es"},{"@type":"ImageObject","@id":"https:\/\/magdalenagrande.com\/blog\/merecer\/#primaryimage","inLanguage":"es","url":"https:\/\/magdalenagrande.com\/blog\/wp-content\/uploads\/2021\/09\/image_editor_output_image-1392435679-1631557599361.jpg","contentUrl":"https:\/\/magdalenagrande.com\/blog\/wp-content\/uploads\/2021\/09\/image_editor_output_image-1392435679-1631557599361.jpg","width":1064,"height":1201},{"@type":"WebPage","@id":"https:\/\/magdalenagrande.com\/blog\/merecer\/#webpage","url":"https:\/\/magdalenagrande.com\/blog\/merecer\/","name":"Merecer - Blog de Magdalena Grande","isPartOf":{"@id":"https:\/\/magdalenagrande.com\/blog\/#website"},"primaryImageOfPage":{"@id":"https:\/\/magdalenagrande.com\/blog\/merecer\/#primaryimage"},"datePublished":"2021-09-13T18:26:47+00:00","dateModified":"2021-09-13T18:26:55+00:00","author":{"@id":"https:\/\/magdalenagrande.com\/blog\/#\/schema\/person\/f8460fd9e22f0d0d09ef55ae7a4f6791"},"breadcrumb":{"@id":"https:\/\/magdalenagrande.com\/blog\/merecer\/#breadcrumb"},"inLanguage":"es","potentialAction":[{"@type":"ReadAction","target":["https:\/\/magdalenagrande.com\/blog\/merecer\/"]}]},{"@type":"BreadcrumbList","@id":"https:\/\/magdalenagrande.com\/blog\/merecer\/#breadcrumb","itemListElement":[{"@type":"ListItem","position":1,"name":"Portada","item":"https:\/\/magdalenagrande.com\/blog\/"},{"@type":"ListItem","position":2,"name":"Merecer"}]},{"@type":"Person","@id":"https:\/\/magdalenagrande.com\/blog\/#\/schema\/person\/f8460fd9e22f0d0d09ef55ae7a4f6791","name":"magdalena_grande"}]}},"_links":{"self":[{"href":"https:\/\/magdalenagrande.com\/blog\/wp-json\/wp\/v2\/posts\/562","targetHints":{"allow":["GET"]}}],"collection":[{"href":"https:\/\/magdalenagrande.com\/blog\/wp-json\/wp\/v2\/posts"}],"about":[{"href":"https:\/\/magdalenagrande.com\/blog\/wp-json\/wp\/v2\/types\/post"}],"author":[{"embeddable":true,"href":"https:\/\/magdalenagrande.com\/blog\/wp-json\/wp\/v2\/users\/1"}],"replies":[{"embeddable":true,"href":"https:\/\/magdalenagrande.com\/blog\/wp-json\/wp\/v2\/comments?post=562"}],"version-history":[{"count":1,"href":"https:\/\/magdalenagrande.com\/blog\/wp-json\/wp\/v2\/posts\/562\/revisions"}],"predecessor-version":[{"id":563,"href":"https:\/\/magdalenagrande.com\/blog\/wp-json\/wp\/v2\/posts\/562\/revisions\/563"}],"wp:attachment":[{"href":"https:\/\/magdalenagrande.com\/blog\/wp-json\/wp\/v2\/media?parent=562"}],"wp:term":[{"taxonomy":"category","embeddable":true,"href":"https:\/\/magdalenagrande.com\/blog\/wp-json\/wp\/v2\/categories?post=562"},{"taxonomy":"post_tag","embeddable":true,"href":"https:\/\/magdalenagrande.com\/blog\/wp-json\/wp\/v2\/tags?post=562"}],"curies":[{"name":"wp","href":"https:\/\/api.w.org\/{rel}","templated":true}]}}