{"id":566,"date":"2021-09-13T18:28:25","date_gmt":"2021-09-13T18:28:25","guid":{"rendered":"https:\/\/magdalenagrande.com\/blog\/?p=566"},"modified":"2021-09-13T18:28:29","modified_gmt":"2021-09-13T18:28:29","slug":"el-destino-de-las-almas","status":"publish","type":"post","link":"https:\/\/magdalenagrande.com\/blog\/el-destino-de-las-almas\/","title":{"rendered":"El destino de las almas"},"content":{"rendered":"\n<p>&#8216;Las visiones de la vida despu\u00e9s de la muerte descansan en nuestro interior, como un santuario mientras viajamos por los laberintos terrenales. Las dificultades para descubrir fragmentos de nuestro hogar eterno se<br \/>debe en gran medida a las distracciones que ofrece la vida. No es malo aceptar la vida tal como es, sin cuestionar las cosas y asumir que al final pasar\u00e1 lo que se supone que debe pasar. Sin embargo para aquellos que anhelan conocer m\u00e1s, la simple aceptaci\u00f3n de la vida es completamente insatisfactorio. Para algunos<br \/>viajeros, los misterios de la vida claman por atenci\u00f3n, como una forma de dar significado a la existencia&#8217;.<\/p>\n\n\n\n<p>Newton fue un reconocido hipnoterapeuta doctorado en psicolog\u00eda que dedic\u00f3 su vida a estudiar mediante la hipnosis qu\u00e9 sucede despu\u00e9s de la muerte.<\/p>\n\n\n\n<p>Se trata de una lectura que te alucinar\u00e1 si te interesa el tema de la reencarnaci\u00f3n y quieres saber m\u00e1s sobre el viaje que hacen las almas al morir y volver a nacer.<\/p>\n\n\n\n<p>#michaelnewton #PAS<br>#viajedelasalmas #reencarnaci\u00f3n #altasensibilidad #sensibilidadconsciente #librosparapas #librosparanopas #bibliotecasensible #consultaonline #terapiaonline #magdalenagrande #cursoaltasensibilidad #cursoparapas<\/p>\n\n\n\n<p>@personas_altamente_sensibles<\/p>\n\n\n\n<p>Www.magdalenagrande.com <\/p>\n\n\n\n<figure class=\"wp-block-image size-large\"><img loading=\"lazy\" decoding=\"async\" width=\"873\" height=\"1024\" src=\"https:\/\/magdalenagrande.com\/blog\/wp-content\/uploads\/2021\/09\/image_editor_output_image-756666145-1631557681704-873x1024.jpg\" alt=\"\" class=\"wp-image-564\" srcset=\"https:\/\/magdalenagrande.com\/blog\/wp-content\/uploads\/2021\/09\/image_editor_output_image-756666145-1631557681704-873x1024.jpg 873w, https:\/\/magdalenagrande.com\/blog\/wp-content\/uploads\/2021\/09\/image_editor_output_image-756666145-1631557681704-256x300.jpg 256w, https:\/\/magdalenagrande.com\/blog\/wp-content\/uploads\/2021\/09\/image_editor_output_image-756666145-1631557681704-768x901.jpg 768w, https:\/\/magdalenagrande.com\/blog\/wp-content\/uploads\/2021\/09\/image_editor_output_image-756666145-1631557681704.jpg 1074w\" sizes=\"auto, (max-width: 873px) 100vw, 873px\" \/><\/figure>\n\n\n\n<figure class=\"wp-block-image\"><img loading=\"lazy\" decoding=\"async\" width=\"1080\" height=\"1224\" src=\"https:\/\/magdalenagrande.com\/blog\/wp-content\/uploads\/2021\/09\/image_editor_output_image2107140733-1631557691730.jpg\" alt=\"\" class=\"wp-image-565\" srcset=\"https:\/\/magdalenagrande.com\/blog\/wp-content\/uploads\/2021\/09\/image_editor_output_image2107140733-1631557691730.jpg 1080w, https:\/\/magdalenagrande.com\/blog\/wp-content\/uploads\/2021\/09\/image_editor_output_image2107140733-1631557691730-265x300.jpg 265w, https:\/\/magdalenagrande.com\/blog\/wp-content\/uploads\/2021\/09\/image_editor_output_image2107140733-1631557691730-904x1024.jpg 904w, https:\/\/magdalenagrande.com\/blog\/wp-content\/uploads\/2021\/09\/image_editor_output_image2107140733-1631557691730-768x870.jpg 768w\" sizes=\"auto, (max-width: 1080px) 100vw, 1080px\" \/><\/figure>\n","protected":false},"excerpt":{"rendered":"<p>&#8216;Las visiones de la vida despu\u00e9s de la muerte descansan en nuestro interior, como un santuario mientras viajamos por los laberintos terrenales. Las dificultades para descubrir fragmentos de nuestro hogar eterno sedebe en gran medida a las distracciones que ofrece la vida. No es malo aceptar la vida tal como es, sin cuestionar las cosas [&hellip;]<\/p>\n","protected":false},"author":1,"featured_media":0,"comment_status":"closed","ping_status":"closed","sticky":false,"template":"","format":"standard","meta":{"sfsi_plus_gutenberg_text_before_share":"","sfsi_plus_gutenberg_show_text_before_share":"","sfsi_plus_gutenberg_icon_type":"","sfsi_plus_gutenberg_icon_alignemt":"","sfsi_plus_gutenburg_max_per_row":"","footnotes":""},"categories":[81],"tags":[],"class_list":["post-566","post","type-post","status-publish","format-standard","hentry","category-libros-pas"],"yoast_head":"<!-- This site is optimized with the Yoast SEO plugin v17.0 - https:\/\/yoast.com\/wordpress\/plugins\/seo\/ -->\n<title>El destino de las almas - Blog de Magdalena Grande<\/title>\n<meta name=\"robots\" content=\"index, follow, max-snippet:-1, max-image-preview:large, max-video-preview:-1\" \/>\n<link rel=\"canonical\" href=\"https:\/\/magdalenagrande.com\/blog\/el-destino-de-las-almas\/\" \/>\n<meta property=\"og:locale\" content=\"es_ES\" \/>\n<meta property=\"og:type\" content=\"article\" \/>\n<meta property=\"og:title\" content=\"El destino de las almas - Blog de Magdalena Grande\" \/>\n<meta property=\"og:description\" content=\"&#8216;Las visiones de la vida despu\u00e9s de la muerte descansan en nuestro interior, como un santuario mientras viajamos por los laberintos terrenales. Las dificultades para descubrir fragmentos de nuestro hogar eterno sedebe en gran medida a las distracciones que ofrece la vida. No es malo aceptar la vida tal como es, sin cuestionar las cosas [&hellip;]\" \/>\n<meta property=\"og:url\" content=\"https:\/\/magdalenagrande.com\/blog\/el-destino-de-las-almas\/\" \/>\n<meta property=\"og:site_name\" content=\"Blog de Magdalena Grande\" \/>\n<meta property=\"article:published_time\" content=\"2021-09-13T18:28:25+00:00\" \/>\n<meta property=\"article:modified_time\" content=\"2021-09-13T18:28:29+00:00\" \/>\n<meta property=\"og:image\" content=\"https:\/\/magdalenagrande.com\/blog\/wp-content\/uploads\/2021\/09\/image_editor_output_image-756666145-1631557681704-873x1024.jpg\" \/>\n<meta name=\"twitter:card\" content=\"summary\" \/>\n<meta name=\"twitter:label1\" content=\"Escrito por\" \/>\n\t<meta name=\"twitter:data1\" content=\"magdalena_grande\" \/>\n\t<meta name=\"twitter:label2\" content=\"Tiempo de lectura\" \/>\n\t<meta name=\"twitter:data2\" content=\"1 minuto\" \/>\n<script type=\"application\/ld+json\" class=\"yoast-schema-graph\">{\"@context\":\"https:\/\/schema.org\",\"@graph\":[{\"@type\":\"WebSite\",\"@id\":\"https:\/\/magdalenagrande.com\/blog\/#website\",\"url\":\"https:\/\/magdalenagrande.com\/blog\/\",\"name\":\"Blog de Magdalena Grande\",\"description\":\"Crecimiento personal, alta sensibilidad y educaci\\u00f3n emocional\",\"potentialAction\":[{\"@type\":\"SearchAction\",\"target\":{\"@type\":\"EntryPoint\",\"urlTemplate\":\"https:\/\/magdalenagrande.com\/blog\/?s={search_term_string}\"},\"query-input\":\"required name=search_term_string\"}],\"inLanguage\":\"es\"},{\"@type\":\"ImageObject\",\"@id\":\"https:\/\/magdalenagrande.com\/blog\/el-destino-de-las-almas\/#primaryimage\",\"inLanguage\":\"es\",\"url\":\"https:\/\/magdalenagrande.com\/blog\/wp-content\/uploads\/2021\/09\/image_editor_output_image-756666145-1631557681704.jpg\",\"contentUrl\":\"https:\/\/magdalenagrande.com\/blog\/wp-content\/uploads\/2021\/09\/image_editor_output_image-756666145-1631557681704.jpg\",\"width\":1074,\"height\":1260},{\"@type\":\"WebPage\",\"@id\":\"https:\/\/magdalenagrande.com\/blog\/el-destino-de-las-almas\/#webpage\",\"url\":\"https:\/\/magdalenagrande.com\/blog\/el-destino-de-las-almas\/\",\"name\":\"El destino de las almas - Blog de Magdalena Grande\",\"isPartOf\":{\"@id\":\"https:\/\/magdalenagrande.com\/blog\/#website\"},\"primaryImageOfPage\":{\"@id\":\"https:\/\/magdalenagrande.com\/blog\/el-destino-de-las-almas\/#primaryimage\"},\"datePublished\":\"2021-09-13T18:28:25+00:00\",\"dateModified\":\"2021-09-13T18:28:29+00:00\",\"author\":{\"@id\":\"https:\/\/magdalenagrande.com\/blog\/#\/schema\/person\/f8460fd9e22f0d0d09ef55ae7a4f6791\"},\"breadcrumb\":{\"@id\":\"https:\/\/magdalenagrande.com\/blog\/el-destino-de-las-almas\/#breadcrumb\"},\"inLanguage\":\"es\",\"potentialAction\":[{\"@type\":\"ReadAction\",\"target\":[\"https:\/\/magdalenagrande.com\/blog\/el-destino-de-las-almas\/\"]}]},{\"@type\":\"BreadcrumbList\",\"@id\":\"https:\/\/magdalenagrande.com\/blog\/el-destino-de-las-almas\/#breadcrumb\",\"itemListElement\":[{\"@type\":\"ListItem\",\"position\":1,\"name\":\"Portada\",\"item\":\"https:\/\/magdalenagrande.com\/blog\/\"},{\"@type\":\"ListItem\",\"position\":2,\"name\":\"El destino de las almas\"}]},{\"@type\":\"Person\",\"@id\":\"https:\/\/magdalenagrande.com\/blog\/#\/schema\/person\/f8460fd9e22f0d0d09ef55ae7a4f6791\",\"name\":\"magdalena_grande\"}]}<\/script>\n<!-- \/ Yoast SEO plugin. -->","yoast_head_json":{"title":"El destino de las almas - Blog de Magdalena Grande","robots":{"index":"index","follow":"follow","max-snippet":"max-snippet:-1","max-image-preview":"max-image-preview:large","max-video-preview":"max-video-preview:-1"},"canonical":"https:\/\/magdalenagrande.com\/blog\/el-destino-de-las-almas\/","og_locale":"es_ES","og_type":"article","og_title":"El destino de las almas - Blog de Magdalena Grande","og_description":"&#8216;Las visiones de la vida despu\u00e9s de la muerte descansan en nuestro interior, como un santuario mientras viajamos por los laberintos terrenales. Las dificultades para descubrir fragmentos de nuestro hogar eterno sedebe en gran medida a las distracciones que ofrece la vida. No es malo aceptar la vida tal como es, sin cuestionar las cosas [&hellip;]","og_url":"https:\/\/magdalenagrande.com\/blog\/el-destino-de-las-almas\/","og_site_name":"Blog de Magdalena Grande","article_published_time":"2021-09-13T18:28:25+00:00","article_modified_time":"2021-09-13T18:28:29+00:00","og_image":[{"url":"https:\/\/magdalenagrande.com\/blog\/wp-content\/uploads\/2021\/09\/image_editor_output_image-756666145-1631557681704-873x1024.jpg"}],"twitter_card":"summary","twitter_misc":{"Escrito por":"magdalena_grande","Tiempo de lectura":"1 minuto"},"schema":{"@context":"https:\/\/schema.org","@graph":[{"@type":"WebSite","@id":"https:\/\/magdalenagrande.com\/blog\/#website","url":"https:\/\/magdalenagrande.com\/blog\/","name":"Blog de Magdalena Grande","description":"Crecimiento personal, alta sensibilidad y educaci\u00f3n emocional","potentialAction":[{"@type":"SearchAction","target":{"@type":"EntryPoint","urlTemplate":"https:\/\/magdalenagrande.com\/blog\/?s={search_term_string}"},"query-input":"required name=search_term_string"}],"inLanguage":"es"},{"@type":"ImageObject","@id":"https:\/\/magdalenagrande.com\/blog\/el-destino-de-las-almas\/#primaryimage","inLanguage":"es","url":"https:\/\/magdalenagrande.com\/blog\/wp-content\/uploads\/2021\/09\/image_editor_output_image-756666145-1631557681704.jpg","contentUrl":"https:\/\/magdalenagrande.com\/blog\/wp-content\/uploads\/2021\/09\/image_editor_output_image-756666145-1631557681704.jpg","width":1074,"height":1260},{"@type":"WebPage","@id":"https:\/\/magdalenagrande.com\/blog\/el-destino-de-las-almas\/#webpage","url":"https:\/\/magdalenagrande.com\/blog\/el-destino-de-las-almas\/","name":"El destino de las almas - Blog de Magdalena Grande","isPartOf":{"@id":"https:\/\/magdalenagrande.com\/blog\/#website"},"primaryImageOfPage":{"@id":"https:\/\/magdalenagrande.com\/blog\/el-destino-de-las-almas\/#primaryimage"},"datePublished":"2021-09-13T18:28:25+00:00","dateModified":"2021-09-13T18:28:29+00:00","author":{"@id":"https:\/\/magdalenagrande.com\/blog\/#\/schema\/person\/f8460fd9e22f0d0d09ef55ae7a4f6791"},"breadcrumb":{"@id":"https:\/\/magdalenagrande.com\/blog\/el-destino-de-las-almas\/#breadcrumb"},"inLanguage":"es","potentialAction":[{"@type":"ReadAction","target":["https:\/\/magdalenagrande.com\/blog\/el-destino-de-las-almas\/"]}]},{"@type":"BreadcrumbList","@id":"https:\/\/magdalenagrande.com\/blog\/el-destino-de-las-almas\/#breadcrumb","itemListElement":[{"@type":"ListItem","position":1,"name":"Portada","item":"https:\/\/magdalenagrande.com\/blog\/"},{"@type":"ListItem","position":2,"name":"El destino de las almas"}]},{"@type":"Person","@id":"https:\/\/magdalenagrande.com\/blog\/#\/schema\/person\/f8460fd9e22f0d0d09ef55ae7a4f6791","name":"magdalena_grande"}]}},"_links":{"self":[{"href":"https:\/\/magdalenagrande.com\/blog\/wp-json\/wp\/v2\/posts\/566","targetHints":{"allow":["GET"]}}],"collection":[{"href":"https:\/\/magdalenagrande.com\/blog\/wp-json\/wp\/v2\/posts"}],"about":[{"href":"https:\/\/magdalenagrande.com\/blog\/wp-json\/wp\/v2\/types\/post"}],"author":[{"embeddable":true,"href":"https:\/\/magdalenagrande.com\/blog\/wp-json\/wp\/v2\/users\/1"}],"replies":[{"embeddable":true,"href":"https:\/\/magdalenagrande.com\/blog\/wp-json\/wp\/v2\/comments?post=566"}],"version-history":[{"count":1,"href":"https:\/\/magdalenagrande.com\/blog\/wp-json\/wp\/v2\/posts\/566\/revisions"}],"predecessor-version":[{"id":567,"href":"https:\/\/magdalenagrande.com\/blog\/wp-json\/wp\/v2\/posts\/566\/revisions\/567"}],"wp:attachment":[{"href":"https:\/\/magdalenagrande.com\/blog\/wp-json\/wp\/v2\/media?parent=566"}],"wp:term":[{"taxonomy":"category","embeddable":true,"href":"https:\/\/magdalenagrande.com\/blog\/wp-json\/wp\/v2\/categories?post=566"},{"taxonomy":"post_tag","embeddable":true,"href":"https:\/\/magdalenagrande.com\/blog\/wp-json\/wp\/v2\/tags?post=566"}],"curies":[{"name":"wp","href":"https:\/\/api.w.org\/{rel}","templated":true}]}}