{"id":572,"date":"2021-09-13T18:30:57","date_gmt":"2021-09-13T18:30:57","guid":{"rendered":"https:\/\/magdalenagrande.com\/blog\/?p=572"},"modified":"2021-09-13T18:31:02","modified_gmt":"2021-09-13T18:31:02","slug":"curso-sensibilidad-consciente-primeros-pasos","status":"publish","type":"post","link":"https:\/\/magdalenagrande.com\/blog\/curso-sensibilidad-consciente-primeros-pasos\/","title":{"rendered":"Curso sensibilidad consciente: primeros pasos"},"content":{"rendered":"\n<p>Nos hemos embarcado en esta aventura de aprender a vivir nuestra sensibilidad de forma consciente.<\/p>\n\n\n\n<p>\u00a1Bienvenida\/o! Ya sabes que me gusta mucho tenerte por aqu\u00ed.<\/p>\n\n\n\n<p>Cada semana publicaremos un post para trabajar un aspecto concreto con el objetivo de ser cada vez m\u00e1s conscientes de nuestra sensibilidad. Te aseguro que si te lo tomas en serio, habr\u00e1 un antes y un despu\u00e9s tras estas semanas.<\/p>\n\n\n\n<p>Este contenido es s\u00f3lo un aperitivo de un curso que estoy preparando, mucho m\u00e1s extenso.<\/p>\n\n\n\n<p>Me encantar\u00eda que pudieras tener tu propia libreta o cuaderno en la que ir anotando aquellos aspectos que creas que son importantes dentro de tu experiencia y vivencia durante este tiempo. Puedes decorarla y &#8216;hacerla tuya&#8217;. Si no eres muy de escribir, quiz\u00e1 te apetece hacer una serie de audios que podr\u00e1s escuchar siempre que necesites, tal vez prefieras dibujar&#8230; Cada uno a su manera.<\/p>\n\n\n\n<p>Antes de empezar, te invito a preguntarte: \u00bfqu\u00e9 s\u00e9 acerca de mi sensibilidad? \u00bfc\u00f3mo la vivo? \u00bfEn qu\u00e9 me gustar\u00eda mejorar?<\/p>\n\n\n\n<p>Te leo por aqu\u00ed&#8230;<\/p>\n\n\n\n<p>#altasensibilidad #personasaltamentesensibles #sensibilidadconsciente #PAS #cursoparapas #cursoparanopas #cursoaltasensibilidad #cursosensibilidad #consultaonline #terapiaonline #magdalenagrande<\/p>\n\n\n\n<p>@personas_altamente_sensibles<\/p>\n\n\n\n<p>Www.magdalenagrande.com <\/p>\n\n\n\n<figure class=\"wp-block-image size-large\"><img loading=\"lazy\" decoding=\"async\" width=\"871\" height=\"1024\" src=\"https:\/\/magdalenagrande.com\/blog\/wp-content\/uploads\/2021\/09\/image_editor_output_image-345852543-1631557849943-871x1024.jpg\" alt=\"\" class=\"wp-image-571\" srcset=\"https:\/\/magdalenagrande.com\/blog\/wp-content\/uploads\/2021\/09\/image_editor_output_image-345852543-1631557849943-871x1024.jpg 871w, https:\/\/magdalenagrande.com\/blog\/wp-content\/uploads\/2021\/09\/image_editor_output_image-345852543-1631557849943-255x300.jpg 255w, https:\/\/magdalenagrande.com\/blog\/wp-content\/uploads\/2021\/09\/image_editor_output_image-345852543-1631557849943-768x902.jpg 768w, https:\/\/magdalenagrande.com\/blog\/wp-content\/uploads\/2021\/09\/image_editor_output_image-345852543-1631557849943.jpg 1051w\" sizes=\"auto, (max-width: 871px) 100vw, 871px\" \/><\/figure>\n","protected":false},"excerpt":{"rendered":"<p>Nos hemos embarcado en esta aventura de aprender a vivir nuestra sensibilidad de forma consciente. \u00a1Bienvenida\/o! Ya sabes que me gusta mucho tenerte por aqu\u00ed. Cada semana publicaremos un post para trabajar un aspecto concreto con el objetivo de ser cada vez m\u00e1s conscientes de nuestra sensibilidad. Te aseguro que si te lo tomas en [&hellip;]<\/p>\n","protected":false},"author":1,"featured_media":0,"comment_status":"closed","ping_status":"closed","sticky":false,"template":"","format":"standard","meta":{"sfsi_plus_gutenberg_text_before_share":"","sfsi_plus_gutenberg_show_text_before_share":"","sfsi_plus_gutenberg_icon_type":"","sfsi_plus_gutenberg_icon_alignemt":"","sfsi_plus_gutenburg_max_per_row":"","footnotes":""},"categories":[82],"tags":[],"class_list":["post-572","post","type-post","status-publish","format-standard","hentry","category-curso-alta-sensibilidad-sensibilidad-consciente"],"yoast_head":"<!-- This site is optimized with the Yoast SEO plugin v17.0 - https:\/\/yoast.com\/wordpress\/plugins\/seo\/ -->\n<title>Curso sensibilidad consciente: primeros pasos - Blog de Magdalena Grande<\/title>\n<meta name=\"robots\" content=\"index, follow, max-snippet:-1, max-image-preview:large, max-video-preview:-1\" \/>\n<link rel=\"canonical\" href=\"https:\/\/magdalenagrande.com\/blog\/curso-sensibilidad-consciente-primeros-pasos\/\" \/>\n<meta property=\"og:locale\" content=\"es_ES\" \/>\n<meta property=\"og:type\" content=\"article\" \/>\n<meta property=\"og:title\" content=\"Curso sensibilidad consciente: primeros pasos - Blog de Magdalena Grande\" \/>\n<meta property=\"og:description\" content=\"Nos hemos embarcado en esta aventura de aprender a vivir nuestra sensibilidad de forma consciente. \u00a1Bienvenida\/o! Ya sabes que me gusta mucho tenerte por aqu\u00ed. Cada semana publicaremos un post para trabajar un aspecto concreto con el objetivo de ser cada vez m\u00e1s conscientes de nuestra sensibilidad. Te aseguro que si te lo tomas en [&hellip;]\" \/>\n<meta property=\"og:url\" content=\"https:\/\/magdalenagrande.com\/blog\/curso-sensibilidad-consciente-primeros-pasos\/\" \/>\n<meta property=\"og:site_name\" content=\"Blog de Magdalena Grande\" \/>\n<meta property=\"article:published_time\" content=\"2021-09-13T18:30:57+00:00\" \/>\n<meta property=\"article:modified_time\" content=\"2021-09-13T18:31:02+00:00\" \/>\n<meta property=\"og:image\" content=\"https:\/\/magdalenagrande.com\/blog\/wp-content\/uploads\/2021\/09\/image_editor_output_image-345852543-1631557849943-871x1024.jpg\" \/>\n<meta name=\"twitter:card\" content=\"summary\" \/>\n<meta name=\"twitter:label1\" content=\"Escrito por\" \/>\n\t<meta name=\"twitter:data1\" content=\"magdalena_grande\" \/>\n\t<meta name=\"twitter:label2\" content=\"Tiempo de lectura\" \/>\n\t<meta name=\"twitter:data2\" content=\"1 minuto\" \/>\n<script type=\"application\/ld+json\" class=\"yoast-schema-graph\">{\"@context\":\"https:\/\/schema.org\",\"@graph\":[{\"@type\":\"WebSite\",\"@id\":\"https:\/\/magdalenagrande.com\/blog\/#website\",\"url\":\"https:\/\/magdalenagrande.com\/blog\/\",\"name\":\"Blog de Magdalena Grande\",\"description\":\"Crecimiento personal, alta sensibilidad y educaci\\u00f3n emocional\",\"potentialAction\":[{\"@type\":\"SearchAction\",\"target\":{\"@type\":\"EntryPoint\",\"urlTemplate\":\"https:\/\/magdalenagrande.com\/blog\/?s={search_term_string}\"},\"query-input\":\"required name=search_term_string\"}],\"inLanguage\":\"es\"},{\"@type\":\"ImageObject\",\"@id\":\"https:\/\/magdalenagrande.com\/blog\/curso-sensibilidad-consciente-primeros-pasos\/#primaryimage\",\"inLanguage\":\"es\",\"url\":\"https:\/\/magdalenagrande.com\/blog\/wp-content\/uploads\/2021\/09\/image_editor_output_image-345852543-1631557849943.jpg\",\"contentUrl\":\"https:\/\/magdalenagrande.com\/blog\/wp-content\/uploads\/2021\/09\/image_editor_output_image-345852543-1631557849943.jpg\",\"width\":1051,\"height\":1235},{\"@type\":\"WebPage\",\"@id\":\"https:\/\/magdalenagrande.com\/blog\/curso-sensibilidad-consciente-primeros-pasos\/#webpage\",\"url\":\"https:\/\/magdalenagrande.com\/blog\/curso-sensibilidad-consciente-primeros-pasos\/\",\"name\":\"Curso sensibilidad consciente: primeros pasos - Blog de Magdalena Grande\",\"isPartOf\":{\"@id\":\"https:\/\/magdalenagrande.com\/blog\/#website\"},\"primaryImageOfPage\":{\"@id\":\"https:\/\/magdalenagrande.com\/blog\/curso-sensibilidad-consciente-primeros-pasos\/#primaryimage\"},\"datePublished\":\"2021-09-13T18:30:57+00:00\",\"dateModified\":\"2021-09-13T18:31:02+00:00\",\"author\":{\"@id\":\"https:\/\/magdalenagrande.com\/blog\/#\/schema\/person\/f8460fd9e22f0d0d09ef55ae7a4f6791\"},\"breadcrumb\":{\"@id\":\"https:\/\/magdalenagrande.com\/blog\/curso-sensibilidad-consciente-primeros-pasos\/#breadcrumb\"},\"inLanguage\":\"es\",\"potentialAction\":[{\"@type\":\"ReadAction\",\"target\":[\"https:\/\/magdalenagrande.com\/blog\/curso-sensibilidad-consciente-primeros-pasos\/\"]}]},{\"@type\":\"BreadcrumbList\",\"@id\":\"https:\/\/magdalenagrande.com\/blog\/curso-sensibilidad-consciente-primeros-pasos\/#breadcrumb\",\"itemListElement\":[{\"@type\":\"ListItem\",\"position\":1,\"name\":\"Portada\",\"item\":\"https:\/\/magdalenagrande.com\/blog\/\"},{\"@type\":\"ListItem\",\"position\":2,\"name\":\"Curso sensibilidad consciente: primeros pasos\"}]},{\"@type\":\"Person\",\"@id\":\"https:\/\/magdalenagrande.com\/blog\/#\/schema\/person\/f8460fd9e22f0d0d09ef55ae7a4f6791\",\"name\":\"magdalena_grande\"}]}<\/script>\n<!-- \/ Yoast SEO plugin. -->","yoast_head_json":{"title":"Curso sensibilidad consciente: primeros pasos - Blog de Magdalena Grande","robots":{"index":"index","follow":"follow","max-snippet":"max-snippet:-1","max-image-preview":"max-image-preview:large","max-video-preview":"max-video-preview:-1"},"canonical":"https:\/\/magdalenagrande.com\/blog\/curso-sensibilidad-consciente-primeros-pasos\/","og_locale":"es_ES","og_type":"article","og_title":"Curso sensibilidad consciente: primeros pasos - Blog de Magdalena Grande","og_description":"Nos hemos embarcado en esta aventura de aprender a vivir nuestra sensibilidad de forma consciente. \u00a1Bienvenida\/o! Ya sabes que me gusta mucho tenerte por aqu\u00ed. Cada semana publicaremos un post para trabajar un aspecto concreto con el objetivo de ser cada vez m\u00e1s conscientes de nuestra sensibilidad. Te aseguro que si te lo tomas en [&hellip;]","og_url":"https:\/\/magdalenagrande.com\/blog\/curso-sensibilidad-consciente-primeros-pasos\/","og_site_name":"Blog de Magdalena Grande","article_published_time":"2021-09-13T18:30:57+00:00","article_modified_time":"2021-09-13T18:31:02+00:00","og_image":[{"url":"https:\/\/magdalenagrande.com\/blog\/wp-content\/uploads\/2021\/09\/image_editor_output_image-345852543-1631557849943-871x1024.jpg"}],"twitter_card":"summary","twitter_misc":{"Escrito por":"magdalena_grande","Tiempo de lectura":"1 minuto"},"schema":{"@context":"https:\/\/schema.org","@graph":[{"@type":"WebSite","@id":"https:\/\/magdalenagrande.com\/blog\/#website","url":"https:\/\/magdalenagrande.com\/blog\/","name":"Blog de Magdalena Grande","description":"Crecimiento personal, alta sensibilidad y educaci\u00f3n emocional","potentialAction":[{"@type":"SearchAction","target":{"@type":"EntryPoint","urlTemplate":"https:\/\/magdalenagrande.com\/blog\/?s={search_term_string}"},"query-input":"required name=search_term_string"}],"inLanguage":"es"},{"@type":"ImageObject","@id":"https:\/\/magdalenagrande.com\/blog\/curso-sensibilidad-consciente-primeros-pasos\/#primaryimage","inLanguage":"es","url":"https:\/\/magdalenagrande.com\/blog\/wp-content\/uploads\/2021\/09\/image_editor_output_image-345852543-1631557849943.jpg","contentUrl":"https:\/\/magdalenagrande.com\/blog\/wp-content\/uploads\/2021\/09\/image_editor_output_image-345852543-1631557849943.jpg","width":1051,"height":1235},{"@type":"WebPage","@id":"https:\/\/magdalenagrande.com\/blog\/curso-sensibilidad-consciente-primeros-pasos\/#webpage","url":"https:\/\/magdalenagrande.com\/blog\/curso-sensibilidad-consciente-primeros-pasos\/","name":"Curso sensibilidad consciente: primeros pasos - Blog de Magdalena Grande","isPartOf":{"@id":"https:\/\/magdalenagrande.com\/blog\/#website"},"primaryImageOfPage":{"@id":"https:\/\/magdalenagrande.com\/blog\/curso-sensibilidad-consciente-primeros-pasos\/#primaryimage"},"datePublished":"2021-09-13T18:30:57+00:00","dateModified":"2021-09-13T18:31:02+00:00","author":{"@id":"https:\/\/magdalenagrande.com\/blog\/#\/schema\/person\/f8460fd9e22f0d0d09ef55ae7a4f6791"},"breadcrumb":{"@id":"https:\/\/magdalenagrande.com\/blog\/curso-sensibilidad-consciente-primeros-pasos\/#breadcrumb"},"inLanguage":"es","potentialAction":[{"@type":"ReadAction","target":["https:\/\/magdalenagrande.com\/blog\/curso-sensibilidad-consciente-primeros-pasos\/"]}]},{"@type":"BreadcrumbList","@id":"https:\/\/magdalenagrande.com\/blog\/curso-sensibilidad-consciente-primeros-pasos\/#breadcrumb","itemListElement":[{"@type":"ListItem","position":1,"name":"Portada","item":"https:\/\/magdalenagrande.com\/blog\/"},{"@type":"ListItem","position":2,"name":"Curso sensibilidad consciente: primeros pasos"}]},{"@type":"Person","@id":"https:\/\/magdalenagrande.com\/blog\/#\/schema\/person\/f8460fd9e22f0d0d09ef55ae7a4f6791","name":"magdalena_grande"}]}},"_links":{"self":[{"href":"https:\/\/magdalenagrande.com\/blog\/wp-json\/wp\/v2\/posts\/572","targetHints":{"allow":["GET"]}}],"collection":[{"href":"https:\/\/magdalenagrande.com\/blog\/wp-json\/wp\/v2\/posts"}],"about":[{"href":"https:\/\/magdalenagrande.com\/blog\/wp-json\/wp\/v2\/types\/post"}],"author":[{"embeddable":true,"href":"https:\/\/magdalenagrande.com\/blog\/wp-json\/wp\/v2\/users\/1"}],"replies":[{"embeddable":true,"href":"https:\/\/magdalenagrande.com\/blog\/wp-json\/wp\/v2\/comments?post=572"}],"version-history":[{"count":1,"href":"https:\/\/magdalenagrande.com\/blog\/wp-json\/wp\/v2\/posts\/572\/revisions"}],"predecessor-version":[{"id":573,"href":"https:\/\/magdalenagrande.com\/blog\/wp-json\/wp\/v2\/posts\/572\/revisions\/573"}],"wp:attachment":[{"href":"https:\/\/magdalenagrande.com\/blog\/wp-json\/wp\/v2\/media?parent=572"}],"wp:term":[{"taxonomy":"category","embeddable":true,"href":"https:\/\/magdalenagrande.com\/blog\/wp-json\/wp\/v2\/categories?post=572"},{"taxonomy":"post_tag","embeddable":true,"href":"https:\/\/magdalenagrande.com\/blog\/wp-json\/wp\/v2\/tags?post=572"}],"curies":[{"name":"wp","href":"https:\/\/api.w.org\/{rel}","templated":true}]}}