{"id":581,"date":"2021-09-13T18:35:50","date_gmt":"2021-09-13T18:35:50","guid":{"rendered":"https:\/\/magdalenagrande.com\/blog\/?p=581"},"modified":"2021-09-13T18:36:02","modified_gmt":"2021-09-13T18:36:02","slug":"verguenza","status":"publish","type":"post","link":"https:\/\/magdalenagrande.com\/blog\/verguenza\/","title":{"rendered":"Verg\u00fcenza"},"content":{"rendered":"\n<p>Las \u00faltimas semanas he estado pensando mucho en lo que siento cuando pienso en mi infancia y adolescencia y se me repite un sentimiento recurrente de verg\u00fcenza.<\/p>\n\n\n\n<p>Es algo que no me gusta nada sentir, evidentemente, puesto que me obliga a invalidar esa parte de m\u00ed, que fui, que soy todav\u00eda, como si quisiera o pudiera renunciar a ella..<\/p>\n\n\n\n<p>Es una verg\u00fcenza de querer volverse invisible hasta desaparecer.<\/p>\n\n\n\n<p>Siento verg\u00fcenza por la ni\u00f1a que fui porque era inmadura, consentida y a veces narcisista. Siento verg\u00fcenza por la adolescente que fui porque era dram\u00e1tica y rid\u00edcula en el mismo nivel. Sentirlo as\u00ed me entristece y s\u00e9 que necesito que reconciliarme con todas mis yos.<\/p>\n\n\n\n<p>Trato de visualizarme y quererme. Trato de perdonarme. Me mando amor. Intento no justificarme ni encontrar excusas. Estoy trabajando en reconciliarme con mi ni\u00f1a interior y aquella adolescente asustada que no sab\u00eda c\u00f3mo vivir.<\/p>\n\n\n\n<p>Seguimos trabajando&#8230;<\/p>\n\n\n\n<p>\u00bfTe resulta familiar este sentimiento de verg\u00fcenza?<\/p>\n\n\n\n<p>#verg\u00fcenza #sensibilidadconsciente #altasensibilidad #PAS #cursoparapas #consultaonline #terapiaonline #magdalenagrande #cursoaltasensibilidad<\/p>\n\n\n\n<p>@personas_altamente_sensibles<\/p>\n\n\n\n<p>Www.magdalenagrande.com <\/p>\n\n\n\n<figure class=\"wp-block-image size-large\"><img loading=\"lazy\" decoding=\"async\" width=\"947\" height=\"1024\" src=\"https:\/\/magdalenagrande.com\/blog\/wp-content\/uploads\/2021\/09\/image_editor_output_image-272916939-1631558138270-947x1024.jpg\" alt=\"\" class=\"wp-image-580\" srcset=\"https:\/\/magdalenagrande.com\/blog\/wp-content\/uploads\/2021\/09\/image_editor_output_image-272916939-1631558138270-947x1024.jpg 947w, https:\/\/magdalenagrande.com\/blog\/wp-content\/uploads\/2021\/09\/image_editor_output_image-272916939-1631558138270-277x300.jpg 277w, https:\/\/magdalenagrande.com\/blog\/wp-content\/uploads\/2021\/09\/image_editor_output_image-272916939-1631558138270-768x831.jpg 768w, https:\/\/magdalenagrande.com\/blog\/wp-content\/uploads\/2021\/09\/image_editor_output_image-272916939-1631558138270.jpg 1080w\" sizes=\"auto, (max-width: 947px) 100vw, 947px\" \/><\/figure>\n","protected":false},"excerpt":{"rendered":"<p>Las \u00faltimas semanas he estado pensando mucho en lo que siento cuando pienso en mi infancia y adolescencia y se me repite un sentimiento recurrente de verg\u00fcenza. Es algo que no me gusta nada sentir, evidentemente, puesto que me obliga a invalidar esa parte de m\u00ed, que fui, que soy todav\u00eda, como si quisiera o [&hellip;]<\/p>\n","protected":false},"author":1,"featured_media":0,"comment_status":"closed","ping_status":"closed","sticky":false,"template":"","format":"standard","meta":{"sfsi_plus_gutenberg_text_before_share":"","sfsi_plus_gutenberg_show_text_before_share":"","sfsi_plus_gutenberg_icon_type":"","sfsi_plus_gutenberg_icon_alignemt":"","sfsi_plus_gutenburg_max_per_row":"","footnotes":""},"categories":[76],"tags":[],"class_list":["post-581","post","type-post","status-publish","format-standard","hentry","category-palabras-consciencia"],"yoast_head":"<!-- This site is optimized with the Yoast SEO plugin v17.0 - https:\/\/yoast.com\/wordpress\/plugins\/seo\/ -->\n<title>Verg\u00fcenza - Blog de Magdalena Grande<\/title>\n<meta name=\"robots\" content=\"index, follow, max-snippet:-1, max-image-preview:large, max-video-preview:-1\" \/>\n<link rel=\"canonical\" href=\"https:\/\/magdalenagrande.com\/blog\/verguenza\/\" \/>\n<meta property=\"og:locale\" content=\"es_ES\" \/>\n<meta property=\"og:type\" content=\"article\" \/>\n<meta property=\"og:title\" content=\"Verg\u00fcenza - Blog de Magdalena Grande\" \/>\n<meta property=\"og:description\" content=\"Las \u00faltimas semanas he estado pensando mucho en lo que siento cuando pienso en mi infancia y adolescencia y se me repite un sentimiento recurrente de verg\u00fcenza. Es algo que no me gusta nada sentir, evidentemente, puesto que me obliga a invalidar esa parte de m\u00ed, que fui, que soy todav\u00eda, como si quisiera o [&hellip;]\" \/>\n<meta property=\"og:url\" content=\"https:\/\/magdalenagrande.com\/blog\/verguenza\/\" \/>\n<meta property=\"og:site_name\" content=\"Blog de Magdalena Grande\" \/>\n<meta property=\"article:published_time\" content=\"2021-09-13T18:35:50+00:00\" \/>\n<meta property=\"article:modified_time\" content=\"2021-09-13T18:36:02+00:00\" \/>\n<meta property=\"og:image\" content=\"https:\/\/magdalenagrande.com\/blog\/wp-content\/uploads\/2021\/09\/image_editor_output_image-272916939-1631558138270-947x1024.jpg\" \/>\n<meta name=\"twitter:card\" content=\"summary\" \/>\n<meta name=\"twitter:label1\" content=\"Escrito por\" \/>\n\t<meta name=\"twitter:data1\" content=\"magdalena_grande\" \/>\n\t<meta name=\"twitter:label2\" content=\"Tiempo de lectura\" \/>\n\t<meta name=\"twitter:data2\" content=\"1 minuto\" \/>\n<script type=\"application\/ld+json\" class=\"yoast-schema-graph\">{\"@context\":\"https:\/\/schema.org\",\"@graph\":[{\"@type\":\"WebSite\",\"@id\":\"https:\/\/magdalenagrande.com\/blog\/#website\",\"url\":\"https:\/\/magdalenagrande.com\/blog\/\",\"name\":\"Blog de Magdalena Grande\",\"description\":\"Crecimiento personal, alta sensibilidad y educaci\\u00f3n emocional\",\"potentialAction\":[{\"@type\":\"SearchAction\",\"target\":{\"@type\":\"EntryPoint\",\"urlTemplate\":\"https:\/\/magdalenagrande.com\/blog\/?s={search_term_string}\"},\"query-input\":\"required name=search_term_string\"}],\"inLanguage\":\"es\"},{\"@type\":\"ImageObject\",\"@id\":\"https:\/\/magdalenagrande.com\/blog\/verguenza\/#primaryimage\",\"inLanguage\":\"es\",\"url\":\"https:\/\/magdalenagrande.com\/blog\/wp-content\/uploads\/2021\/09\/image_editor_output_image-272916939-1631558138270.jpg\",\"contentUrl\":\"https:\/\/magdalenagrande.com\/blog\/wp-content\/uploads\/2021\/09\/image_editor_output_image-272916939-1631558138270.jpg\",\"width\":1080,\"height\":1168},{\"@type\":\"WebPage\",\"@id\":\"https:\/\/magdalenagrande.com\/blog\/verguenza\/#webpage\",\"url\":\"https:\/\/magdalenagrande.com\/blog\/verguenza\/\",\"name\":\"Verg\\u00fcenza - Blog de Magdalena Grande\",\"isPartOf\":{\"@id\":\"https:\/\/magdalenagrande.com\/blog\/#website\"},\"primaryImageOfPage\":{\"@id\":\"https:\/\/magdalenagrande.com\/blog\/verguenza\/#primaryimage\"},\"datePublished\":\"2021-09-13T18:35:50+00:00\",\"dateModified\":\"2021-09-13T18:36:02+00:00\",\"author\":{\"@id\":\"https:\/\/magdalenagrande.com\/blog\/#\/schema\/person\/f8460fd9e22f0d0d09ef55ae7a4f6791\"},\"breadcrumb\":{\"@id\":\"https:\/\/magdalenagrande.com\/blog\/verguenza\/#breadcrumb\"},\"inLanguage\":\"es\",\"potentialAction\":[{\"@type\":\"ReadAction\",\"target\":[\"https:\/\/magdalenagrande.com\/blog\/verguenza\/\"]}]},{\"@type\":\"BreadcrumbList\",\"@id\":\"https:\/\/magdalenagrande.com\/blog\/verguenza\/#breadcrumb\",\"itemListElement\":[{\"@type\":\"ListItem\",\"position\":1,\"name\":\"Portada\",\"item\":\"https:\/\/magdalenagrande.com\/blog\/\"},{\"@type\":\"ListItem\",\"position\":2,\"name\":\"Verg\\u00fcenza\"}]},{\"@type\":\"Person\",\"@id\":\"https:\/\/magdalenagrande.com\/blog\/#\/schema\/person\/f8460fd9e22f0d0d09ef55ae7a4f6791\",\"name\":\"magdalena_grande\"}]}<\/script>\n<!-- \/ Yoast SEO plugin. -->","yoast_head_json":{"title":"Verg\u00fcenza - Blog de Magdalena Grande","robots":{"index":"index","follow":"follow","max-snippet":"max-snippet:-1","max-image-preview":"max-image-preview:large","max-video-preview":"max-video-preview:-1"},"canonical":"https:\/\/magdalenagrande.com\/blog\/verguenza\/","og_locale":"es_ES","og_type":"article","og_title":"Verg\u00fcenza - Blog de Magdalena Grande","og_description":"Las \u00faltimas semanas he estado pensando mucho en lo que siento cuando pienso en mi infancia y adolescencia y se me repite un sentimiento recurrente de verg\u00fcenza. Es algo que no me gusta nada sentir, evidentemente, puesto que me obliga a invalidar esa parte de m\u00ed, que fui, que soy todav\u00eda, como si quisiera o [&hellip;]","og_url":"https:\/\/magdalenagrande.com\/blog\/verguenza\/","og_site_name":"Blog de Magdalena Grande","article_published_time":"2021-09-13T18:35:50+00:00","article_modified_time":"2021-09-13T18:36:02+00:00","og_image":[{"url":"https:\/\/magdalenagrande.com\/blog\/wp-content\/uploads\/2021\/09\/image_editor_output_image-272916939-1631558138270-947x1024.jpg"}],"twitter_card":"summary","twitter_misc":{"Escrito por":"magdalena_grande","Tiempo de lectura":"1 minuto"},"schema":{"@context":"https:\/\/schema.org","@graph":[{"@type":"WebSite","@id":"https:\/\/magdalenagrande.com\/blog\/#website","url":"https:\/\/magdalenagrande.com\/blog\/","name":"Blog de Magdalena Grande","description":"Crecimiento personal, alta sensibilidad y educaci\u00f3n emocional","potentialAction":[{"@type":"SearchAction","target":{"@type":"EntryPoint","urlTemplate":"https:\/\/magdalenagrande.com\/blog\/?s={search_term_string}"},"query-input":"required name=search_term_string"}],"inLanguage":"es"},{"@type":"ImageObject","@id":"https:\/\/magdalenagrande.com\/blog\/verguenza\/#primaryimage","inLanguage":"es","url":"https:\/\/magdalenagrande.com\/blog\/wp-content\/uploads\/2021\/09\/image_editor_output_image-272916939-1631558138270.jpg","contentUrl":"https:\/\/magdalenagrande.com\/blog\/wp-content\/uploads\/2021\/09\/image_editor_output_image-272916939-1631558138270.jpg","width":1080,"height":1168},{"@type":"WebPage","@id":"https:\/\/magdalenagrande.com\/blog\/verguenza\/#webpage","url":"https:\/\/magdalenagrande.com\/blog\/verguenza\/","name":"Verg\u00fcenza - Blog de Magdalena Grande","isPartOf":{"@id":"https:\/\/magdalenagrande.com\/blog\/#website"},"primaryImageOfPage":{"@id":"https:\/\/magdalenagrande.com\/blog\/verguenza\/#primaryimage"},"datePublished":"2021-09-13T18:35:50+00:00","dateModified":"2021-09-13T18:36:02+00:00","author":{"@id":"https:\/\/magdalenagrande.com\/blog\/#\/schema\/person\/f8460fd9e22f0d0d09ef55ae7a4f6791"},"breadcrumb":{"@id":"https:\/\/magdalenagrande.com\/blog\/verguenza\/#breadcrumb"},"inLanguage":"es","potentialAction":[{"@type":"ReadAction","target":["https:\/\/magdalenagrande.com\/blog\/verguenza\/"]}]},{"@type":"BreadcrumbList","@id":"https:\/\/magdalenagrande.com\/blog\/verguenza\/#breadcrumb","itemListElement":[{"@type":"ListItem","position":1,"name":"Portada","item":"https:\/\/magdalenagrande.com\/blog\/"},{"@type":"ListItem","position":2,"name":"Verg\u00fcenza"}]},{"@type":"Person","@id":"https:\/\/magdalenagrande.com\/blog\/#\/schema\/person\/f8460fd9e22f0d0d09ef55ae7a4f6791","name":"magdalena_grande"}]}},"_links":{"self":[{"href":"https:\/\/magdalenagrande.com\/blog\/wp-json\/wp\/v2\/posts\/581","targetHints":{"allow":["GET"]}}],"collection":[{"href":"https:\/\/magdalenagrande.com\/blog\/wp-json\/wp\/v2\/posts"}],"about":[{"href":"https:\/\/magdalenagrande.com\/blog\/wp-json\/wp\/v2\/types\/post"}],"author":[{"embeddable":true,"href":"https:\/\/magdalenagrande.com\/blog\/wp-json\/wp\/v2\/users\/1"}],"replies":[{"embeddable":true,"href":"https:\/\/magdalenagrande.com\/blog\/wp-json\/wp\/v2\/comments?post=581"}],"version-history":[{"count":1,"href":"https:\/\/magdalenagrande.com\/blog\/wp-json\/wp\/v2\/posts\/581\/revisions"}],"predecessor-version":[{"id":582,"href":"https:\/\/magdalenagrande.com\/blog\/wp-json\/wp\/v2\/posts\/581\/revisions\/582"}],"wp:attachment":[{"href":"https:\/\/magdalenagrande.com\/blog\/wp-json\/wp\/v2\/media?parent=581"}],"wp:term":[{"taxonomy":"category","embeddable":true,"href":"https:\/\/magdalenagrande.com\/blog\/wp-json\/wp\/v2\/categories?post=581"},{"taxonomy":"post_tag","embeddable":true,"href":"https:\/\/magdalenagrande.com\/blog\/wp-json\/wp\/v2\/tags?post=581"}],"curies":[{"name":"wp","href":"https:\/\/api.w.org\/{rel}","templated":true}]}}