{"id":585,"date":"2021-09-13T18:37:34","date_gmt":"2021-09-13T18:37:34","guid":{"rendered":"https:\/\/magdalenagrande.com\/blog\/?p=585"},"modified":"2021-09-13T18:37:41","modified_gmt":"2021-09-13T18:37:41","slug":"vacio","status":"publish","type":"post","link":"https:\/\/magdalenagrande.com\/blog\/vacio\/","title":{"rendered":"Vac\u00edo"},"content":{"rendered":"\n<p>Julia es una ni\u00f1a con una vida feliz hasta que un d\u00eda descubre que tiene un vac\u00edo interior.<\/p>\n\n\n\n<p>Este cuento ilustrado de Anna Llenas relata su aventura de autoconocimiento respecto a ese vac\u00edo y tratar de ense\u00f1arnos que lo m\u00e1s importante es, siempre, mirar dentro.<\/p>\n\n\n\n<p>Es adecuado tanto para ni\u00f1os y maravilloso para adultos que sepan apreciar la ilustraci\u00f3n.<\/p>\n\n\n\n<p>Anna Llenas se hizo infinitamente famosa con el libro &#8216;El monstruo de colores&#8217; pero tiene otras preciosidades que iremos viendo.<\/p>\n\n\n\n<p>\u00a1Espero que lo disfrut\u00e9is!<\/p>\n\n\n\n<p>#annallenas #vac\u00edo #cuentosilustrados #altasensibilidad #PAS #sensibilidadconsciente @annallenas #bibliotecasensible #librosparapas #librosparanopas #consultaonline #terapiaonline #magdalenagrande #cursoaltasensibilidad #cursoparapas<\/p>\n\n\n\n<p>@personas_altamente_sensibles<\/p>\n\n\n\n<p>Www.magdalenagrande.com <\/p>\n\n\n\n<figure class=\"wp-block-image size-large\"><img loading=\"lazy\" decoding=\"async\" width=\"893\" height=\"1024\" src=\"https:\/\/magdalenagrande.com\/blog\/wp-content\/uploads\/2021\/09\/image_editor_output_image528332707-1631558232933-893x1024.jpg\" alt=\"\" class=\"wp-image-583\" srcset=\"https:\/\/magdalenagrande.com\/blog\/wp-content\/uploads\/2021\/09\/image_editor_output_image528332707-1631558232933-893x1024.jpg 893w, https:\/\/magdalenagrande.com\/blog\/wp-content\/uploads\/2021\/09\/image_editor_output_image528332707-1631558232933-262x300.jpg 262w, https:\/\/magdalenagrande.com\/blog\/wp-content\/uploads\/2021\/09\/image_editor_output_image528332707-1631558232933-768x881.jpg 768w, https:\/\/magdalenagrande.com\/blog\/wp-content\/uploads\/2021\/09\/image_editor_output_image528332707-1631558232933.jpg 1080w\" sizes=\"auto, (max-width: 893px) 100vw, 893px\" \/><\/figure>\n\n\n\n<figure class=\"wp-block-image\"><img loading=\"lazy\" decoding=\"async\" width=\"1080\" height=\"1249\" src=\"https:\/\/magdalenagrande.com\/blog\/wp-content\/uploads\/2021\/09\/image_editor_output_image1170618618-1631558242939.jpg\" alt=\"\" class=\"wp-image-584\" srcset=\"https:\/\/magdalenagrande.com\/blog\/wp-content\/uploads\/2021\/09\/image_editor_output_image1170618618-1631558242939.jpg 1080w, https:\/\/magdalenagrande.com\/blog\/wp-content\/uploads\/2021\/09\/image_editor_output_image1170618618-1631558242939-259x300.jpg 259w, https:\/\/magdalenagrande.com\/blog\/wp-content\/uploads\/2021\/09\/image_editor_output_image1170618618-1631558242939-885x1024.jpg 885w, https:\/\/magdalenagrande.com\/blog\/wp-content\/uploads\/2021\/09\/image_editor_output_image1170618618-1631558242939-768x888.jpg 768w\" sizes=\"auto, (max-width: 1080px) 100vw, 1080px\" \/><\/figure>\n","protected":false},"excerpt":{"rendered":"<p>Julia es una ni\u00f1a con una vida feliz hasta que un d\u00eda descubre que tiene un vac\u00edo interior. Este cuento ilustrado de Anna Llenas relata su aventura de autoconocimiento respecto a ese vac\u00edo y tratar de ense\u00f1arnos que lo m\u00e1s importante es, siempre, mirar dentro. Es adecuado tanto para ni\u00f1os y maravilloso para adultos que [&hellip;]<\/p>\n","protected":false},"author":1,"featured_media":0,"comment_status":"closed","ping_status":"closed","sticky":false,"template":"","format":"standard","meta":{"sfsi_plus_gutenberg_text_before_share":"","sfsi_plus_gutenberg_show_text_before_share":"","sfsi_plus_gutenberg_icon_type":"","sfsi_plus_gutenberg_icon_alignemt":"","sfsi_plus_gutenburg_max_per_row":"","footnotes":""},"categories":[81],"tags":[],"class_list":["post-585","post","type-post","status-publish","format-standard","hentry","category-libros-pas"],"yoast_head":"<!-- This site is optimized with the Yoast SEO plugin v17.0 - https:\/\/yoast.com\/wordpress\/plugins\/seo\/ -->\n<title>Vac\u00edo - Blog de Magdalena Grande<\/title>\n<meta name=\"robots\" content=\"index, follow, max-snippet:-1, max-image-preview:large, max-video-preview:-1\" \/>\n<link rel=\"canonical\" href=\"https:\/\/magdalenagrande.com\/blog\/vacio\/\" \/>\n<meta property=\"og:locale\" content=\"es_ES\" \/>\n<meta property=\"og:type\" content=\"article\" \/>\n<meta property=\"og:title\" content=\"Vac\u00edo - Blog de Magdalena Grande\" \/>\n<meta property=\"og:description\" content=\"Julia es una ni\u00f1a con una vida feliz hasta que un d\u00eda descubre que tiene un vac\u00edo interior. Este cuento ilustrado de Anna Llenas relata su aventura de autoconocimiento respecto a ese vac\u00edo y tratar de ense\u00f1arnos que lo m\u00e1s importante es, siempre, mirar dentro. Es adecuado tanto para ni\u00f1os y maravilloso para adultos que [&hellip;]\" \/>\n<meta property=\"og:url\" content=\"https:\/\/magdalenagrande.com\/blog\/vacio\/\" \/>\n<meta property=\"og:site_name\" content=\"Blog de Magdalena Grande\" \/>\n<meta property=\"article:published_time\" content=\"2021-09-13T18:37:34+00:00\" \/>\n<meta property=\"article:modified_time\" content=\"2021-09-13T18:37:41+00:00\" \/>\n<meta property=\"og:image\" content=\"https:\/\/magdalenagrande.com\/blog\/wp-content\/uploads\/2021\/09\/image_editor_output_image528332707-1631558232933-893x1024.jpg\" \/>\n<meta name=\"twitter:card\" content=\"summary\" \/>\n<meta name=\"twitter:label1\" content=\"Escrito por\" \/>\n\t<meta name=\"twitter:data1\" content=\"magdalena_grande\" \/>\n\t<meta name=\"twitter:label2\" content=\"Tiempo de lectura\" \/>\n\t<meta name=\"twitter:data2\" content=\"1 minuto\" \/>\n<script type=\"application\/ld+json\" class=\"yoast-schema-graph\">{\"@context\":\"https:\/\/schema.org\",\"@graph\":[{\"@type\":\"WebSite\",\"@id\":\"https:\/\/magdalenagrande.com\/blog\/#website\",\"url\":\"https:\/\/magdalenagrande.com\/blog\/\",\"name\":\"Blog de Magdalena Grande\",\"description\":\"Crecimiento personal, alta sensibilidad y educaci\\u00f3n emocional\",\"potentialAction\":[{\"@type\":\"SearchAction\",\"target\":{\"@type\":\"EntryPoint\",\"urlTemplate\":\"https:\/\/magdalenagrande.com\/blog\/?s={search_term_string}\"},\"query-input\":\"required name=search_term_string\"}],\"inLanguage\":\"es\"},{\"@type\":\"ImageObject\",\"@id\":\"https:\/\/magdalenagrande.com\/blog\/vacio\/#primaryimage\",\"inLanguage\":\"es\",\"url\":\"https:\/\/magdalenagrande.com\/blog\/wp-content\/uploads\/2021\/09\/image_editor_output_image528332707-1631558232933.jpg\",\"contentUrl\":\"https:\/\/magdalenagrande.com\/blog\/wp-content\/uploads\/2021\/09\/image_editor_output_image528332707-1631558232933.jpg\",\"width\":1080,\"height\":1239},{\"@type\":\"WebPage\",\"@id\":\"https:\/\/magdalenagrande.com\/blog\/vacio\/#webpage\",\"url\":\"https:\/\/magdalenagrande.com\/blog\/vacio\/\",\"name\":\"Vac\\u00edo - Blog de Magdalena Grande\",\"isPartOf\":{\"@id\":\"https:\/\/magdalenagrande.com\/blog\/#website\"},\"primaryImageOfPage\":{\"@id\":\"https:\/\/magdalenagrande.com\/blog\/vacio\/#primaryimage\"},\"datePublished\":\"2021-09-13T18:37:34+00:00\",\"dateModified\":\"2021-09-13T18:37:41+00:00\",\"author\":{\"@id\":\"https:\/\/magdalenagrande.com\/blog\/#\/schema\/person\/f8460fd9e22f0d0d09ef55ae7a4f6791\"},\"breadcrumb\":{\"@id\":\"https:\/\/magdalenagrande.com\/blog\/vacio\/#breadcrumb\"},\"inLanguage\":\"es\",\"potentialAction\":[{\"@type\":\"ReadAction\",\"target\":[\"https:\/\/magdalenagrande.com\/blog\/vacio\/\"]}]},{\"@type\":\"BreadcrumbList\",\"@id\":\"https:\/\/magdalenagrande.com\/blog\/vacio\/#breadcrumb\",\"itemListElement\":[{\"@type\":\"ListItem\",\"position\":1,\"name\":\"Portada\",\"item\":\"https:\/\/magdalenagrande.com\/blog\/\"},{\"@type\":\"ListItem\",\"position\":2,\"name\":\"Vac\\u00edo\"}]},{\"@type\":\"Person\",\"@id\":\"https:\/\/magdalenagrande.com\/blog\/#\/schema\/person\/f8460fd9e22f0d0d09ef55ae7a4f6791\",\"name\":\"magdalena_grande\"}]}<\/script>\n<!-- \/ Yoast SEO plugin. -->","yoast_head_json":{"title":"Vac\u00edo - Blog de Magdalena Grande","robots":{"index":"index","follow":"follow","max-snippet":"max-snippet:-1","max-image-preview":"max-image-preview:large","max-video-preview":"max-video-preview:-1"},"canonical":"https:\/\/magdalenagrande.com\/blog\/vacio\/","og_locale":"es_ES","og_type":"article","og_title":"Vac\u00edo - Blog de Magdalena Grande","og_description":"Julia es una ni\u00f1a con una vida feliz hasta que un d\u00eda descubre que tiene un vac\u00edo interior. Este cuento ilustrado de Anna Llenas relata su aventura de autoconocimiento respecto a ese vac\u00edo y tratar de ense\u00f1arnos que lo m\u00e1s importante es, siempre, mirar dentro. Es adecuado tanto para ni\u00f1os y maravilloso para adultos que [&hellip;]","og_url":"https:\/\/magdalenagrande.com\/blog\/vacio\/","og_site_name":"Blog de Magdalena Grande","article_published_time":"2021-09-13T18:37:34+00:00","article_modified_time":"2021-09-13T18:37:41+00:00","og_image":[{"url":"https:\/\/magdalenagrande.com\/blog\/wp-content\/uploads\/2021\/09\/image_editor_output_image528332707-1631558232933-893x1024.jpg"}],"twitter_card":"summary","twitter_misc":{"Escrito por":"magdalena_grande","Tiempo de lectura":"1 minuto"},"schema":{"@context":"https:\/\/schema.org","@graph":[{"@type":"WebSite","@id":"https:\/\/magdalenagrande.com\/blog\/#website","url":"https:\/\/magdalenagrande.com\/blog\/","name":"Blog de Magdalena Grande","description":"Crecimiento personal, alta sensibilidad y educaci\u00f3n emocional","potentialAction":[{"@type":"SearchAction","target":{"@type":"EntryPoint","urlTemplate":"https:\/\/magdalenagrande.com\/blog\/?s={search_term_string}"},"query-input":"required name=search_term_string"}],"inLanguage":"es"},{"@type":"ImageObject","@id":"https:\/\/magdalenagrande.com\/blog\/vacio\/#primaryimage","inLanguage":"es","url":"https:\/\/magdalenagrande.com\/blog\/wp-content\/uploads\/2021\/09\/image_editor_output_image528332707-1631558232933.jpg","contentUrl":"https:\/\/magdalenagrande.com\/blog\/wp-content\/uploads\/2021\/09\/image_editor_output_image528332707-1631558232933.jpg","width":1080,"height":1239},{"@type":"WebPage","@id":"https:\/\/magdalenagrande.com\/blog\/vacio\/#webpage","url":"https:\/\/magdalenagrande.com\/blog\/vacio\/","name":"Vac\u00edo - Blog de Magdalena Grande","isPartOf":{"@id":"https:\/\/magdalenagrande.com\/blog\/#website"},"primaryImageOfPage":{"@id":"https:\/\/magdalenagrande.com\/blog\/vacio\/#primaryimage"},"datePublished":"2021-09-13T18:37:34+00:00","dateModified":"2021-09-13T18:37:41+00:00","author":{"@id":"https:\/\/magdalenagrande.com\/blog\/#\/schema\/person\/f8460fd9e22f0d0d09ef55ae7a4f6791"},"breadcrumb":{"@id":"https:\/\/magdalenagrande.com\/blog\/vacio\/#breadcrumb"},"inLanguage":"es","potentialAction":[{"@type":"ReadAction","target":["https:\/\/magdalenagrande.com\/blog\/vacio\/"]}]},{"@type":"BreadcrumbList","@id":"https:\/\/magdalenagrande.com\/blog\/vacio\/#breadcrumb","itemListElement":[{"@type":"ListItem","position":1,"name":"Portada","item":"https:\/\/magdalenagrande.com\/blog\/"},{"@type":"ListItem","position":2,"name":"Vac\u00edo"}]},{"@type":"Person","@id":"https:\/\/magdalenagrande.com\/blog\/#\/schema\/person\/f8460fd9e22f0d0d09ef55ae7a4f6791","name":"magdalena_grande"}]}},"_links":{"self":[{"href":"https:\/\/magdalenagrande.com\/blog\/wp-json\/wp\/v2\/posts\/585","targetHints":{"allow":["GET"]}}],"collection":[{"href":"https:\/\/magdalenagrande.com\/blog\/wp-json\/wp\/v2\/posts"}],"about":[{"href":"https:\/\/magdalenagrande.com\/blog\/wp-json\/wp\/v2\/types\/post"}],"author":[{"embeddable":true,"href":"https:\/\/magdalenagrande.com\/blog\/wp-json\/wp\/v2\/users\/1"}],"replies":[{"embeddable":true,"href":"https:\/\/magdalenagrande.com\/blog\/wp-json\/wp\/v2\/comments?post=585"}],"version-history":[{"count":1,"href":"https:\/\/magdalenagrande.com\/blog\/wp-json\/wp\/v2\/posts\/585\/revisions"}],"predecessor-version":[{"id":586,"href":"https:\/\/magdalenagrande.com\/blog\/wp-json\/wp\/v2\/posts\/585\/revisions\/586"}],"wp:attachment":[{"href":"https:\/\/magdalenagrande.com\/blog\/wp-json\/wp\/v2\/media?parent=585"}],"wp:term":[{"taxonomy":"category","embeddable":true,"href":"https:\/\/magdalenagrande.com\/blog\/wp-json\/wp\/v2\/categories?post=585"},{"taxonomy":"post_tag","embeddable":true,"href":"https:\/\/magdalenagrande.com\/blog\/wp-json\/wp\/v2\/tags?post=585"}],"curies":[{"name":"wp","href":"https:\/\/api.w.org\/{rel}","templated":true}]}}