{"id":588,"date":"2021-09-13T18:38:57","date_gmt":"2021-09-13T18:38:57","guid":{"rendered":"https:\/\/magdalenagrande.com\/blog\/?p=588"},"modified":"2021-09-13T18:39:08","modified_gmt":"2021-09-13T18:39:08","slug":"deja-que-el-mundo-vea-quien-eres","status":"publish","type":"post","link":"https:\/\/magdalenagrande.com\/blog\/deja-que-el-mundo-vea-quien-eres\/","title":{"rendered":"Deja que el mundo vea qui\u00e9n eres"},"content":{"rendered":"\n<p>Deja que el mundo vea qui\u00e9n eres<\/p>\n\n\n\n<p>T\u00fa.<\/p>\n\n\n\n<p>S\u00ed, s\u00ed.<\/p>\n\n\n\n<p>T\u00fa.<\/p>\n\n\n\n<p>Que te escondes por la vida.<\/p>\n\n\n\n<p>Que vas con miedo o verg\u00fcenza, como si eso pudiera servir de algo.<\/p>\n\n\n\n<p>Atr\u00e9vete a mostrarte y ver\u00e1s qu\u00e9 sucede.<\/p>\n\n\n\n<p>Cuando eres capaz de dejarte ver y superas las man\u00edas y las barreras.<\/p>\n\n\n\n<p>Cuando creces, quiz\u00e1 cuando pasan los a\u00f1os y todo empieza a darte un poco m\u00e1s igual.<\/p>\n\n\n\n<p>El mundo se abre a ti y te ve y te reconoce.<\/p>\n\n\n\n<p>De repente, te sientes m\u00e1s libre para ser t\u00fa mismo.<\/p>\n\n\n\n<p>\u00bfQuieres ser verdaderamente libre?<\/p>\n\n\n\n<p>\u00c1brete al mundo.<\/p>\n\n\n\n<p>#altasensibilidad #personasaltamentesensibles #sensibilidadconsciente #PAS #\u00e1bretealmundo #elmundoteespera #consultaonline #terapiaonline #magdalenagrande #cursoaltasensibilidad #cursoparapas<\/p>\n\n\n\n<p>@personas_altamente_sensibles<\/p>\n\n\n\n<p>Www.magdalenagrande.com <\/p>\n\n\n\n<figure class=\"wp-block-image size-large\"><img loading=\"lazy\" decoding=\"async\" width=\"911\" height=\"1024\" src=\"https:\/\/magdalenagrande.com\/blog\/wp-content\/uploads\/2021\/09\/image_editor_output_image-759125793-1631558328572-911x1024.jpg\" alt=\"\" class=\"wp-image-587\" srcset=\"https:\/\/magdalenagrande.com\/blog\/wp-content\/uploads\/2021\/09\/image_editor_output_image-759125793-1631558328572-911x1024.jpg 911w, https:\/\/magdalenagrande.com\/blog\/wp-content\/uploads\/2021\/09\/image_editor_output_image-759125793-1631558328572-267x300.jpg 267w, https:\/\/magdalenagrande.com\/blog\/wp-content\/uploads\/2021\/09\/image_editor_output_image-759125793-1631558328572-768x863.jpg 768w, https:\/\/magdalenagrande.com\/blog\/wp-content\/uploads\/2021\/09\/image_editor_output_image-759125793-1631558328572.jpg 1080w\" sizes=\"auto, (max-width: 911px) 100vw, 911px\" \/><\/figure>\n","protected":false},"excerpt":{"rendered":"<p>Deja que el mundo vea qui\u00e9n eres T\u00fa. S\u00ed, s\u00ed. T\u00fa. Que te escondes por la vida. Que vas con miedo o verg\u00fcenza, como si eso pudiera servir de algo. Atr\u00e9vete a mostrarte y ver\u00e1s qu\u00e9 sucede. Cuando eres capaz de dejarte ver y superas las man\u00edas y las barreras. Cuando creces, quiz\u00e1 cuando pasan [&hellip;]<\/p>\n","protected":false},"author":1,"featured_media":0,"comment_status":"closed","ping_status":"closed","sticky":false,"template":"","format":"standard","meta":{"sfsi_plus_gutenberg_text_before_share":"","sfsi_plus_gutenberg_show_text_before_share":"","sfsi_plus_gutenberg_icon_type":"","sfsi_plus_gutenberg_icon_alignemt":"","sfsi_plus_gutenburg_max_per_row":"","footnotes":""},"categories":[28,72],"tags":[],"class_list":["post-588","post","type-post","status-publish","format-standard","hentry","category-autocompasion","category-crecimiento-personal"],"yoast_head":"<!-- This site is optimized with the Yoast SEO plugin v17.0 - https:\/\/yoast.com\/wordpress\/plugins\/seo\/ -->\n<title>Deja que el mundo vea qui\u00e9n eres - Blog de Magdalena Grande<\/title>\n<meta name=\"robots\" content=\"index, follow, max-snippet:-1, max-image-preview:large, max-video-preview:-1\" \/>\n<link rel=\"canonical\" href=\"https:\/\/magdalenagrande.com\/blog\/deja-que-el-mundo-vea-quien-eres\/\" \/>\n<meta property=\"og:locale\" content=\"es_ES\" \/>\n<meta property=\"og:type\" content=\"article\" \/>\n<meta property=\"og:title\" content=\"Deja que el mundo vea qui\u00e9n eres - Blog de Magdalena Grande\" \/>\n<meta property=\"og:description\" content=\"Deja que el mundo vea qui\u00e9n eres T\u00fa. S\u00ed, s\u00ed. T\u00fa. Que te escondes por la vida. Que vas con miedo o verg\u00fcenza, como si eso pudiera servir de algo. Atr\u00e9vete a mostrarte y ver\u00e1s qu\u00e9 sucede. Cuando eres capaz de dejarte ver y superas las man\u00edas y las barreras. Cuando creces, quiz\u00e1 cuando pasan [&hellip;]\" \/>\n<meta property=\"og:url\" content=\"https:\/\/magdalenagrande.com\/blog\/deja-que-el-mundo-vea-quien-eres\/\" \/>\n<meta property=\"og:site_name\" content=\"Blog de Magdalena Grande\" \/>\n<meta property=\"article:published_time\" content=\"2021-09-13T18:38:57+00:00\" \/>\n<meta property=\"article:modified_time\" content=\"2021-09-13T18:39:08+00:00\" \/>\n<meta property=\"og:image\" content=\"https:\/\/magdalenagrande.com\/blog\/wp-content\/uploads\/2021\/09\/image_editor_output_image-759125793-1631558328572-911x1024.jpg\" \/>\n<meta name=\"twitter:card\" content=\"summary\" \/>\n<meta name=\"twitter:label1\" content=\"Escrito por\" \/>\n\t<meta name=\"twitter:data1\" content=\"magdalena_grande\" \/>\n\t<meta name=\"twitter:label2\" content=\"Tiempo de lectura\" \/>\n\t<meta name=\"twitter:data2\" content=\"1 minuto\" \/>\n<script type=\"application\/ld+json\" class=\"yoast-schema-graph\">{\"@context\":\"https:\/\/schema.org\",\"@graph\":[{\"@type\":\"WebSite\",\"@id\":\"https:\/\/magdalenagrande.com\/blog\/#website\",\"url\":\"https:\/\/magdalenagrande.com\/blog\/\",\"name\":\"Blog de Magdalena Grande\",\"description\":\"Crecimiento personal, alta sensibilidad y educaci\\u00f3n emocional\",\"potentialAction\":[{\"@type\":\"SearchAction\",\"target\":{\"@type\":\"EntryPoint\",\"urlTemplate\":\"https:\/\/magdalenagrande.com\/blog\/?s={search_term_string}\"},\"query-input\":\"required name=search_term_string\"}],\"inLanguage\":\"es\"},{\"@type\":\"ImageObject\",\"@id\":\"https:\/\/magdalenagrande.com\/blog\/deja-que-el-mundo-vea-quien-eres\/#primaryimage\",\"inLanguage\":\"es\",\"url\":\"https:\/\/magdalenagrande.com\/blog\/wp-content\/uploads\/2021\/09\/image_editor_output_image-759125793-1631558328572.jpg\",\"contentUrl\":\"https:\/\/magdalenagrande.com\/blog\/wp-content\/uploads\/2021\/09\/image_editor_output_image-759125793-1631558328572.jpg\",\"width\":1080,\"height\":1214},{\"@type\":\"WebPage\",\"@id\":\"https:\/\/magdalenagrande.com\/blog\/deja-que-el-mundo-vea-quien-eres\/#webpage\",\"url\":\"https:\/\/magdalenagrande.com\/blog\/deja-que-el-mundo-vea-quien-eres\/\",\"name\":\"Deja que el mundo vea qui\\u00e9n eres - Blog de Magdalena Grande\",\"isPartOf\":{\"@id\":\"https:\/\/magdalenagrande.com\/blog\/#website\"},\"primaryImageOfPage\":{\"@id\":\"https:\/\/magdalenagrande.com\/blog\/deja-que-el-mundo-vea-quien-eres\/#primaryimage\"},\"datePublished\":\"2021-09-13T18:38:57+00:00\",\"dateModified\":\"2021-09-13T18:39:08+00:00\",\"author\":{\"@id\":\"https:\/\/magdalenagrande.com\/blog\/#\/schema\/person\/f8460fd9e22f0d0d09ef55ae7a4f6791\"},\"breadcrumb\":{\"@id\":\"https:\/\/magdalenagrande.com\/blog\/deja-que-el-mundo-vea-quien-eres\/#breadcrumb\"},\"inLanguage\":\"es\",\"potentialAction\":[{\"@type\":\"ReadAction\",\"target\":[\"https:\/\/magdalenagrande.com\/blog\/deja-que-el-mundo-vea-quien-eres\/\"]}]},{\"@type\":\"BreadcrumbList\",\"@id\":\"https:\/\/magdalenagrande.com\/blog\/deja-que-el-mundo-vea-quien-eres\/#breadcrumb\",\"itemListElement\":[{\"@type\":\"ListItem\",\"position\":1,\"name\":\"Portada\",\"item\":\"https:\/\/magdalenagrande.com\/blog\/\"},{\"@type\":\"ListItem\",\"position\":2,\"name\":\"Deja que el mundo vea qui\\u00e9n eres\"}]},{\"@type\":\"Person\",\"@id\":\"https:\/\/magdalenagrande.com\/blog\/#\/schema\/person\/f8460fd9e22f0d0d09ef55ae7a4f6791\",\"name\":\"magdalena_grande\"}]}<\/script>\n<!-- \/ Yoast SEO plugin. -->","yoast_head_json":{"title":"Deja que el mundo vea qui\u00e9n eres - Blog de Magdalena Grande","robots":{"index":"index","follow":"follow","max-snippet":"max-snippet:-1","max-image-preview":"max-image-preview:large","max-video-preview":"max-video-preview:-1"},"canonical":"https:\/\/magdalenagrande.com\/blog\/deja-que-el-mundo-vea-quien-eres\/","og_locale":"es_ES","og_type":"article","og_title":"Deja que el mundo vea qui\u00e9n eres - Blog de Magdalena Grande","og_description":"Deja que el mundo vea qui\u00e9n eres T\u00fa. S\u00ed, s\u00ed. T\u00fa. Que te escondes por la vida. Que vas con miedo o verg\u00fcenza, como si eso pudiera servir de algo. Atr\u00e9vete a mostrarte y ver\u00e1s qu\u00e9 sucede. Cuando eres capaz de dejarte ver y superas las man\u00edas y las barreras. Cuando creces, quiz\u00e1 cuando pasan [&hellip;]","og_url":"https:\/\/magdalenagrande.com\/blog\/deja-que-el-mundo-vea-quien-eres\/","og_site_name":"Blog de Magdalena Grande","article_published_time":"2021-09-13T18:38:57+00:00","article_modified_time":"2021-09-13T18:39:08+00:00","og_image":[{"url":"https:\/\/magdalenagrande.com\/blog\/wp-content\/uploads\/2021\/09\/image_editor_output_image-759125793-1631558328572-911x1024.jpg"}],"twitter_card":"summary","twitter_misc":{"Escrito por":"magdalena_grande","Tiempo de lectura":"1 minuto"},"schema":{"@context":"https:\/\/schema.org","@graph":[{"@type":"WebSite","@id":"https:\/\/magdalenagrande.com\/blog\/#website","url":"https:\/\/magdalenagrande.com\/blog\/","name":"Blog de Magdalena Grande","description":"Crecimiento personal, alta sensibilidad y educaci\u00f3n emocional","potentialAction":[{"@type":"SearchAction","target":{"@type":"EntryPoint","urlTemplate":"https:\/\/magdalenagrande.com\/blog\/?s={search_term_string}"},"query-input":"required name=search_term_string"}],"inLanguage":"es"},{"@type":"ImageObject","@id":"https:\/\/magdalenagrande.com\/blog\/deja-que-el-mundo-vea-quien-eres\/#primaryimage","inLanguage":"es","url":"https:\/\/magdalenagrande.com\/blog\/wp-content\/uploads\/2021\/09\/image_editor_output_image-759125793-1631558328572.jpg","contentUrl":"https:\/\/magdalenagrande.com\/blog\/wp-content\/uploads\/2021\/09\/image_editor_output_image-759125793-1631558328572.jpg","width":1080,"height":1214},{"@type":"WebPage","@id":"https:\/\/magdalenagrande.com\/blog\/deja-que-el-mundo-vea-quien-eres\/#webpage","url":"https:\/\/magdalenagrande.com\/blog\/deja-que-el-mundo-vea-quien-eres\/","name":"Deja que el mundo vea qui\u00e9n eres - Blog de Magdalena Grande","isPartOf":{"@id":"https:\/\/magdalenagrande.com\/blog\/#website"},"primaryImageOfPage":{"@id":"https:\/\/magdalenagrande.com\/blog\/deja-que-el-mundo-vea-quien-eres\/#primaryimage"},"datePublished":"2021-09-13T18:38:57+00:00","dateModified":"2021-09-13T18:39:08+00:00","author":{"@id":"https:\/\/magdalenagrande.com\/blog\/#\/schema\/person\/f8460fd9e22f0d0d09ef55ae7a4f6791"},"breadcrumb":{"@id":"https:\/\/magdalenagrande.com\/blog\/deja-que-el-mundo-vea-quien-eres\/#breadcrumb"},"inLanguage":"es","potentialAction":[{"@type":"ReadAction","target":["https:\/\/magdalenagrande.com\/blog\/deja-que-el-mundo-vea-quien-eres\/"]}]},{"@type":"BreadcrumbList","@id":"https:\/\/magdalenagrande.com\/blog\/deja-que-el-mundo-vea-quien-eres\/#breadcrumb","itemListElement":[{"@type":"ListItem","position":1,"name":"Portada","item":"https:\/\/magdalenagrande.com\/blog\/"},{"@type":"ListItem","position":2,"name":"Deja que el mundo vea qui\u00e9n eres"}]},{"@type":"Person","@id":"https:\/\/magdalenagrande.com\/blog\/#\/schema\/person\/f8460fd9e22f0d0d09ef55ae7a4f6791","name":"magdalena_grande"}]}},"_links":{"self":[{"href":"https:\/\/magdalenagrande.com\/blog\/wp-json\/wp\/v2\/posts\/588","targetHints":{"allow":["GET"]}}],"collection":[{"href":"https:\/\/magdalenagrande.com\/blog\/wp-json\/wp\/v2\/posts"}],"about":[{"href":"https:\/\/magdalenagrande.com\/blog\/wp-json\/wp\/v2\/types\/post"}],"author":[{"embeddable":true,"href":"https:\/\/magdalenagrande.com\/blog\/wp-json\/wp\/v2\/users\/1"}],"replies":[{"embeddable":true,"href":"https:\/\/magdalenagrande.com\/blog\/wp-json\/wp\/v2\/comments?post=588"}],"version-history":[{"count":1,"href":"https:\/\/magdalenagrande.com\/blog\/wp-json\/wp\/v2\/posts\/588\/revisions"}],"predecessor-version":[{"id":589,"href":"https:\/\/magdalenagrande.com\/blog\/wp-json\/wp\/v2\/posts\/588\/revisions\/589"}],"wp:attachment":[{"href":"https:\/\/magdalenagrande.com\/blog\/wp-json\/wp\/v2\/media?parent=588"}],"wp:term":[{"taxonomy":"category","embeddable":true,"href":"https:\/\/magdalenagrande.com\/blog\/wp-json\/wp\/v2\/categories?post=588"},{"taxonomy":"post_tag","embeddable":true,"href":"https:\/\/magdalenagrande.com\/blog\/wp-json\/wp\/v2\/tags?post=588"}],"curies":[{"name":"wp","href":"https:\/\/api.w.org\/{rel}","templated":true}]}}