{"id":594,"date":"2021-09-13T18:42:42","date_gmt":"2021-09-13T18:42:42","guid":{"rendered":"https:\/\/magdalenagrande.com\/blog\/?p=594"},"modified":"2021-09-13T18:42:49","modified_gmt":"2021-09-13T18:42:49","slug":"peter-pan-y-su-sombra","status":"publish","type":"post","link":"https:\/\/magdalenagrande.com\/blog\/peter-pan-y-su-sombra\/","title":{"rendered":"Peter Pan y su sombra"},"content":{"rendered":"\n<p>&#8216;La se\u00f1ora Darling grit\u00f3 y, como en respuesta a una llamada, se abri\u00f3 la puerta y entr\u00f3 Nana, que volv\u00eda de su tarde libre. Gru\u00f1\u00f3 y se lanz\u00f3 contra el ni\u00f1o, el cual salt\u00f3 \u00e1gilmente por la ventana. La se\u00f1ora Darling volvi\u00f3 a gritar, esta vez angustiada por \u00e9l, pues pens\u00f3 que se hab\u00eda matado y baj\u00f3 corriendo a la calle para buscar su cuerpecito, pero no estaba all\u00ed; levant\u00f3 la vista y no vio nada en la oscuridad de la noche, salvo algo que le pareci\u00f3 una estrella fugaz.<br \/>Regres\u00f3 al cuarto de los ni\u00f1os y se encontr\u00f3 con que Nana ten\u00eda una cosa en la boca, que result\u00f3 ser la sombra del chiquillo. Al saltar \u00e9ste por la ventana Nana la hab\u00eda cerrado r\u00e1pidamente, demasiado tarde para atraparlo, pero a su<br \/>sombra no le hab\u00eda dado tiempo de escapar: la ventana se cerr\u00f3 de golpe y la<br \/>arranc\u00f3.<\/p>\n\n\n\n<p>(&#8230;)<\/p>\n\n\n\n<p>&#8211; Vamos, sal de ese jarro y dime, \u00bfsabes d\u00f3nde han puesto mi sombra?<\/p>\n\n\n\n<p>Un tintineo maravilloso como de campanas doradas le contest\u00f3. Ese es el lenguaje de las hadas. Los ni\u00f1os normales no lo o\u00eds nunca, pero si lo pudierais o\u00edr os dar\u00edais cuenta de que ya lo hab\u00edais o\u00eddo en otra ocasi\u00f3n.<br \/>Campanilla dijo que la sombra estaba en la caja grande. Quer\u00eda decir la c\u00f3moda y Peter se lanz\u00f3 sobre los cajones, tirando lo que conten\u00edan al suelo con las dos manos, del mismo modo en que los reyes lanzan monedas a la muchedumbre. Al poco ya hab\u00eda recuperado su sombra y con el entusiasmo se olvid\u00f3 de que hab\u00eda dejado a Campanilla encerrada en el caj\u00f3n.<br \/>Lo \u00fanico que pensaba, aunque no creo que pensara jam\u00e1s, era que su sombra y \u00e9l, cuando se juntaran, se unir\u00edan como dos gotas de agua y cuando no fue as\u00ed se qued\u00f3 horrorizado. Intent\u00f3 peg\u00e1rsela con jab\u00f3n del cuarto de ba\u00f1o, pero eso tambi\u00e9n fall\u00f3. Un escalofr\u00edo recorri\u00f3 a Peter, que se sent\u00f3 en el suelo y se ech\u00f3 a llorar&#8217;.<\/p>\n\n\n\n<p>Peter Pan en los jardines de Kensington (James M. Barrie)<\/p>\n\n\n\n<p>#peterpan #altasensibilidad #personasaltamentesensibles #sensibilidadconsciente #PAS #cursoparapas #consultaonline #terapiaonline #magdalenagrande #cursoaltasensibilidad<\/p>\n\n\n\n<p>@personas_altamente_sensibles<\/p>\n\n\n\n<p>Www.magdalenagrande.com <\/p>\n\n\n\n<figure class=\"wp-block-image size-large\"><img loading=\"lazy\" decoding=\"async\" width=\"874\" height=\"1024\" src=\"https:\/\/magdalenagrande.com\/blog\/wp-content\/uploads\/2021\/09\/image_editor_output_image-1318330024-1631558553475-874x1024.jpg\" alt=\"\" class=\"wp-image-593\" srcset=\"https:\/\/magdalenagrande.com\/blog\/wp-content\/uploads\/2021\/09\/image_editor_output_image-1318330024-1631558553475-874x1024.jpg 874w, https:\/\/magdalenagrande.com\/blog\/wp-content\/uploads\/2021\/09\/image_editor_output_image-1318330024-1631558553475-256x300.jpg 256w, https:\/\/magdalenagrande.com\/blog\/wp-content\/uploads\/2021\/09\/image_editor_output_image-1318330024-1631558553475-768x899.jpg 768w, https:\/\/magdalenagrande.com\/blog\/wp-content\/uploads\/2021\/09\/image_editor_output_image-1318330024-1631558553475.jpg 1076w\" sizes=\"auto, (max-width: 874px) 100vw, 874px\" \/><\/figure>\n","protected":false},"excerpt":{"rendered":"<p>&#8216;La se\u00f1ora Darling grit\u00f3 y, como en respuesta a una llamada, se abri\u00f3 la puerta y entr\u00f3 Nana, que volv\u00eda de su tarde libre. Gru\u00f1\u00f3 y se lanz\u00f3 contra el ni\u00f1o, el cual salt\u00f3 \u00e1gilmente por la ventana. La se\u00f1ora Darling volvi\u00f3 a gritar, esta vez angustiada por \u00e9l, pues pens\u00f3 que se hab\u00eda matado [&hellip;]<\/p>\n","protected":false},"author":1,"featured_media":0,"comment_status":"closed","ping_status":"closed","sticky":false,"template":"","format":"standard","meta":{"sfsi_plus_gutenberg_text_before_share":"","sfsi_plus_gutenberg_show_text_before_share":"","sfsi_plus_gutenberg_icon_type":"","sfsi_plus_gutenberg_icon_alignemt":"","sfsi_plus_gutenburg_max_per_row":"","footnotes":""},"categories":[81],"tags":[],"class_list":["post-594","post","type-post","status-publish","format-standard","hentry","category-libros-pas"],"yoast_head":"<!-- This site is optimized with the Yoast SEO plugin v17.0 - https:\/\/yoast.com\/wordpress\/plugins\/seo\/ -->\n<title>Peter Pan y su sombra - Blog de Magdalena Grande<\/title>\n<meta name=\"robots\" content=\"index, follow, max-snippet:-1, max-image-preview:large, max-video-preview:-1\" \/>\n<link rel=\"canonical\" href=\"https:\/\/magdalenagrande.com\/blog\/peter-pan-y-su-sombra\/\" \/>\n<meta property=\"og:locale\" content=\"es_ES\" \/>\n<meta property=\"og:type\" content=\"article\" \/>\n<meta property=\"og:title\" content=\"Peter Pan y su sombra - Blog de Magdalena Grande\" \/>\n<meta property=\"og:description\" content=\"&#8216;La se\u00f1ora Darling grit\u00f3 y, como en respuesta a una llamada, se abri\u00f3 la puerta y entr\u00f3 Nana, que volv\u00eda de su tarde libre. Gru\u00f1\u00f3 y se lanz\u00f3 contra el ni\u00f1o, el cual salt\u00f3 \u00e1gilmente por la ventana. La se\u00f1ora Darling volvi\u00f3 a gritar, esta vez angustiada por \u00e9l, pues pens\u00f3 que se hab\u00eda matado [&hellip;]\" \/>\n<meta property=\"og:url\" content=\"https:\/\/magdalenagrande.com\/blog\/peter-pan-y-su-sombra\/\" \/>\n<meta property=\"og:site_name\" content=\"Blog de Magdalena Grande\" \/>\n<meta property=\"article:published_time\" content=\"2021-09-13T18:42:42+00:00\" \/>\n<meta property=\"article:modified_time\" content=\"2021-09-13T18:42:49+00:00\" \/>\n<meta property=\"og:image\" content=\"https:\/\/magdalenagrande.com\/blog\/wp-content\/uploads\/2021\/09\/image_editor_output_image-1318330024-1631558553475-874x1024.jpg\" \/>\n<meta name=\"twitter:card\" content=\"summary\" \/>\n<meta name=\"twitter:label1\" content=\"Escrito por\" \/>\n\t<meta name=\"twitter:data1\" content=\"magdalena_grande\" \/>\n\t<meta name=\"twitter:label2\" content=\"Tiempo de lectura\" \/>\n\t<meta name=\"twitter:data2\" content=\"2 minutos\" \/>\n<script type=\"application\/ld+json\" class=\"yoast-schema-graph\">{\"@context\":\"https:\/\/schema.org\",\"@graph\":[{\"@type\":\"WebSite\",\"@id\":\"https:\/\/magdalenagrande.com\/blog\/#website\",\"url\":\"https:\/\/magdalenagrande.com\/blog\/\",\"name\":\"Blog de Magdalena Grande\",\"description\":\"Crecimiento personal, alta sensibilidad y educaci\\u00f3n emocional\",\"potentialAction\":[{\"@type\":\"SearchAction\",\"target\":{\"@type\":\"EntryPoint\",\"urlTemplate\":\"https:\/\/magdalenagrande.com\/blog\/?s={search_term_string}\"},\"query-input\":\"required name=search_term_string\"}],\"inLanguage\":\"es\"},{\"@type\":\"ImageObject\",\"@id\":\"https:\/\/magdalenagrande.com\/blog\/peter-pan-y-su-sombra\/#primaryimage\",\"inLanguage\":\"es\",\"url\":\"https:\/\/magdalenagrande.com\/blog\/wp-content\/uploads\/2021\/09\/image_editor_output_image-1318330024-1631558553475.jpg\",\"contentUrl\":\"https:\/\/magdalenagrande.com\/blog\/wp-content\/uploads\/2021\/09\/image_editor_output_image-1318330024-1631558553475.jpg\",\"width\":1076,\"height\":1260},{\"@type\":\"WebPage\",\"@id\":\"https:\/\/magdalenagrande.com\/blog\/peter-pan-y-su-sombra\/#webpage\",\"url\":\"https:\/\/magdalenagrande.com\/blog\/peter-pan-y-su-sombra\/\",\"name\":\"Peter Pan y su sombra - Blog de Magdalena Grande\",\"isPartOf\":{\"@id\":\"https:\/\/magdalenagrande.com\/blog\/#website\"},\"primaryImageOfPage\":{\"@id\":\"https:\/\/magdalenagrande.com\/blog\/peter-pan-y-su-sombra\/#primaryimage\"},\"datePublished\":\"2021-09-13T18:42:42+00:00\",\"dateModified\":\"2021-09-13T18:42:49+00:00\",\"author\":{\"@id\":\"https:\/\/magdalenagrande.com\/blog\/#\/schema\/person\/f8460fd9e22f0d0d09ef55ae7a4f6791\"},\"breadcrumb\":{\"@id\":\"https:\/\/magdalenagrande.com\/blog\/peter-pan-y-su-sombra\/#breadcrumb\"},\"inLanguage\":\"es\",\"potentialAction\":[{\"@type\":\"ReadAction\",\"target\":[\"https:\/\/magdalenagrande.com\/blog\/peter-pan-y-su-sombra\/\"]}]},{\"@type\":\"BreadcrumbList\",\"@id\":\"https:\/\/magdalenagrande.com\/blog\/peter-pan-y-su-sombra\/#breadcrumb\",\"itemListElement\":[{\"@type\":\"ListItem\",\"position\":1,\"name\":\"Portada\",\"item\":\"https:\/\/magdalenagrande.com\/blog\/\"},{\"@type\":\"ListItem\",\"position\":2,\"name\":\"Peter Pan y su sombra\"}]},{\"@type\":\"Person\",\"@id\":\"https:\/\/magdalenagrande.com\/blog\/#\/schema\/person\/f8460fd9e22f0d0d09ef55ae7a4f6791\",\"name\":\"magdalena_grande\"}]}<\/script>\n<!-- \/ Yoast SEO plugin. -->","yoast_head_json":{"title":"Peter Pan y su sombra - Blog de Magdalena Grande","robots":{"index":"index","follow":"follow","max-snippet":"max-snippet:-1","max-image-preview":"max-image-preview:large","max-video-preview":"max-video-preview:-1"},"canonical":"https:\/\/magdalenagrande.com\/blog\/peter-pan-y-su-sombra\/","og_locale":"es_ES","og_type":"article","og_title":"Peter Pan y su sombra - Blog de Magdalena Grande","og_description":"&#8216;La se\u00f1ora Darling grit\u00f3 y, como en respuesta a una llamada, se abri\u00f3 la puerta y entr\u00f3 Nana, que volv\u00eda de su tarde libre. Gru\u00f1\u00f3 y se lanz\u00f3 contra el ni\u00f1o, el cual salt\u00f3 \u00e1gilmente por la ventana. La se\u00f1ora Darling volvi\u00f3 a gritar, esta vez angustiada por \u00e9l, pues pens\u00f3 que se hab\u00eda matado [&hellip;]","og_url":"https:\/\/magdalenagrande.com\/blog\/peter-pan-y-su-sombra\/","og_site_name":"Blog de Magdalena Grande","article_published_time":"2021-09-13T18:42:42+00:00","article_modified_time":"2021-09-13T18:42:49+00:00","og_image":[{"url":"https:\/\/magdalenagrande.com\/blog\/wp-content\/uploads\/2021\/09\/image_editor_output_image-1318330024-1631558553475-874x1024.jpg"}],"twitter_card":"summary","twitter_misc":{"Escrito por":"magdalena_grande","Tiempo de lectura":"2 minutos"},"schema":{"@context":"https:\/\/schema.org","@graph":[{"@type":"WebSite","@id":"https:\/\/magdalenagrande.com\/blog\/#website","url":"https:\/\/magdalenagrande.com\/blog\/","name":"Blog de Magdalena Grande","description":"Crecimiento personal, alta sensibilidad y educaci\u00f3n emocional","potentialAction":[{"@type":"SearchAction","target":{"@type":"EntryPoint","urlTemplate":"https:\/\/magdalenagrande.com\/blog\/?s={search_term_string}"},"query-input":"required name=search_term_string"}],"inLanguage":"es"},{"@type":"ImageObject","@id":"https:\/\/magdalenagrande.com\/blog\/peter-pan-y-su-sombra\/#primaryimage","inLanguage":"es","url":"https:\/\/magdalenagrande.com\/blog\/wp-content\/uploads\/2021\/09\/image_editor_output_image-1318330024-1631558553475.jpg","contentUrl":"https:\/\/magdalenagrande.com\/blog\/wp-content\/uploads\/2021\/09\/image_editor_output_image-1318330024-1631558553475.jpg","width":1076,"height":1260},{"@type":"WebPage","@id":"https:\/\/magdalenagrande.com\/blog\/peter-pan-y-su-sombra\/#webpage","url":"https:\/\/magdalenagrande.com\/blog\/peter-pan-y-su-sombra\/","name":"Peter Pan y su sombra - Blog de Magdalena Grande","isPartOf":{"@id":"https:\/\/magdalenagrande.com\/blog\/#website"},"primaryImageOfPage":{"@id":"https:\/\/magdalenagrande.com\/blog\/peter-pan-y-su-sombra\/#primaryimage"},"datePublished":"2021-09-13T18:42:42+00:00","dateModified":"2021-09-13T18:42:49+00:00","author":{"@id":"https:\/\/magdalenagrande.com\/blog\/#\/schema\/person\/f8460fd9e22f0d0d09ef55ae7a4f6791"},"breadcrumb":{"@id":"https:\/\/magdalenagrande.com\/blog\/peter-pan-y-su-sombra\/#breadcrumb"},"inLanguage":"es","potentialAction":[{"@type":"ReadAction","target":["https:\/\/magdalenagrande.com\/blog\/peter-pan-y-su-sombra\/"]}]},{"@type":"BreadcrumbList","@id":"https:\/\/magdalenagrande.com\/blog\/peter-pan-y-su-sombra\/#breadcrumb","itemListElement":[{"@type":"ListItem","position":1,"name":"Portada","item":"https:\/\/magdalenagrande.com\/blog\/"},{"@type":"ListItem","position":2,"name":"Peter Pan y su sombra"}]},{"@type":"Person","@id":"https:\/\/magdalenagrande.com\/blog\/#\/schema\/person\/f8460fd9e22f0d0d09ef55ae7a4f6791","name":"magdalena_grande"}]}},"_links":{"self":[{"href":"https:\/\/magdalenagrande.com\/blog\/wp-json\/wp\/v2\/posts\/594","targetHints":{"allow":["GET"]}}],"collection":[{"href":"https:\/\/magdalenagrande.com\/blog\/wp-json\/wp\/v2\/posts"}],"about":[{"href":"https:\/\/magdalenagrande.com\/blog\/wp-json\/wp\/v2\/types\/post"}],"author":[{"embeddable":true,"href":"https:\/\/magdalenagrande.com\/blog\/wp-json\/wp\/v2\/users\/1"}],"replies":[{"embeddable":true,"href":"https:\/\/magdalenagrande.com\/blog\/wp-json\/wp\/v2\/comments?post=594"}],"version-history":[{"count":1,"href":"https:\/\/magdalenagrande.com\/blog\/wp-json\/wp\/v2\/posts\/594\/revisions"}],"predecessor-version":[{"id":595,"href":"https:\/\/magdalenagrande.com\/blog\/wp-json\/wp\/v2\/posts\/594\/revisions\/595"}],"wp:attachment":[{"href":"https:\/\/magdalenagrande.com\/blog\/wp-json\/wp\/v2\/media?parent=594"}],"wp:term":[{"taxonomy":"category","embeddable":true,"href":"https:\/\/magdalenagrande.com\/blog\/wp-json\/wp\/v2\/categories?post=594"},{"taxonomy":"post_tag","embeddable":true,"href":"https:\/\/magdalenagrande.com\/blog\/wp-json\/wp\/v2\/tags?post=594"}],"curies":[{"name":"wp","href":"https:\/\/api.w.org\/{rel}","templated":true}]}}