{"id":597,"date":"2021-09-13T18:43:52","date_gmt":"2021-09-13T18:43:52","guid":{"rendered":"https:\/\/magdalenagrande.com\/blog\/?p=597"},"modified":"2021-09-13T18:43:58","modified_gmt":"2021-09-13T18:43:58","slug":"yo-soy-sombra","status":"publish","type":"post","link":"https:\/\/magdalenagrande.com\/blog\/yo-soy-sombra\/","title":{"rendered":"Yo soy sombra"},"content":{"rendered":"\n<p>La RAE define la sombra como &#8216;oscuridad y falta de luz, m\u00e1s o menos completa&#8217; . Siempre tememos nuestra propia oscuridad y huimos de ella como si pudi\u00e9ramos escondernos, acaso, de algo que es tan nuestro.<\/p>\n\n\n\n<p>El ser completo que somos est\u00e1 formado por partes de luz y de oscuridad. Incluso algunas de nuestras partes pueden ser, a la vez, luz y sombra y est\u00e1 bien que sea as\u00ed. Es como es. No querer verlo, no har\u00e1 que desaparezca, sino todo lo contrario, le dar\u00e1 m\u00e1s fuerza a aquello que no queremos ver.<\/p>\n\n\n\n<p>Veamos algunos consejos de espiritualidad pr\u00e1ctica para trabajar nuestra sombra:<\/p>\n\n\n\n<p>&#8211; Adoro esta frase de Jung que dice &#8216;No es posible despertar a la consciencia sin dolor. La gente es capaz de hacer cualquier cosa, por absurda que sea, para evitar enfrentarse a su propia alma. Nadie se ilumina imaginando figuras de luz, sino por hacer consciente la oscuridad&#8217;. Reflexiona: \u00bfqu\u00e9 hemos llegado a hacer para no ver nuestra sombra, tapar nuestros defectos y nuestras caracter\u00edsticas m\u00e1s oscuras? \u00bfQu\u00e9 partes de ti forman parte de esta `sombra&#8217;? \u00bfQu\u00e9 hay en ti que no te gusta mirar ni ver?<\/p>\n\n\n\n<p>&#8211; Piensa en una cosa sobre tu vida que jam\u00e1s contar\u00edas a nadie o que te cueste mucho contar. Seguramente eso, entre otras muchas cosas, estar\u00e1 hablando de tu sombra. Es aquello que tratamos de sacar fuera de nosotros porque es demasiado doloroso aceptar que es nuestro, que ESO tambi\u00e9n est\u00e1 presente en nosotros. \u00bfCrees que puedes aceptar eso de tu vida, trabajarlo para llegar a integrarlo? Ah\u00ed est\u00e1 el trabajo, poner luz.<\/p>\n\n\n\n<p>&#8211; Aquello que te saca de quicio del otro, habla de ti mismo, de un modo u otro. Esto es la ley del espejo que habla tambi\u00e9n de nuestra oscuridad, de aquello que nuestro ego no quiere ver ni admitir. Cuando haya algo de otra persona que te moleste profundamente preg\u00fantate qu\u00e9 dice de ti. Muchas veces es dif\u00edcil verlo&#8230; Si tienes dudas, cuenta conmigo \uf609.<\/p>\n\n\n\n<p>\u00bfC\u00f3mo te llevas tu con tu sombra?<\/p>\n\n\n\n<p>#yosoy #sombra #espiritualidadpr\u00e1ctica #altasensibilidad #PAS #sensibilidadconsciente #personasaltamentesensibles #cursoaltasensibilidad #cursoparapas #consultaonline #terapiaonline #magdalenagrande<\/p>\n\n\n\n<p>@personas_altamente_sensibles<\/p>\n\n\n\n<p>Www.magdalenagrande.com <\/p>\n\n\n\n<figure class=\"wp-block-image size-large\"><img loading=\"lazy\" decoding=\"async\" width=\"872\" height=\"1024\" src=\"https:\/\/magdalenagrande.com\/blog\/wp-content\/uploads\/2021\/09\/image_editor_output_image-2096315434-1631558621564-872x1024.jpg\" alt=\"\" class=\"wp-image-596\" srcset=\"https:\/\/magdalenagrande.com\/blog\/wp-content\/uploads\/2021\/09\/image_editor_output_image-2096315434-1631558621564-872x1024.jpg 872w, https:\/\/magdalenagrande.com\/blog\/wp-content\/uploads\/2021\/09\/image_editor_output_image-2096315434-1631558621564-256x300.jpg 256w, https:\/\/magdalenagrande.com\/blog\/wp-content\/uploads\/2021\/09\/image_editor_output_image-2096315434-1631558621564-768x902.jpg 768w, https:\/\/magdalenagrande.com\/blog\/wp-content\/uploads\/2021\/09\/image_editor_output_image-2096315434-1631558621564.jpg 1080w\" sizes=\"auto, (max-width: 872px) 100vw, 872px\" \/><\/figure>\n","protected":false},"excerpt":{"rendered":"<p>La RAE define la sombra como &#8216;oscuridad y falta de luz, m\u00e1s o menos completa&#8217; . Siempre tememos nuestra propia oscuridad y huimos de ella como si pudi\u00e9ramos escondernos, acaso, de algo que es tan nuestro. El ser completo que somos est\u00e1 formado por partes de luz y de oscuridad. Incluso algunas de nuestras partes [&hellip;]<\/p>\n","protected":false},"author":1,"featured_media":0,"comment_status":"closed","ping_status":"closed","sticky":false,"template":"","format":"standard","meta":{"sfsi_plus_gutenberg_text_before_share":"","sfsi_plus_gutenberg_show_text_before_share":"","sfsi_plus_gutenberg_icon_type":"","sfsi_plus_gutenberg_icon_alignemt":"","sfsi_plus_gutenburg_max_per_row":"","footnotes":""},"categories":[79],"tags":[],"class_list":["post-597","post","type-post","status-publish","format-standard","hentry","category-yo-soy"],"yoast_head":"<!-- This site is optimized with the Yoast SEO plugin v17.0 - https:\/\/yoast.com\/wordpress\/plugins\/seo\/ -->\n<title>Yo soy sombra - Blog de Magdalena Grande<\/title>\n<meta name=\"robots\" content=\"index, follow, max-snippet:-1, max-image-preview:large, max-video-preview:-1\" \/>\n<link rel=\"canonical\" href=\"https:\/\/magdalenagrande.com\/blog\/yo-soy-sombra\/\" \/>\n<meta property=\"og:locale\" content=\"es_ES\" \/>\n<meta property=\"og:type\" content=\"article\" \/>\n<meta property=\"og:title\" content=\"Yo soy sombra - Blog de Magdalena Grande\" \/>\n<meta property=\"og:description\" content=\"La RAE define la sombra como &#8216;oscuridad y falta de luz, m\u00e1s o menos completa&#8217; . Siempre tememos nuestra propia oscuridad y huimos de ella como si pudi\u00e9ramos escondernos, acaso, de algo que es tan nuestro. El ser completo que somos est\u00e1 formado por partes de luz y de oscuridad. Incluso algunas de nuestras partes [&hellip;]\" \/>\n<meta property=\"og:url\" content=\"https:\/\/magdalenagrande.com\/blog\/yo-soy-sombra\/\" \/>\n<meta property=\"og:site_name\" content=\"Blog de Magdalena Grande\" \/>\n<meta property=\"article:published_time\" content=\"2021-09-13T18:43:52+00:00\" \/>\n<meta property=\"article:modified_time\" content=\"2021-09-13T18:43:58+00:00\" \/>\n<meta property=\"og:image\" content=\"https:\/\/magdalenagrande.com\/blog\/wp-content\/uploads\/2021\/09\/image_editor_output_image-2096315434-1631558621564-872x1024.jpg\" \/>\n<meta name=\"twitter:card\" content=\"summary\" \/>\n<meta name=\"twitter:label1\" content=\"Escrito por\" \/>\n\t<meta name=\"twitter:data1\" content=\"magdalena_grande\" \/>\n\t<meta name=\"twitter:label2\" content=\"Tiempo de lectura\" \/>\n\t<meta name=\"twitter:data2\" content=\"2 minutos\" \/>\n<script type=\"application\/ld+json\" class=\"yoast-schema-graph\">{\"@context\":\"https:\/\/schema.org\",\"@graph\":[{\"@type\":\"WebSite\",\"@id\":\"https:\/\/magdalenagrande.com\/blog\/#website\",\"url\":\"https:\/\/magdalenagrande.com\/blog\/\",\"name\":\"Blog de Magdalena Grande\",\"description\":\"Crecimiento personal, alta sensibilidad y educaci\\u00f3n emocional\",\"potentialAction\":[{\"@type\":\"SearchAction\",\"target\":{\"@type\":\"EntryPoint\",\"urlTemplate\":\"https:\/\/magdalenagrande.com\/blog\/?s={search_term_string}\"},\"query-input\":\"required name=search_term_string\"}],\"inLanguage\":\"es\"},{\"@type\":\"ImageObject\",\"@id\":\"https:\/\/magdalenagrande.com\/blog\/yo-soy-sombra\/#primaryimage\",\"inLanguage\":\"es\",\"url\":\"https:\/\/magdalenagrande.com\/blog\/wp-content\/uploads\/2021\/09\/image_editor_output_image-2096315434-1631558621564.jpg\",\"contentUrl\":\"https:\/\/magdalenagrande.com\/blog\/wp-content\/uploads\/2021\/09\/image_editor_output_image-2096315434-1631558621564.jpg\",\"width\":1080,\"height\":1268},{\"@type\":\"WebPage\",\"@id\":\"https:\/\/magdalenagrande.com\/blog\/yo-soy-sombra\/#webpage\",\"url\":\"https:\/\/magdalenagrande.com\/blog\/yo-soy-sombra\/\",\"name\":\"Yo soy sombra - Blog de Magdalena Grande\",\"isPartOf\":{\"@id\":\"https:\/\/magdalenagrande.com\/blog\/#website\"},\"primaryImageOfPage\":{\"@id\":\"https:\/\/magdalenagrande.com\/blog\/yo-soy-sombra\/#primaryimage\"},\"datePublished\":\"2021-09-13T18:43:52+00:00\",\"dateModified\":\"2021-09-13T18:43:58+00:00\",\"author\":{\"@id\":\"https:\/\/magdalenagrande.com\/blog\/#\/schema\/person\/f8460fd9e22f0d0d09ef55ae7a4f6791\"},\"breadcrumb\":{\"@id\":\"https:\/\/magdalenagrande.com\/blog\/yo-soy-sombra\/#breadcrumb\"},\"inLanguage\":\"es\",\"potentialAction\":[{\"@type\":\"ReadAction\",\"target\":[\"https:\/\/magdalenagrande.com\/blog\/yo-soy-sombra\/\"]}]},{\"@type\":\"BreadcrumbList\",\"@id\":\"https:\/\/magdalenagrande.com\/blog\/yo-soy-sombra\/#breadcrumb\",\"itemListElement\":[{\"@type\":\"ListItem\",\"position\":1,\"name\":\"Portada\",\"item\":\"https:\/\/magdalenagrande.com\/blog\/\"},{\"@type\":\"ListItem\",\"position\":2,\"name\":\"Yo soy sombra\"}]},{\"@type\":\"Person\",\"@id\":\"https:\/\/magdalenagrande.com\/blog\/#\/schema\/person\/f8460fd9e22f0d0d09ef55ae7a4f6791\",\"name\":\"magdalena_grande\"}]}<\/script>\n<!-- \/ Yoast SEO plugin. -->","yoast_head_json":{"title":"Yo soy sombra - Blog de Magdalena Grande","robots":{"index":"index","follow":"follow","max-snippet":"max-snippet:-1","max-image-preview":"max-image-preview:large","max-video-preview":"max-video-preview:-1"},"canonical":"https:\/\/magdalenagrande.com\/blog\/yo-soy-sombra\/","og_locale":"es_ES","og_type":"article","og_title":"Yo soy sombra - Blog de Magdalena Grande","og_description":"La RAE define la sombra como &#8216;oscuridad y falta de luz, m\u00e1s o menos completa&#8217; . Siempre tememos nuestra propia oscuridad y huimos de ella como si pudi\u00e9ramos escondernos, acaso, de algo que es tan nuestro. El ser completo que somos est\u00e1 formado por partes de luz y de oscuridad. Incluso algunas de nuestras partes [&hellip;]","og_url":"https:\/\/magdalenagrande.com\/blog\/yo-soy-sombra\/","og_site_name":"Blog de Magdalena Grande","article_published_time":"2021-09-13T18:43:52+00:00","article_modified_time":"2021-09-13T18:43:58+00:00","og_image":[{"url":"https:\/\/magdalenagrande.com\/blog\/wp-content\/uploads\/2021\/09\/image_editor_output_image-2096315434-1631558621564-872x1024.jpg"}],"twitter_card":"summary","twitter_misc":{"Escrito por":"magdalena_grande","Tiempo de lectura":"2 minutos"},"schema":{"@context":"https:\/\/schema.org","@graph":[{"@type":"WebSite","@id":"https:\/\/magdalenagrande.com\/blog\/#website","url":"https:\/\/magdalenagrande.com\/blog\/","name":"Blog de Magdalena Grande","description":"Crecimiento personal, alta sensibilidad y educaci\u00f3n emocional","potentialAction":[{"@type":"SearchAction","target":{"@type":"EntryPoint","urlTemplate":"https:\/\/magdalenagrande.com\/blog\/?s={search_term_string}"},"query-input":"required name=search_term_string"}],"inLanguage":"es"},{"@type":"ImageObject","@id":"https:\/\/magdalenagrande.com\/blog\/yo-soy-sombra\/#primaryimage","inLanguage":"es","url":"https:\/\/magdalenagrande.com\/blog\/wp-content\/uploads\/2021\/09\/image_editor_output_image-2096315434-1631558621564.jpg","contentUrl":"https:\/\/magdalenagrande.com\/blog\/wp-content\/uploads\/2021\/09\/image_editor_output_image-2096315434-1631558621564.jpg","width":1080,"height":1268},{"@type":"WebPage","@id":"https:\/\/magdalenagrande.com\/blog\/yo-soy-sombra\/#webpage","url":"https:\/\/magdalenagrande.com\/blog\/yo-soy-sombra\/","name":"Yo soy sombra - Blog de Magdalena Grande","isPartOf":{"@id":"https:\/\/magdalenagrande.com\/blog\/#website"},"primaryImageOfPage":{"@id":"https:\/\/magdalenagrande.com\/blog\/yo-soy-sombra\/#primaryimage"},"datePublished":"2021-09-13T18:43:52+00:00","dateModified":"2021-09-13T18:43:58+00:00","author":{"@id":"https:\/\/magdalenagrande.com\/blog\/#\/schema\/person\/f8460fd9e22f0d0d09ef55ae7a4f6791"},"breadcrumb":{"@id":"https:\/\/magdalenagrande.com\/blog\/yo-soy-sombra\/#breadcrumb"},"inLanguage":"es","potentialAction":[{"@type":"ReadAction","target":["https:\/\/magdalenagrande.com\/blog\/yo-soy-sombra\/"]}]},{"@type":"BreadcrumbList","@id":"https:\/\/magdalenagrande.com\/blog\/yo-soy-sombra\/#breadcrumb","itemListElement":[{"@type":"ListItem","position":1,"name":"Portada","item":"https:\/\/magdalenagrande.com\/blog\/"},{"@type":"ListItem","position":2,"name":"Yo soy sombra"}]},{"@type":"Person","@id":"https:\/\/magdalenagrande.com\/blog\/#\/schema\/person\/f8460fd9e22f0d0d09ef55ae7a4f6791","name":"magdalena_grande"}]}},"_links":{"self":[{"href":"https:\/\/magdalenagrande.com\/blog\/wp-json\/wp\/v2\/posts\/597","targetHints":{"allow":["GET"]}}],"collection":[{"href":"https:\/\/magdalenagrande.com\/blog\/wp-json\/wp\/v2\/posts"}],"about":[{"href":"https:\/\/magdalenagrande.com\/blog\/wp-json\/wp\/v2\/types\/post"}],"author":[{"embeddable":true,"href":"https:\/\/magdalenagrande.com\/blog\/wp-json\/wp\/v2\/users\/1"}],"replies":[{"embeddable":true,"href":"https:\/\/magdalenagrande.com\/blog\/wp-json\/wp\/v2\/comments?post=597"}],"version-history":[{"count":1,"href":"https:\/\/magdalenagrande.com\/blog\/wp-json\/wp\/v2\/posts\/597\/revisions"}],"predecessor-version":[{"id":598,"href":"https:\/\/magdalenagrande.com\/blog\/wp-json\/wp\/v2\/posts\/597\/revisions\/598"}],"wp:attachment":[{"href":"https:\/\/magdalenagrande.com\/blog\/wp-json\/wp\/v2\/media?parent=597"}],"wp:term":[{"taxonomy":"category","embeddable":true,"href":"https:\/\/magdalenagrande.com\/blog\/wp-json\/wp\/v2\/categories?post=597"},{"taxonomy":"post_tag","embeddable":true,"href":"https:\/\/magdalenagrande.com\/blog\/wp-json\/wp\/v2\/tags?post=597"}],"curies":[{"name":"wp","href":"https:\/\/api.w.org\/{rel}","templated":true}]}}