{"id":629,"date":"2021-10-03T20:25:28","date_gmt":"2021-10-03T20:25:28","guid":{"rendered":"https:\/\/magdalenagrande.com\/blog\/?p=629"},"modified":"2021-10-03T20:25:40","modified_gmt":"2021-10-03T20:25:40","slug":"reconexion-de-los-sentidos-el-tacto","status":"publish","type":"post","link":"https:\/\/magdalenagrande.com\/blog\/reconexion-de-los-sentidos-el-tacto\/","title":{"rendered":"Reconexi\u00f3n de los sentidos: el tacto"},"content":{"rendered":"\n<p>Estamos subiendo esta escalerita nuestra que hemos creado sobre sensibilidad consciente. Ya hemos trabajado la vista y el olfato y hoy vamos a por el tacto.<\/p>\n\n\n\n<p>Tocar, tocarse, tocarnos&#8230; El covid ha capado uno de nuestros sentidos m\u00e1s esenciales, como es el tacto, as\u00ed como las sensaciones que podemos percibir a trav\u00e9s de \u00e9l. Necesitamos reconectar con la informaci\u00f3n que recibimos a trav\u00e9s del tacto.<\/p>\n\n\n\n<p>Te propongo un juego: elige dos o tres objetos que tengan una textura especial. Si te da pereza (que nos conocemos) siempre puedes utlizar aquello que est\u00e9 a tu alrededor en este momento (silla, sof\u00e1, mesa, libro, l\u00e1piz, taza&#8230;). Cierra los ojos y realiza tres inspiraciones profundas. Conecta con tu yo interior y conc\u00e9ntrate en los receptores de tus manos. Primero coloca las manos hacia arriba y d\u00e9jate sentir. Que toda tu atenci\u00f3n est\u00e9 en la piel de las manos, \u00bfqu\u00e9 sensaci\u00f3n te llega?, \u00bftemperatura?, quiz\u00e1 puedas sentir algo m\u00e1s. Lo que sea, est\u00e1 bien. Mant\u00e9n los ojos cerrados y cuando est\u00e9s preparada dedica dos minutos a tocar con tus manos cada uno de los objetos elegidos. Imagina que no sabes lo que vas a tocar y que seguramente no lo has tocado nunca antes. \u00a1Vamos all\u00e1! Dedica ese tiempo a estimular la consciencia del tacto de tus manos. Alucina con las sensaciones nuevas que vas a recibir. Conecta con la curiosidad y juega con tu ni\u00f1a interior.<\/p>\n\n\n\n<p>El tacto abarca mucho m\u00e1s all\u00e1 de las manos y, aunque nos hemos centrado en ellas, en el curso encontrar\u00e9is muchos m\u00e1s ejercicios. \u00a1Seguimos trabajando!<\/p>\n\n\n\n<p>\u00bfC\u00f3mo te has sentido? \u00bfHas tenido alguna sensaci\u00f3n inesperada?<\/p>\n\n\n\n<p>#tacto #reconexi\u00f3ndelossentidos #cursoaltasensibilidad #cursoparapas #cursoparanopas #consultaonline #terapiaonline #sensibilidadconsciente #altasensibilidad #personasaltamentesensibles #PAS<\/p>\n\n\n\n<p>@personas_altamente_sensibles<\/p>\n\n\n\n<p>Www.magdalenagrande.com <\/p>\n\n\n\n<figure class=\"wp-block-image size-large\"><img loading=\"lazy\" decoding=\"async\" width=\"879\" height=\"1024\" src=\"https:\/\/magdalenagrande.com\/blog\/wp-content\/uploads\/2021\/10\/image_editor_output_image-1936135187-1633292717902-879x1024.jpg\" alt=\"\" class=\"wp-image-628\" srcset=\"https:\/\/magdalenagrande.com\/blog\/wp-content\/uploads\/2021\/10\/image_editor_output_image-1936135187-1633292717902-879x1024.jpg 879w, https:\/\/magdalenagrande.com\/blog\/wp-content\/uploads\/2021\/10\/image_editor_output_image-1936135187-1633292717902-257x300.jpg 257w, https:\/\/magdalenagrande.com\/blog\/wp-content\/uploads\/2021\/10\/image_editor_output_image-1936135187-1633292717902-768x895.jpg 768w, https:\/\/magdalenagrande.com\/blog\/wp-content\/uploads\/2021\/10\/image_editor_output_image-1936135187-1633292717902.jpg 1077w\" sizes=\"auto, (max-width: 879px) 100vw, 879px\" \/><\/figure>\n","protected":false},"excerpt":{"rendered":"<p>Estamos subiendo esta escalerita nuestra que hemos creado sobre sensibilidad consciente. Ya hemos trabajado la vista y el olfato y hoy vamos a por el tacto. Tocar, tocarse, tocarnos&#8230; El covid ha capado uno de nuestros sentidos m\u00e1s esenciales, como es el tacto, as\u00ed como las sensaciones que podemos percibir a trav\u00e9s de \u00e9l. Necesitamos [&hellip;]<\/p>\n","protected":false},"author":1,"featured_media":0,"comment_status":"closed","ping_status":"closed","sticky":false,"template":"","format":"standard","meta":{"sfsi_plus_gutenberg_text_before_share":"","sfsi_plus_gutenberg_show_text_before_share":"","sfsi_plus_gutenberg_icon_type":"","sfsi_plus_gutenberg_icon_alignemt":"","sfsi_plus_gutenburg_max_per_row":"","footnotes":""},"categories":[82,65],"tags":[],"class_list":["post-629","post","type-post","status-publish","format-standard","hentry","category-curso-alta-sensibilidad-sensibilidad-consciente","category-personas-y-ninos-altamente-sensibles"],"yoast_head":"<!-- This site is optimized with the Yoast SEO plugin v17.0 - https:\/\/yoast.com\/wordpress\/plugins\/seo\/ -->\n<title>Reconexi\u00f3n de los sentidos: el tacto - Blog de Magdalena Grande<\/title>\n<meta name=\"robots\" content=\"index, follow, max-snippet:-1, max-image-preview:large, max-video-preview:-1\" \/>\n<link rel=\"canonical\" href=\"https:\/\/magdalenagrande.com\/blog\/reconexion-de-los-sentidos-el-tacto\/\" \/>\n<meta property=\"og:locale\" content=\"es_ES\" \/>\n<meta property=\"og:type\" content=\"article\" \/>\n<meta property=\"og:title\" content=\"Reconexi\u00f3n de los sentidos: el tacto - Blog de Magdalena Grande\" \/>\n<meta property=\"og:description\" content=\"Estamos subiendo esta escalerita nuestra que hemos creado sobre sensibilidad consciente. Ya hemos trabajado la vista y el olfato y hoy vamos a por el tacto. Tocar, tocarse, tocarnos&#8230; El covid ha capado uno de nuestros sentidos m\u00e1s esenciales, como es el tacto, as\u00ed como las sensaciones que podemos percibir a trav\u00e9s de \u00e9l. Necesitamos [&hellip;]\" \/>\n<meta property=\"og:url\" content=\"https:\/\/magdalenagrande.com\/blog\/reconexion-de-los-sentidos-el-tacto\/\" \/>\n<meta property=\"og:site_name\" content=\"Blog de Magdalena Grande\" \/>\n<meta property=\"article:published_time\" content=\"2021-10-03T20:25:28+00:00\" \/>\n<meta property=\"article:modified_time\" content=\"2021-10-03T20:25:40+00:00\" \/>\n<meta property=\"og:image\" content=\"https:\/\/magdalenagrande.com\/blog\/wp-content\/uploads\/2021\/10\/image_editor_output_image-1936135187-1633292717902-879x1024.jpg\" \/>\n<meta name=\"twitter:card\" content=\"summary\" \/>\n<meta name=\"twitter:label1\" content=\"Escrito por\" \/>\n\t<meta name=\"twitter:data1\" content=\"magdalena_grande\" \/>\n\t<meta name=\"twitter:label2\" content=\"Tiempo de lectura\" \/>\n\t<meta name=\"twitter:data2\" content=\"2 minutos\" \/>\n<script type=\"application\/ld+json\" class=\"yoast-schema-graph\">{\"@context\":\"https:\/\/schema.org\",\"@graph\":[{\"@type\":\"WebSite\",\"@id\":\"https:\/\/magdalenagrande.com\/blog\/#website\",\"url\":\"https:\/\/magdalenagrande.com\/blog\/\",\"name\":\"Blog de Magdalena Grande\",\"description\":\"Crecimiento personal, alta sensibilidad y educaci\\u00f3n emocional\",\"potentialAction\":[{\"@type\":\"SearchAction\",\"target\":{\"@type\":\"EntryPoint\",\"urlTemplate\":\"https:\/\/magdalenagrande.com\/blog\/?s={search_term_string}\"},\"query-input\":\"required name=search_term_string\"}],\"inLanguage\":\"es\"},{\"@type\":\"ImageObject\",\"@id\":\"https:\/\/magdalenagrande.com\/blog\/reconexion-de-los-sentidos-el-tacto\/#primaryimage\",\"inLanguage\":\"es\",\"url\":\"https:\/\/magdalenagrande.com\/blog\/wp-content\/uploads\/2021\/10\/image_editor_output_image-1936135187-1633292717902.jpg\",\"contentUrl\":\"https:\/\/magdalenagrande.com\/blog\/wp-content\/uploads\/2021\/10\/image_editor_output_image-1936135187-1633292717902.jpg\",\"width\":1077,\"height\":1255},{\"@type\":\"WebPage\",\"@id\":\"https:\/\/magdalenagrande.com\/blog\/reconexion-de-los-sentidos-el-tacto\/#webpage\",\"url\":\"https:\/\/magdalenagrande.com\/blog\/reconexion-de-los-sentidos-el-tacto\/\",\"name\":\"Reconexi\\u00f3n de los sentidos: el tacto - Blog de Magdalena Grande\",\"isPartOf\":{\"@id\":\"https:\/\/magdalenagrande.com\/blog\/#website\"},\"primaryImageOfPage\":{\"@id\":\"https:\/\/magdalenagrande.com\/blog\/reconexion-de-los-sentidos-el-tacto\/#primaryimage\"},\"datePublished\":\"2021-10-03T20:25:28+00:00\",\"dateModified\":\"2021-10-03T20:25:40+00:00\",\"author\":{\"@id\":\"https:\/\/magdalenagrande.com\/blog\/#\/schema\/person\/f8460fd9e22f0d0d09ef55ae7a4f6791\"},\"breadcrumb\":{\"@id\":\"https:\/\/magdalenagrande.com\/blog\/reconexion-de-los-sentidos-el-tacto\/#breadcrumb\"},\"inLanguage\":\"es\",\"potentialAction\":[{\"@type\":\"ReadAction\",\"target\":[\"https:\/\/magdalenagrande.com\/blog\/reconexion-de-los-sentidos-el-tacto\/\"]}]},{\"@type\":\"BreadcrumbList\",\"@id\":\"https:\/\/magdalenagrande.com\/blog\/reconexion-de-los-sentidos-el-tacto\/#breadcrumb\",\"itemListElement\":[{\"@type\":\"ListItem\",\"position\":1,\"name\":\"Portada\",\"item\":\"https:\/\/magdalenagrande.com\/blog\/\"},{\"@type\":\"ListItem\",\"position\":2,\"name\":\"Reconexi\\u00f3n de los sentidos: el tacto\"}]},{\"@type\":\"Person\",\"@id\":\"https:\/\/magdalenagrande.com\/blog\/#\/schema\/person\/f8460fd9e22f0d0d09ef55ae7a4f6791\",\"name\":\"magdalena_grande\"}]}<\/script>\n<!-- \/ Yoast SEO plugin. -->","yoast_head_json":{"title":"Reconexi\u00f3n de los sentidos: el tacto - Blog de Magdalena Grande","robots":{"index":"index","follow":"follow","max-snippet":"max-snippet:-1","max-image-preview":"max-image-preview:large","max-video-preview":"max-video-preview:-1"},"canonical":"https:\/\/magdalenagrande.com\/blog\/reconexion-de-los-sentidos-el-tacto\/","og_locale":"es_ES","og_type":"article","og_title":"Reconexi\u00f3n de los sentidos: el tacto - Blog de Magdalena Grande","og_description":"Estamos subiendo esta escalerita nuestra que hemos creado sobre sensibilidad consciente. Ya hemos trabajado la vista y el olfato y hoy vamos a por el tacto. Tocar, tocarse, tocarnos&#8230; El covid ha capado uno de nuestros sentidos m\u00e1s esenciales, como es el tacto, as\u00ed como las sensaciones que podemos percibir a trav\u00e9s de \u00e9l. Necesitamos [&hellip;]","og_url":"https:\/\/magdalenagrande.com\/blog\/reconexion-de-los-sentidos-el-tacto\/","og_site_name":"Blog de Magdalena Grande","article_published_time":"2021-10-03T20:25:28+00:00","article_modified_time":"2021-10-03T20:25:40+00:00","og_image":[{"url":"https:\/\/magdalenagrande.com\/blog\/wp-content\/uploads\/2021\/10\/image_editor_output_image-1936135187-1633292717902-879x1024.jpg"}],"twitter_card":"summary","twitter_misc":{"Escrito por":"magdalena_grande","Tiempo de lectura":"2 minutos"},"schema":{"@context":"https:\/\/schema.org","@graph":[{"@type":"WebSite","@id":"https:\/\/magdalenagrande.com\/blog\/#website","url":"https:\/\/magdalenagrande.com\/blog\/","name":"Blog de Magdalena Grande","description":"Crecimiento personal, alta sensibilidad y educaci\u00f3n emocional","potentialAction":[{"@type":"SearchAction","target":{"@type":"EntryPoint","urlTemplate":"https:\/\/magdalenagrande.com\/blog\/?s={search_term_string}"},"query-input":"required name=search_term_string"}],"inLanguage":"es"},{"@type":"ImageObject","@id":"https:\/\/magdalenagrande.com\/blog\/reconexion-de-los-sentidos-el-tacto\/#primaryimage","inLanguage":"es","url":"https:\/\/magdalenagrande.com\/blog\/wp-content\/uploads\/2021\/10\/image_editor_output_image-1936135187-1633292717902.jpg","contentUrl":"https:\/\/magdalenagrande.com\/blog\/wp-content\/uploads\/2021\/10\/image_editor_output_image-1936135187-1633292717902.jpg","width":1077,"height":1255},{"@type":"WebPage","@id":"https:\/\/magdalenagrande.com\/blog\/reconexion-de-los-sentidos-el-tacto\/#webpage","url":"https:\/\/magdalenagrande.com\/blog\/reconexion-de-los-sentidos-el-tacto\/","name":"Reconexi\u00f3n de los sentidos: el tacto - Blog de Magdalena Grande","isPartOf":{"@id":"https:\/\/magdalenagrande.com\/blog\/#website"},"primaryImageOfPage":{"@id":"https:\/\/magdalenagrande.com\/blog\/reconexion-de-los-sentidos-el-tacto\/#primaryimage"},"datePublished":"2021-10-03T20:25:28+00:00","dateModified":"2021-10-03T20:25:40+00:00","author":{"@id":"https:\/\/magdalenagrande.com\/blog\/#\/schema\/person\/f8460fd9e22f0d0d09ef55ae7a4f6791"},"breadcrumb":{"@id":"https:\/\/magdalenagrande.com\/blog\/reconexion-de-los-sentidos-el-tacto\/#breadcrumb"},"inLanguage":"es","potentialAction":[{"@type":"ReadAction","target":["https:\/\/magdalenagrande.com\/blog\/reconexion-de-los-sentidos-el-tacto\/"]}]},{"@type":"BreadcrumbList","@id":"https:\/\/magdalenagrande.com\/blog\/reconexion-de-los-sentidos-el-tacto\/#breadcrumb","itemListElement":[{"@type":"ListItem","position":1,"name":"Portada","item":"https:\/\/magdalenagrande.com\/blog\/"},{"@type":"ListItem","position":2,"name":"Reconexi\u00f3n de los sentidos: el tacto"}]},{"@type":"Person","@id":"https:\/\/magdalenagrande.com\/blog\/#\/schema\/person\/f8460fd9e22f0d0d09ef55ae7a4f6791","name":"magdalena_grande"}]}},"_links":{"self":[{"href":"https:\/\/magdalenagrande.com\/blog\/wp-json\/wp\/v2\/posts\/629","targetHints":{"allow":["GET"]}}],"collection":[{"href":"https:\/\/magdalenagrande.com\/blog\/wp-json\/wp\/v2\/posts"}],"about":[{"href":"https:\/\/magdalenagrande.com\/blog\/wp-json\/wp\/v2\/types\/post"}],"author":[{"embeddable":true,"href":"https:\/\/magdalenagrande.com\/blog\/wp-json\/wp\/v2\/users\/1"}],"replies":[{"embeddable":true,"href":"https:\/\/magdalenagrande.com\/blog\/wp-json\/wp\/v2\/comments?post=629"}],"version-history":[{"count":1,"href":"https:\/\/magdalenagrande.com\/blog\/wp-json\/wp\/v2\/posts\/629\/revisions"}],"predecessor-version":[{"id":630,"href":"https:\/\/magdalenagrande.com\/blog\/wp-json\/wp\/v2\/posts\/629\/revisions\/630"}],"wp:attachment":[{"href":"https:\/\/magdalenagrande.com\/blog\/wp-json\/wp\/v2\/media?parent=629"}],"wp:term":[{"taxonomy":"category","embeddable":true,"href":"https:\/\/magdalenagrande.com\/blog\/wp-json\/wp\/v2\/categories?post=629"},{"taxonomy":"post_tag","embeddable":true,"href":"https:\/\/magdalenagrande.com\/blog\/wp-json\/wp\/v2\/tags?post=629"}],"curies":[{"name":"wp","href":"https:\/\/api.w.org\/{rel}","templated":true}]}}