{"id":648,"date":"2021-10-03T20:39:10","date_gmt":"2021-10-03T20:39:10","guid":{"rendered":"https:\/\/magdalenagrande.com\/blog\/?p=648"},"modified":"2021-10-03T20:39:16","modified_gmt":"2021-10-03T20:39:16","slug":"reconexion-de-los-sentidos-el-oido","status":"publish","type":"post","link":"https:\/\/magdalenagrande.com\/blog\/reconexion-de-los-sentidos-el-oido\/","title":{"rendered":"Reconexi\u00f3n de los sentidos: el o\u00eddo"},"content":{"rendered":"\n<p>Llegamos al cuarto de nuestros cinco sentidos m\u00e1s conocidos: el o\u00eddo. En la l\u00ednea del trabajo que hemos realizado anteriormente con el resto, nuestro objetivo ser\u00e1 ser m\u00e1s conscientes de los sonidos que recibimos en nuestro d\u00eda a d\u00eda as\u00ed como la informaci\u00f3n que nos aportan.<\/p>\n\n\n\n<p>Los sonidos que recibimos pueden ser maravillosos o terror\u00edficos&#8230; depender\u00e1 del momento en que estamos, la intensidad, los gustos personales, el estado de \u00e1nimo&#8230;<\/p>\n\n\n\n<p>El ejercicio de hoy tiene que ver con la m\u00fasica porque es una fuente inagotable de est\u00edmulos que podemos aprovechar en nuestro beneficio, potenciando nuestra sensibilidad consciente. Elige una canci\u00f3n que te guste y que tenga relaci\u00f3n con tu estado de \u00e1nimo de hoy. Si est\u00e1s muy feliz y alegre no te pongas una canci\u00f3n triste, ni viceversa, tiene que ser una canci\u00f3n que acompa\u00f1e y te guste. Prepara tus cascos, tu rinc\u00f3n de tranquilidad y date este gusto de 3 minutos. Cierra los ojos y d\u00e9jate llevar por la m\u00fasica. Puedes bailar, si lo necesitas o re\u00edr o llorar&#8230; Lo que sea, estar\u00e1 bien. Conecta con la m\u00fasica. Conecta la m\u00fasica con el coraz\u00f3n.<\/p>\n\n\n\n<p>\u00bfQu\u00e9 canci\u00f3n vas a elegir?<\/p>\n\n\n\n<p>Gracias por estar y acompa\u00f1arme en esta magia sensorial \u2764\ufe0f<\/p>\n\n\n\n<p>#altasensibilidad #personasaltamentesensibles #sensibilidadconsciente #PAS #cursoparapas #cursoparanopas #cursoaltasensibilidad #consultaonline #terapiaonline #m\u00fasica #magdalenagrande<\/p>\n\n\n\n<p>@personas_altamente_sensibles<\/p>\n\n\n\n<p>Www.magdalenagrande.com <\/p>\n\n\n\n<figure class=\"wp-block-image size-large\"><img loading=\"lazy\" decoding=\"async\" width=\"905\" height=\"1024\" src=\"https:\/\/magdalenagrande.com\/blog\/wp-content\/uploads\/2021\/10\/image_editor_output_image-1122826393-1633293531831-905x1024.jpg\" alt=\"\" class=\"wp-image-647\" srcset=\"https:\/\/magdalenagrande.com\/blog\/wp-content\/uploads\/2021\/10\/image_editor_output_image-1122826393-1633293531831-905x1024.jpg 905w, https:\/\/magdalenagrande.com\/blog\/wp-content\/uploads\/2021\/10\/image_editor_output_image-1122826393-1633293531831-265x300.jpg 265w, https:\/\/magdalenagrande.com\/blog\/wp-content\/uploads\/2021\/10\/image_editor_output_image-1122826393-1633293531831-768x869.jpg 768w, https:\/\/magdalenagrande.com\/blog\/wp-content\/uploads\/2021\/10\/image_editor_output_image-1122826393-1633293531831.jpg 1080w\" sizes=\"auto, (max-width: 905px) 100vw, 905px\" \/><\/figure>\n","protected":false},"excerpt":{"rendered":"<p>Llegamos al cuarto de nuestros cinco sentidos m\u00e1s conocidos: el o\u00eddo. En la l\u00ednea del trabajo que hemos realizado anteriormente con el resto, nuestro objetivo ser\u00e1 ser m\u00e1s conscientes de los sonidos que recibimos en nuestro d\u00eda a d\u00eda as\u00ed como la informaci\u00f3n que nos aportan. Los sonidos que recibimos pueden ser maravillosos o terror\u00edficos&#8230; [&hellip;]<\/p>\n","protected":false},"author":1,"featured_media":0,"comment_status":"closed","ping_status":"closed","sticky":false,"template":"","format":"standard","meta":{"sfsi_plus_gutenberg_text_before_share":"","sfsi_plus_gutenberg_show_text_before_share":"","sfsi_plus_gutenberg_icon_type":"","sfsi_plus_gutenberg_icon_alignemt":"","sfsi_plus_gutenburg_max_per_row":"","footnotes":""},"categories":[82],"tags":[],"class_list":["post-648","post","type-post","status-publish","format-standard","hentry","category-curso-alta-sensibilidad-sensibilidad-consciente"],"yoast_head":"<!-- This site is optimized with the Yoast SEO plugin v17.0 - https:\/\/yoast.com\/wordpress\/plugins\/seo\/ -->\n<title>Reconexi\u00f3n de los sentidos: el o\u00eddo - Blog de Magdalena Grande<\/title>\n<meta name=\"robots\" content=\"index, follow, max-snippet:-1, max-image-preview:large, max-video-preview:-1\" \/>\n<link rel=\"canonical\" href=\"https:\/\/magdalenagrande.com\/blog\/reconexion-de-los-sentidos-el-oido\/\" \/>\n<meta property=\"og:locale\" content=\"es_ES\" \/>\n<meta property=\"og:type\" content=\"article\" \/>\n<meta property=\"og:title\" content=\"Reconexi\u00f3n de los sentidos: el o\u00eddo - Blog de Magdalena Grande\" \/>\n<meta property=\"og:description\" content=\"Llegamos al cuarto de nuestros cinco sentidos m\u00e1s conocidos: el o\u00eddo. En la l\u00ednea del trabajo que hemos realizado anteriormente con el resto, nuestro objetivo ser\u00e1 ser m\u00e1s conscientes de los sonidos que recibimos en nuestro d\u00eda a d\u00eda as\u00ed como la informaci\u00f3n que nos aportan. Los sonidos que recibimos pueden ser maravillosos o terror\u00edficos&#8230; [&hellip;]\" \/>\n<meta property=\"og:url\" content=\"https:\/\/magdalenagrande.com\/blog\/reconexion-de-los-sentidos-el-oido\/\" \/>\n<meta property=\"og:site_name\" content=\"Blog de Magdalena Grande\" \/>\n<meta property=\"article:published_time\" content=\"2021-10-03T20:39:10+00:00\" \/>\n<meta property=\"article:modified_time\" content=\"2021-10-03T20:39:16+00:00\" \/>\n<meta property=\"og:image\" content=\"https:\/\/magdalenagrande.com\/blog\/wp-content\/uploads\/2021\/10\/image_editor_output_image-1122826393-1633293531831-905x1024.jpg\" \/>\n<meta name=\"twitter:card\" content=\"summary\" \/>\n<meta name=\"twitter:label1\" content=\"Escrito por\" \/>\n\t<meta name=\"twitter:data1\" content=\"magdalena_grande\" \/>\n\t<meta name=\"twitter:label2\" content=\"Tiempo de lectura\" \/>\n\t<meta name=\"twitter:data2\" content=\"1 minuto\" \/>\n<script type=\"application\/ld+json\" class=\"yoast-schema-graph\">{\"@context\":\"https:\/\/schema.org\",\"@graph\":[{\"@type\":\"WebSite\",\"@id\":\"https:\/\/magdalenagrande.com\/blog\/#website\",\"url\":\"https:\/\/magdalenagrande.com\/blog\/\",\"name\":\"Blog de Magdalena Grande\",\"description\":\"Crecimiento personal, alta sensibilidad y educaci\\u00f3n emocional\",\"potentialAction\":[{\"@type\":\"SearchAction\",\"target\":{\"@type\":\"EntryPoint\",\"urlTemplate\":\"https:\/\/magdalenagrande.com\/blog\/?s={search_term_string}\"},\"query-input\":\"required name=search_term_string\"}],\"inLanguage\":\"es\"},{\"@type\":\"ImageObject\",\"@id\":\"https:\/\/magdalenagrande.com\/blog\/reconexion-de-los-sentidos-el-oido\/#primaryimage\",\"inLanguage\":\"es\",\"url\":\"https:\/\/magdalenagrande.com\/blog\/wp-content\/uploads\/2021\/10\/image_editor_output_image-1122826393-1633293531831.jpg\",\"contentUrl\":\"https:\/\/magdalenagrande.com\/blog\/wp-content\/uploads\/2021\/10\/image_editor_output_image-1122826393-1633293531831.jpg\",\"width\":1080,\"height\":1222},{\"@type\":\"WebPage\",\"@id\":\"https:\/\/magdalenagrande.com\/blog\/reconexion-de-los-sentidos-el-oido\/#webpage\",\"url\":\"https:\/\/magdalenagrande.com\/blog\/reconexion-de-los-sentidos-el-oido\/\",\"name\":\"Reconexi\\u00f3n de los sentidos: el o\\u00eddo - Blog de Magdalena Grande\",\"isPartOf\":{\"@id\":\"https:\/\/magdalenagrande.com\/blog\/#website\"},\"primaryImageOfPage\":{\"@id\":\"https:\/\/magdalenagrande.com\/blog\/reconexion-de-los-sentidos-el-oido\/#primaryimage\"},\"datePublished\":\"2021-10-03T20:39:10+00:00\",\"dateModified\":\"2021-10-03T20:39:16+00:00\",\"author\":{\"@id\":\"https:\/\/magdalenagrande.com\/blog\/#\/schema\/person\/f8460fd9e22f0d0d09ef55ae7a4f6791\"},\"breadcrumb\":{\"@id\":\"https:\/\/magdalenagrande.com\/blog\/reconexion-de-los-sentidos-el-oido\/#breadcrumb\"},\"inLanguage\":\"es\",\"potentialAction\":[{\"@type\":\"ReadAction\",\"target\":[\"https:\/\/magdalenagrande.com\/blog\/reconexion-de-los-sentidos-el-oido\/\"]}]},{\"@type\":\"BreadcrumbList\",\"@id\":\"https:\/\/magdalenagrande.com\/blog\/reconexion-de-los-sentidos-el-oido\/#breadcrumb\",\"itemListElement\":[{\"@type\":\"ListItem\",\"position\":1,\"name\":\"Portada\",\"item\":\"https:\/\/magdalenagrande.com\/blog\/\"},{\"@type\":\"ListItem\",\"position\":2,\"name\":\"Reconexi\\u00f3n de los sentidos: el o\\u00eddo\"}]},{\"@type\":\"Person\",\"@id\":\"https:\/\/magdalenagrande.com\/blog\/#\/schema\/person\/f8460fd9e22f0d0d09ef55ae7a4f6791\",\"name\":\"magdalena_grande\"}]}<\/script>\n<!-- \/ Yoast SEO plugin. -->","yoast_head_json":{"title":"Reconexi\u00f3n de los sentidos: el o\u00eddo - Blog de Magdalena Grande","robots":{"index":"index","follow":"follow","max-snippet":"max-snippet:-1","max-image-preview":"max-image-preview:large","max-video-preview":"max-video-preview:-1"},"canonical":"https:\/\/magdalenagrande.com\/blog\/reconexion-de-los-sentidos-el-oido\/","og_locale":"es_ES","og_type":"article","og_title":"Reconexi\u00f3n de los sentidos: el o\u00eddo - Blog de Magdalena Grande","og_description":"Llegamos al cuarto de nuestros cinco sentidos m\u00e1s conocidos: el o\u00eddo. En la l\u00ednea del trabajo que hemos realizado anteriormente con el resto, nuestro objetivo ser\u00e1 ser m\u00e1s conscientes de los sonidos que recibimos en nuestro d\u00eda a d\u00eda as\u00ed como la informaci\u00f3n que nos aportan. Los sonidos que recibimos pueden ser maravillosos o terror\u00edficos&#8230; [&hellip;]","og_url":"https:\/\/magdalenagrande.com\/blog\/reconexion-de-los-sentidos-el-oido\/","og_site_name":"Blog de Magdalena Grande","article_published_time":"2021-10-03T20:39:10+00:00","article_modified_time":"2021-10-03T20:39:16+00:00","og_image":[{"url":"https:\/\/magdalenagrande.com\/blog\/wp-content\/uploads\/2021\/10\/image_editor_output_image-1122826393-1633293531831-905x1024.jpg"}],"twitter_card":"summary","twitter_misc":{"Escrito por":"magdalena_grande","Tiempo de lectura":"1 minuto"},"schema":{"@context":"https:\/\/schema.org","@graph":[{"@type":"WebSite","@id":"https:\/\/magdalenagrande.com\/blog\/#website","url":"https:\/\/magdalenagrande.com\/blog\/","name":"Blog de Magdalena Grande","description":"Crecimiento personal, alta sensibilidad y educaci\u00f3n emocional","potentialAction":[{"@type":"SearchAction","target":{"@type":"EntryPoint","urlTemplate":"https:\/\/magdalenagrande.com\/blog\/?s={search_term_string}"},"query-input":"required name=search_term_string"}],"inLanguage":"es"},{"@type":"ImageObject","@id":"https:\/\/magdalenagrande.com\/blog\/reconexion-de-los-sentidos-el-oido\/#primaryimage","inLanguage":"es","url":"https:\/\/magdalenagrande.com\/blog\/wp-content\/uploads\/2021\/10\/image_editor_output_image-1122826393-1633293531831.jpg","contentUrl":"https:\/\/magdalenagrande.com\/blog\/wp-content\/uploads\/2021\/10\/image_editor_output_image-1122826393-1633293531831.jpg","width":1080,"height":1222},{"@type":"WebPage","@id":"https:\/\/magdalenagrande.com\/blog\/reconexion-de-los-sentidos-el-oido\/#webpage","url":"https:\/\/magdalenagrande.com\/blog\/reconexion-de-los-sentidos-el-oido\/","name":"Reconexi\u00f3n de los sentidos: el o\u00eddo - Blog de Magdalena Grande","isPartOf":{"@id":"https:\/\/magdalenagrande.com\/blog\/#website"},"primaryImageOfPage":{"@id":"https:\/\/magdalenagrande.com\/blog\/reconexion-de-los-sentidos-el-oido\/#primaryimage"},"datePublished":"2021-10-03T20:39:10+00:00","dateModified":"2021-10-03T20:39:16+00:00","author":{"@id":"https:\/\/magdalenagrande.com\/blog\/#\/schema\/person\/f8460fd9e22f0d0d09ef55ae7a4f6791"},"breadcrumb":{"@id":"https:\/\/magdalenagrande.com\/blog\/reconexion-de-los-sentidos-el-oido\/#breadcrumb"},"inLanguage":"es","potentialAction":[{"@type":"ReadAction","target":["https:\/\/magdalenagrande.com\/blog\/reconexion-de-los-sentidos-el-oido\/"]}]},{"@type":"BreadcrumbList","@id":"https:\/\/magdalenagrande.com\/blog\/reconexion-de-los-sentidos-el-oido\/#breadcrumb","itemListElement":[{"@type":"ListItem","position":1,"name":"Portada","item":"https:\/\/magdalenagrande.com\/blog\/"},{"@type":"ListItem","position":2,"name":"Reconexi\u00f3n de los sentidos: el o\u00eddo"}]},{"@type":"Person","@id":"https:\/\/magdalenagrande.com\/blog\/#\/schema\/person\/f8460fd9e22f0d0d09ef55ae7a4f6791","name":"magdalena_grande"}]}},"_links":{"self":[{"href":"https:\/\/magdalenagrande.com\/blog\/wp-json\/wp\/v2\/posts\/648","targetHints":{"allow":["GET"]}}],"collection":[{"href":"https:\/\/magdalenagrande.com\/blog\/wp-json\/wp\/v2\/posts"}],"about":[{"href":"https:\/\/magdalenagrande.com\/blog\/wp-json\/wp\/v2\/types\/post"}],"author":[{"embeddable":true,"href":"https:\/\/magdalenagrande.com\/blog\/wp-json\/wp\/v2\/users\/1"}],"replies":[{"embeddable":true,"href":"https:\/\/magdalenagrande.com\/blog\/wp-json\/wp\/v2\/comments?post=648"}],"version-history":[{"count":1,"href":"https:\/\/magdalenagrande.com\/blog\/wp-json\/wp\/v2\/posts\/648\/revisions"}],"predecessor-version":[{"id":649,"href":"https:\/\/magdalenagrande.com\/blog\/wp-json\/wp\/v2\/posts\/648\/revisions\/649"}],"wp:attachment":[{"href":"https:\/\/magdalenagrande.com\/blog\/wp-json\/wp\/v2\/media?parent=648"}],"wp:term":[{"taxonomy":"category","embeddable":true,"href":"https:\/\/magdalenagrande.com\/blog\/wp-json\/wp\/v2\/categories?post=648"},{"taxonomy":"post_tag","embeddable":true,"href":"https:\/\/magdalenagrande.com\/blog\/wp-json\/wp\/v2\/tags?post=648"}],"curies":[{"name":"wp","href":"https:\/\/api.w.org\/{rel}","templated":true}]}}