{"id":735,"date":"2022-02-07T21:28:29","date_gmt":"2022-02-07T21:28:29","guid":{"rendered":"https:\/\/magdalenagrande.com\/blog\/?p=735"},"modified":"2022-02-07T21:28:48","modified_gmt":"2022-02-07T21:28:48","slug":"pertenecer","status":"publish","type":"post","link":"https:\/\/magdalenagrande.com\/blog\/pertenecer\/","title":{"rendered":"Pertenecer"},"content":{"rendered":"\n<p>Pertenezco a este mismo momento, a esta respiraci\u00f3n, a este silencio.<\/p>\n\n\n\n<p>Pertenezco a estas cuatro paredes que hemos formado como un hogar, a este olor a casa.<\/p>\n\n\n\n<p>Pertenezco a la familia, la que est\u00e1, la que te brinda los brazos y los abrazos.<\/p>\n\n\n\n<p>Pertenezco a quienes se fueron, d\u00e1ndolo todo, haciendo que la vida tuviera sentido.<\/p>\n\n\n\n<p>Pertenezco a este trabajo que he elegido y en el que me he formado, a la paz que me brinda.<\/p>\n\n\n\n<p>Pertenezco a mi misi\u00f3n, a todas ellas.<\/p>\n\n\n\n<p>Pertenezco a este cuerpo que habito, que a veces se me queda grande y otras peque\u00f1o y me hace sentir un poco como Alicia.<\/p>\n\n\n\n<p>Pertenezco a mi pasado, a cada uno de los recuerdos y no recuerdos que atesoro, porque todos ellos formaron mi yo presente.<\/p>\n\n\n\n<p>Pertenezco a un grupo de almas con las que puedo ser yo.<\/p>\n\n\n\n<p>Pertenezco a mis emociones, que me gu\u00edan y me ense\u00f1an el camino y con las que aprendo por d\u00f3nde s\u00ed&#8230; y por d\u00f3nde no.<\/p>\n\n\n\n<p>Pertenezco a todo ello y, en realidad, \u00bfsabes qu\u00e9? Que no pertenezco a nada.<\/p>\n\n\n\n<p>\u00bfA qu\u00e9 perteneces o no perteneces?<\/p>\n\n\n\n<p>#nopertenezcoanada #ysihayqueperteneceraalgo #perteneceralamor #altasensibilidad #personasaltamentesensibles #sensibilidadconsciente #PAS #teacompa\u00f1o #consultaonline #terapiaonline #magdalenagrande <\/p>\n\n\n\n<figure class=\"wp-block-image size-large\"><img loading=\"lazy\" decoding=\"async\" width=\"1024\" height=\"1019\" src=\"https:\/\/magdalenagrande.com\/blog\/wp-content\/uploads\/2022\/02\/image_editor_output_image-163733823-1644269290387-1024x1019.jpg\" alt=\"\" class=\"wp-image-734\" srcset=\"https:\/\/magdalenagrande.com\/blog\/wp-content\/uploads\/2022\/02\/image_editor_output_image-163733823-1644269290387-1024x1019.jpg 1024w, https:\/\/magdalenagrande.com\/blog\/wp-content\/uploads\/2022\/02\/image_editor_output_image-163733823-1644269290387-300x300.jpg 300w, https:\/\/magdalenagrande.com\/blog\/wp-content\/uploads\/2022\/02\/image_editor_output_image-163733823-1644269290387-150x150.jpg 150w, https:\/\/magdalenagrande.com\/blog\/wp-content\/uploads\/2022\/02\/image_editor_output_image-163733823-1644269290387-768x764.jpg 768w, https:\/\/magdalenagrande.com\/blog\/wp-content\/uploads\/2022\/02\/image_editor_output_image-163733823-1644269290387.jpg 1072w\" sizes=\"auto, (max-width: 1024px) 100vw, 1024px\" \/><\/figure>\n","protected":false},"excerpt":{"rendered":"<p>Pertenezco a este mismo momento, a esta respiraci\u00f3n, a este silencio. Pertenezco a estas cuatro paredes que hemos formado como un hogar, a este olor a casa. Pertenezco a la familia, la que est\u00e1, la que te brinda los brazos y los abrazos. Pertenezco a quienes se fueron, d\u00e1ndolo todo, haciendo que la vida tuviera [&hellip;]<\/p>\n","protected":false},"author":1,"featured_media":0,"comment_status":"closed","ping_status":"closed","sticky":false,"template":"","format":"standard","meta":{"sfsi_plus_gutenberg_text_before_share":"","sfsi_plus_gutenberg_show_text_before_share":"","sfsi_plus_gutenberg_icon_type":"","sfsi_plus_gutenberg_icon_alignemt":"","sfsi_plus_gutenburg_max_per_row":"","footnotes":""},"categories":[76],"tags":[60,26],"class_list":["post-735","post","type-post","status-publish","format-standard","hentry","category-palabras-consciencia","tag-alta-sensiblidad","tag-emociones"],"yoast_head":"<!-- This site is optimized with the Yoast SEO plugin v17.0 - https:\/\/yoast.com\/wordpress\/plugins\/seo\/ -->\n<title>Pertenecer - Blog de Magdalena Grande<\/title>\n<meta name=\"robots\" content=\"index, follow, max-snippet:-1, max-image-preview:large, max-video-preview:-1\" \/>\n<link rel=\"canonical\" href=\"https:\/\/magdalenagrande.com\/blog\/pertenecer\/\" \/>\n<meta property=\"og:locale\" content=\"es_ES\" \/>\n<meta property=\"og:type\" content=\"article\" \/>\n<meta property=\"og:title\" content=\"Pertenecer - Blog de Magdalena Grande\" \/>\n<meta property=\"og:description\" content=\"Pertenezco a este mismo momento, a esta respiraci\u00f3n, a este silencio. Pertenezco a estas cuatro paredes que hemos formado como un hogar, a este olor a casa. Pertenezco a la familia, la que est\u00e1, la que te brinda los brazos y los abrazos. Pertenezco a quienes se fueron, d\u00e1ndolo todo, haciendo que la vida tuviera [&hellip;]\" \/>\n<meta property=\"og:url\" content=\"https:\/\/magdalenagrande.com\/blog\/pertenecer\/\" \/>\n<meta property=\"og:site_name\" content=\"Blog de Magdalena Grande\" \/>\n<meta property=\"article:published_time\" content=\"2022-02-07T21:28:29+00:00\" \/>\n<meta property=\"article:modified_time\" content=\"2022-02-07T21:28:48+00:00\" \/>\n<meta property=\"og:image\" content=\"https:\/\/magdalenagrande.com\/blog\/wp-content\/uploads\/2022\/02\/image_editor_output_image-163733823-1644269290387-1024x1019.jpg\" \/>\n<meta name=\"twitter:card\" content=\"summary\" \/>\n<meta name=\"twitter:label1\" content=\"Escrito por\" \/>\n\t<meta name=\"twitter:data1\" content=\"magdalena_grande\" \/>\n\t<meta name=\"twitter:label2\" content=\"Tiempo de lectura\" \/>\n\t<meta name=\"twitter:data2\" content=\"1 minuto\" \/>\n<script type=\"application\/ld+json\" class=\"yoast-schema-graph\">{\"@context\":\"https:\/\/schema.org\",\"@graph\":[{\"@type\":\"WebSite\",\"@id\":\"https:\/\/magdalenagrande.com\/blog\/#website\",\"url\":\"https:\/\/magdalenagrande.com\/blog\/\",\"name\":\"Blog de Magdalena Grande\",\"description\":\"Crecimiento personal, alta sensibilidad y educaci\\u00f3n emocional\",\"potentialAction\":[{\"@type\":\"SearchAction\",\"target\":{\"@type\":\"EntryPoint\",\"urlTemplate\":\"https:\/\/magdalenagrande.com\/blog\/?s={search_term_string}\"},\"query-input\":\"required name=search_term_string\"}],\"inLanguage\":\"es\"},{\"@type\":\"ImageObject\",\"@id\":\"https:\/\/magdalenagrande.com\/blog\/pertenecer\/#primaryimage\",\"inLanguage\":\"es\",\"url\":\"https:\/\/magdalenagrande.com\/blog\/wp-content\/uploads\/2022\/02\/image_editor_output_image-163733823-1644269290387.jpg\",\"contentUrl\":\"https:\/\/magdalenagrande.com\/blog\/wp-content\/uploads\/2022\/02\/image_editor_output_image-163733823-1644269290387.jpg\",\"width\":1072,\"height\":1067},{\"@type\":\"WebPage\",\"@id\":\"https:\/\/magdalenagrande.com\/blog\/pertenecer\/#webpage\",\"url\":\"https:\/\/magdalenagrande.com\/blog\/pertenecer\/\",\"name\":\"Pertenecer - Blog de Magdalena Grande\",\"isPartOf\":{\"@id\":\"https:\/\/magdalenagrande.com\/blog\/#website\"},\"primaryImageOfPage\":{\"@id\":\"https:\/\/magdalenagrande.com\/blog\/pertenecer\/#primaryimage\"},\"datePublished\":\"2022-02-07T21:28:29+00:00\",\"dateModified\":\"2022-02-07T21:28:48+00:00\",\"author\":{\"@id\":\"https:\/\/magdalenagrande.com\/blog\/#\/schema\/person\/f8460fd9e22f0d0d09ef55ae7a4f6791\"},\"breadcrumb\":{\"@id\":\"https:\/\/magdalenagrande.com\/blog\/pertenecer\/#breadcrumb\"},\"inLanguage\":\"es\",\"potentialAction\":[{\"@type\":\"ReadAction\",\"target\":[\"https:\/\/magdalenagrande.com\/blog\/pertenecer\/\"]}]},{\"@type\":\"BreadcrumbList\",\"@id\":\"https:\/\/magdalenagrande.com\/blog\/pertenecer\/#breadcrumb\",\"itemListElement\":[{\"@type\":\"ListItem\",\"position\":1,\"name\":\"Portada\",\"item\":\"https:\/\/magdalenagrande.com\/blog\/\"},{\"@type\":\"ListItem\",\"position\":2,\"name\":\"Pertenecer\"}]},{\"@type\":\"Person\",\"@id\":\"https:\/\/magdalenagrande.com\/blog\/#\/schema\/person\/f8460fd9e22f0d0d09ef55ae7a4f6791\",\"name\":\"magdalena_grande\"}]}<\/script>\n<!-- \/ Yoast SEO plugin. -->","yoast_head_json":{"title":"Pertenecer - Blog de Magdalena Grande","robots":{"index":"index","follow":"follow","max-snippet":"max-snippet:-1","max-image-preview":"max-image-preview:large","max-video-preview":"max-video-preview:-1"},"canonical":"https:\/\/magdalenagrande.com\/blog\/pertenecer\/","og_locale":"es_ES","og_type":"article","og_title":"Pertenecer - Blog de Magdalena Grande","og_description":"Pertenezco a este mismo momento, a esta respiraci\u00f3n, a este silencio. Pertenezco a estas cuatro paredes que hemos formado como un hogar, a este olor a casa. Pertenezco a la familia, la que est\u00e1, la que te brinda los brazos y los abrazos. Pertenezco a quienes se fueron, d\u00e1ndolo todo, haciendo que la vida tuviera [&hellip;]","og_url":"https:\/\/magdalenagrande.com\/blog\/pertenecer\/","og_site_name":"Blog de Magdalena Grande","article_published_time":"2022-02-07T21:28:29+00:00","article_modified_time":"2022-02-07T21:28:48+00:00","og_image":[{"url":"https:\/\/magdalenagrande.com\/blog\/wp-content\/uploads\/2022\/02\/image_editor_output_image-163733823-1644269290387-1024x1019.jpg"}],"twitter_card":"summary","twitter_misc":{"Escrito por":"magdalena_grande","Tiempo de lectura":"1 minuto"},"schema":{"@context":"https:\/\/schema.org","@graph":[{"@type":"WebSite","@id":"https:\/\/magdalenagrande.com\/blog\/#website","url":"https:\/\/magdalenagrande.com\/blog\/","name":"Blog de Magdalena Grande","description":"Crecimiento personal, alta sensibilidad y educaci\u00f3n emocional","potentialAction":[{"@type":"SearchAction","target":{"@type":"EntryPoint","urlTemplate":"https:\/\/magdalenagrande.com\/blog\/?s={search_term_string}"},"query-input":"required name=search_term_string"}],"inLanguage":"es"},{"@type":"ImageObject","@id":"https:\/\/magdalenagrande.com\/blog\/pertenecer\/#primaryimage","inLanguage":"es","url":"https:\/\/magdalenagrande.com\/blog\/wp-content\/uploads\/2022\/02\/image_editor_output_image-163733823-1644269290387.jpg","contentUrl":"https:\/\/magdalenagrande.com\/blog\/wp-content\/uploads\/2022\/02\/image_editor_output_image-163733823-1644269290387.jpg","width":1072,"height":1067},{"@type":"WebPage","@id":"https:\/\/magdalenagrande.com\/blog\/pertenecer\/#webpage","url":"https:\/\/magdalenagrande.com\/blog\/pertenecer\/","name":"Pertenecer - Blog de Magdalena Grande","isPartOf":{"@id":"https:\/\/magdalenagrande.com\/blog\/#website"},"primaryImageOfPage":{"@id":"https:\/\/magdalenagrande.com\/blog\/pertenecer\/#primaryimage"},"datePublished":"2022-02-07T21:28:29+00:00","dateModified":"2022-02-07T21:28:48+00:00","author":{"@id":"https:\/\/magdalenagrande.com\/blog\/#\/schema\/person\/f8460fd9e22f0d0d09ef55ae7a4f6791"},"breadcrumb":{"@id":"https:\/\/magdalenagrande.com\/blog\/pertenecer\/#breadcrumb"},"inLanguage":"es","potentialAction":[{"@type":"ReadAction","target":["https:\/\/magdalenagrande.com\/blog\/pertenecer\/"]}]},{"@type":"BreadcrumbList","@id":"https:\/\/magdalenagrande.com\/blog\/pertenecer\/#breadcrumb","itemListElement":[{"@type":"ListItem","position":1,"name":"Portada","item":"https:\/\/magdalenagrande.com\/blog\/"},{"@type":"ListItem","position":2,"name":"Pertenecer"}]},{"@type":"Person","@id":"https:\/\/magdalenagrande.com\/blog\/#\/schema\/person\/f8460fd9e22f0d0d09ef55ae7a4f6791","name":"magdalena_grande"}]}},"_links":{"self":[{"href":"https:\/\/magdalenagrande.com\/blog\/wp-json\/wp\/v2\/posts\/735","targetHints":{"allow":["GET"]}}],"collection":[{"href":"https:\/\/magdalenagrande.com\/blog\/wp-json\/wp\/v2\/posts"}],"about":[{"href":"https:\/\/magdalenagrande.com\/blog\/wp-json\/wp\/v2\/types\/post"}],"author":[{"embeddable":true,"href":"https:\/\/magdalenagrande.com\/blog\/wp-json\/wp\/v2\/users\/1"}],"replies":[{"embeddable":true,"href":"https:\/\/magdalenagrande.com\/blog\/wp-json\/wp\/v2\/comments?post=735"}],"version-history":[{"count":1,"href":"https:\/\/magdalenagrande.com\/blog\/wp-json\/wp\/v2\/posts\/735\/revisions"}],"predecessor-version":[{"id":736,"href":"https:\/\/magdalenagrande.com\/blog\/wp-json\/wp\/v2\/posts\/735\/revisions\/736"}],"wp:attachment":[{"href":"https:\/\/magdalenagrande.com\/blog\/wp-json\/wp\/v2\/media?parent=735"}],"wp:term":[{"taxonomy":"category","embeddable":true,"href":"https:\/\/magdalenagrande.com\/blog\/wp-json\/wp\/v2\/categories?post=735"},{"taxonomy":"post_tag","embeddable":true,"href":"https:\/\/magdalenagrande.com\/blog\/wp-json\/wp\/v2\/tags?post=735"}],"curies":[{"name":"wp","href":"https:\/\/api.w.org\/{rel}","templated":true}]}}